{"id":3158,"date":"2014-12-14T22:40:00","date_gmt":"2014-12-14T22:40:00","guid":{"rendered":"https:\/\/www.bfv.cloud\/ajedrezeuropa\/index.php\/2014\/12\/14\/campeones-por-equipos\/"},"modified":"2025-11-20T10:57:26","modified_gmt":"2025-11-20T10:57:26","slug":"campeones-por-equipos","status":"publish","type":"post","link":"https:\/\/www.bfv.cloud\/ajedrezeuropa\/campeones-por-equipos\/","title":{"rendered":"\u00a1\u00a1CAMPEONES POR EQUIPOS!!"},"content":{"rendered":"<table align=\"center\" cellpadding=\"0\" cellspacing=\"0\" class=\"tr-caption-container\" style=\"margin-left: auto;margin-right: auto;text-align: center\">\n<tbody>\n<tr>\n<td style=\"text-align: center\"><a href=\"https:\/\/www.bfv.cloud\/ajedrezeuropa\/wp-content\/uploads\/2014\/12\/SAM_1309.jpg\" style=\"margin-left: auto;margin-right: auto\"><img fetchpriority=\"high\" decoding=\"async\" border=\"0\" src=\"https:\/\/www.bfv.cloud\/ajedrezeuropa\/wp-content\/uploads\/2014\/12\/SAM_1309.jpg\" height=\"358\" width=\"640\" \/><\/a><\/td>\n<\/tr>\n<tr>\n<td class=\"tr-caption\" style=\"text-align: center\">\u00a1\u00a1CAMPEONES DE TOLEDO POR EQUIPOS!!<br \/>MUCHAS GRACIAS A TODOS POR VUESTRO ESFUERZO<\/td>\n<\/tr>\n<\/tbody>\n<\/table>\n<div style=\"text-align: center\">\n<span style=\"font-family: Georgia, Times New Roman, serif\"><b><u>NUESTRO AJEDREZ EN EUROPA-A VENCE EN EL&nbsp;<\/u><\/b><\/span><\/div>\n<div style=\"text-align: center\">\n<span style=\"font-family: Georgia, Times New Roman, serif\"><b><u>CAMPEONATO PROVINCIAL POR EQUIPOS DE 1\u00aa DIVISI\u00d3N DE TOLEDO<\/u><\/b><\/span><\/div>\n<div style=\"text-align: left\">\n<span style=\"font-family: Georgia, Times New Roman, serif\"><b>El comienzo de la temporada 2015 no ha podido ser mejor. El equipo absoluto de \u00abNUESTRO AJEDREZ EN EUROPA\u00bb se ha proclamado campe\u00f3n provincial de Toledo tras lograr 21 puntos, aventajando en nada menos que 3 puntos al 2\u00ba y 3er. clasificados, en una ronda final absolutamente magn\u00edfica en la que el \u00abB\u00bb de \u00abEUROPA\u00bb se impon\u00eda con enorme claridad (3-1) al que hasta entonces hab\u00eda sido el rival directo por el t\u00edtulo para sus compa\u00f1eros del \u00abA\u00bb, COORDINADORA-A de TOLEDO. El t\u00edtulo de campe\u00f3n por equipos de la categor\u00eda absoluta de 1\u00aa divisi\u00f3n es la primera vez que ha sido conseguido por uno de nuestros clubes, y pone fin a la indiscutible hegemon\u00eda que a lo largo de la \u00faltima d\u00e9cada ven\u00eda manteniendo el CLUB DE AJEDREZ TALAVERA en este campeonato.&nbsp;<\/p>\n<table cellpadding=\"0\" cellspacing=\"0\" class=\"tr-caption-container\" style=\"float: left;margin-right: 1em;text-align: left\">\n<tbody>\n<tr>\n<td style=\"text-align: center\"><a href=\"https:\/\/www.bfv.cloud\/ajedrezeuropa\/wp-content\/uploads\/2014\/12\/SAM_1314.jpg\" style=\"clear: left;margin-bottom: 1em;margin-left: auto;margin-right: auto\"><img decoding=\"async\" border=\"0\" src=\"https:\/\/www.bfv.cloud\/ajedrezeuropa\/wp-content\/uploads\/2014\/12\/SAM_1314.jpg\" height=\"197\" width=\"320\" \/><\/a><\/td>\n<\/tr>\n<tr>\n<td class=\"tr-caption\" style=\"text-align: center\">Un equipo fiel a nuestro proyecto. <br \/>\u00a1\u00a1Gracias por&nbsp;este t\u00edtulo a los&nbsp;6 jugadores que han<br \/>llevado nuestro nombre hasta la cima<br \/>del ajedrez provincial!!<\/td>\n<\/tr>\n<\/tbody>\n<\/table>\n<p><\/b><\/span><\/div>\n<div style=\"text-align: left\">\n<span style=\"font-family: Georgia, Times New Roman, serif\"><b><br \/><\/b><\/span><\/div>\n<table cellpadding=\"0\" cellspacing=\"0\" class=\"tr-caption-container\" style=\"float: right;margin-left: 1em;text-align: right\">\n<tbody>\n<tr>\n<td style=\"text-align: center\"><a href=\"https:\/\/www.bfv.cloud\/ajedrezeuropa\/wp-content\/uploads\/2014\/12\/SAM_1325.jpg\" style=\"clear: right;margin-bottom: 1em;margin-left: auto;margin-right: auto\"><img decoding=\"async\" border=\"0\" src=\"https:\/\/www.bfv.cloud\/ajedrezeuropa\/wp-content\/uploads\/2014\/12\/SAM_1325.jpg\" height=\"320\" width=\"240\" \/><\/a><\/td>\n<\/tr>\n<tr>\n<td class=\"tr-caption\" style=\"text-align: center\">Los trofeos conseguidos hoy en Toledo, <br \/>al calor&nbsp;de una ilusi\u00f3n<\/td>\n<\/tr>\n<\/tbody>\n<\/table>\n<div style=\"text-align: center\">\n<span style=\"font-family: Georgia, Times New Roman, serif\"><b><u><br \/><\/u><\/b><\/span><\/div>\n<div style=\"text-align: center\">\n<span style=\"font-family: Georgia, Times New Roman, serif\"><b><u><br \/><\/u><\/b><\/span><\/div>\n<div style=\"text-align: center\">\n<span style=\"font-family: Georgia, Times New Roman, serif\"><b><u><br \/><\/u><\/b><\/span><\/div>\n<div style=\"text-align: center\">\n<span style=\"font-family: Georgia, Times New Roman, serif\"><b><u><br \/><\/u><\/b><\/span><\/div>\n<div style=\"text-align: center\">\n<span style=\"font-family: Georgia, Times New Roman, serif\"><b><u><br \/><\/u><\/b><\/span><\/div>\n<div style=\"text-align: center\">\n<span style=\"font-family: Georgia, Times New Roman, serif\"><b><u><br \/><\/u><\/b><\/span><\/div>\n<div style=\"text-align: center\">\n<span style=\"font-family: Georgia, Times New Roman, serif\"><b><u><br \/><\/u><\/b><\/span><\/div>\n<div style=\"text-align: center\">\n<span style=\"font-family: Georgia, Times New Roman, serif\"><b><u><br \/><\/u><\/b><\/span><\/div>\n<div style=\"text-align: center\">\n<span style=\"font-family: Georgia, Times New Roman, serif\"><b><u><br \/><\/u><\/b><\/span><\/div>\n<div style=\"text-align: center\">\n<span style=\"font-family: Georgia, Times New Roman, serif\"><b><u><br \/><\/u><\/b><\/span><\/div>\n<div style=\"text-align: center\">\n<span style=\"font-family: Georgia, Times New Roman, serif\"><b><u><br \/><\/u><\/b><\/span><\/div>\n<div style=\"text-align: center\">\n<span style=\"font-family: Georgia, Times New Roman, serif\"><b><u><br \/><\/u><\/b><\/span><\/div>\n<div style=\"text-align: center\">\n<span style=\"font-family: Georgia, Times New Roman, serif\"><b><u><br \/><\/u><\/b><\/span><\/div>\n<div style=\"text-align: center\">\n<span style=\"font-family: Georgia, Times New Roman, serif\"><b><u><br \/><\/u><\/b><\/span><\/div>\n<div style=\"text-align: center\">\n<span style=\"font-family: Georgia, Times New Roman, serif\"><b><u><br \/><\/u><\/b><\/span><\/div>\n<div style=\"text-align: center\">\n<span style=\"font-family: Georgia, Times New Roman, serif\"><b><u><br \/><\/u><\/b><\/span><\/div>\n<div style=\"text-align: center\">\n<b style=\"font-family: Georgia, 'Times New Roman', serif\"><u>MANTENIENDO NUESTRAS SE\u00d1AS DE IDENTIDAD<\/u><\/b><\/div>\n<div style=\"text-align: left\">\n<span style=\"font-family: Georgia, Times New Roman, serif\"><b>Con absoluta fidelidad a las se\u00f1as de identidad de nuestro proyecto, es decir, confiando al cien por cien en los jugadores formados en nuestras escuelas de ajedrez de Alc\u00e1zar y de Villafranca en el transcurso de los a\u00f1os, el equipo formado por: Santiago Talavera Garc\u00eda, Isaac Lozano Osorio, Daniel P\u00edriz Fern\u00e1ndez, Carlos \u00c1lvarez Serrano, Jorge Sim\u00f3n Escalona y Luis Miguel Monreal Bejarano, venc\u00eda y convenc\u00eda gracias a su juego y resultados. La aportaci\u00f3n de los 6 jugadores ha sido lo que ha fundamentado una victoria ejemplar y mod\u00e9lica, que nos llevar\u00e1 al Campeonato de Castilla-La Mancha por Equipos con el \u00e9xito alcanzado en Toledo y la esperanza de las nuevas metas por conquistar.<\/b><\/span><\/div>\n<div style=\"text-align: left\">\n<span style=\"font-family: Georgia, Times New Roman, serif\"><b><br \/><\/b><\/span><\/div>\n<div style=\"text-align: center\">\n<span style=\"font-family: Georgia, Times New Roman, serif\"><b><u>LA LUCHA DE &nbsp;NUESTROS OTROS &nbsp;3 EQUIPOS EN LA 1\u00aa DIVISI\u00d3N &#8230;<\/u><\/b><\/span><\/div>\n<table align=\"center\" cellpadding=\"0\" cellspacing=\"0\" class=\"tr-caption-container\" style=\"margin-left: auto;margin-right: auto;text-align: center\">\n<tbody>\n<tr>\n<td style=\"text-align: center\"><a href=\"https:\/\/www.bfv.cloud\/ajedrezeuropa\/wp-content\/uploads\/2014\/12\/SAM_1296.jpg\" style=\"margin-left: auto;margin-right: auto\"><img loading=\"lazy\" decoding=\"async\" border=\"0\" src=\"https:\/\/www.bfv.cloud\/ajedrezeuropa\/wp-content\/uploads\/2014\/12\/SAM_1296.jpg\" height=\"552\" width=\"640\" \/><\/a><\/td>\n<\/tr>\n<tr>\n<td class=\"tr-caption\" style=\"text-align: center\">El \u00abB\u00bb de \u00abNUESTRO AJEDREZ EN EUROPA\u00bb se uni\u00f3 a sus compa\u00f1eros del \u00abA\u00bb para ser los \u00fanicos<br \/>&nbsp;que vencieron al&nbsp;\u00abClub Coordinadora-A de Toledo\u00bb durante todo el campeonato<\/td>\n<\/tr>\n<\/tbody>\n<\/table>\n<div style=\"text-align: left\">\n<span style=\"font-family: Georgia, Times New Roman, serif\"><b>El equipo de \u00abNUESTRO AJEDREZ EN EUROPA-B\u00bb, sigue demostrando su clara progresi\u00f3n y su \u00e1nimo por entrar en la lucha por los 3 primeros puestos de la 1\u00aa divisi\u00f3n toledana. En esta ocasi\u00f3n, sus 13,5 puntos le llevan a la 7\u00aa posici\u00f3n de la clasificaci\u00f3n final y le acercan a los clubes candidatos para la competici\u00f3n de 2016. El grupo compuesto por: Javier Valdepe\u00f1as, Leo de Giorgi, Jes\u00fas M\u00aa Bricio, Irene Sim\u00f3n, Silvia Toribio y Roberto L\u00f3pez, forman la base de esta formaci\u00f3n coincidente en 4 de sus jugadores con los integrantes del sub-16 que tan brillantemente nos ha representado en el CECLUB SUB-16 de este a\u00f1o.<\/b><\/span><\/div>\n<div style=\"text-align: left\">\n<span style=\"font-family: Georgia, Times New Roman, serif\"><b>Por otra parte, y a pesar de que los 2 equipos de \u00abNUESTRO AJEDREZ POR LA IGUALDAD\u00bb no han obtenido unos buenos resultados, han finalizado en los puestos 10\u00ba y 11\u00ba con 10 puntos el \u00abA\u00bb y 5 el \u00abB\u00bb, nos felicitamos de la excelente noticia del proceso positivo de recuperaci\u00f3n de Fernando Visier Segovia. El MF Fernando Visier es uno de los colaboradores en las actividades formativas del proyecto y era la incorporaci\u00f3n m\u00e1s importante que pretendimos realizar a esta competici\u00f3n por equipos dentro de la formaci\u00f3n \u00abA\u00bb de la \u00abIGUALDAD\u00bb, pero el proceso postoperatorio no nos ha permitido contar con su presencia y juego. Vaya desde aqu\u00ed un saludo para \u00e9l.<\/b><\/span><\/div>\n<div style=\"text-align: left\">\n<span style=\"font-family: Georgia, Times New Roman, serif\"><b><br \/><\/b><\/span><\/div>\n<div style=\"text-align: center\">\n<span style=\"font-family: Georgia, Times New Roman, serif\"><b><u>&#8230; Y EL SUBCAMPEONATO EN EL&nbsp;<\/u><\/b><\/span><\/div>\n<div style=\"text-align: center\">\n<span style=\"font-family: Georgia, Times New Roman, serif\"><b><u>CAMPEONATO DE PROMOCI\u00d3N DEPORTIVA DE TOLEDO<\/u><\/b><\/span><\/div>\n<div style=\"text-align: left\">\n<span style=\"font-family: Georgia, Times New Roman, serif\"><b>La antigua 2\u00aa divisi\u00f3n provincial, ahora titulada \u00abPromoci\u00f3n Deportiva\u00bb, tambi\u00e9n puso punto y final a su competici\u00f3n valedera para la temporada 2015, con una sobresaliente actuaci\u00f3n de los 2 equipos de jovenc\u00edsimos jugadores que hemos tenido incluidos en ella. \u00abNUESTRO AJEDREZ EN EUROPA-C\u00bb formado por: Julio M\u00e9rida Ortiz, Arturo Mate Mart\u00edn, Marta Espinosa Gil, Roberto L\u00f3pez N\u00fa\u00f1ez, Alfredo Amador And\u00fajar, \u00d3scar Roncero Gonz\u00e1lez y \u00c1lvaro Alberca Ortuno, han logrado la medalla de plata del campeonato tras vencer en 5 de sus enfrentamientos y perder uno solo de ellos y por la m\u00ednima diferencia.<\/p>\n<table align=\"center\" cellpadding=\"0\" cellspacing=\"0\" class=\"tr-caption-container\" style=\"margin-left: auto;margin-right: auto;text-align: center\">\n<tbody>\n<tr>\n<td style=\"text-align: center\"><a href=\"https:\/\/www.bfv.cloud\/ajedrezeuropa\/wp-content\/uploads\/2014\/12\/SAM_1318.jpg\" style=\"margin-left: auto;margin-right: auto\"><img loading=\"lazy\" decoding=\"async\" border=\"0\" src=\"https:\/\/www.bfv.cloud\/ajedrezeuropa\/wp-content\/uploads\/2014\/12\/SAM_1318.jpg\" height=\"416\" width=\"640\" \/><\/a><\/td>\n<\/tr>\n<tr>\n<td class=\"tr-caption\" style=\"text-align: center\">Los 5 jugadores del equipo \u00abC\u00bb de \u00abNUESTRO AJEDREZ EN EUROPA\u00bb <br \/>que han asistido a esta \u00faltima jornada&nbsp;son las nuevas incorporaciones <br \/>con las que cuenta la formaci\u00f3n de categor\u00eda SUB-16 de este club.<\/td>\n<\/tr>\n<\/tbody>\n<\/table>\n<p><\/b><\/span><\/div>\n<div style=\"text-align: left\">\n<span style=\"font-family: Georgia, Times New Roman, serif\"><b>Los chicos y chicas de menor edad se han agrupado en el \u00abC\u00bb de \u00abNUESTRO AJEDREZ POR LA IGUALDAD\u00bb y tras sumar 2 victorias, 1 empate y 3 derrotas, han ocupado la 9\u00aa posici\u00f3n final. Estos peque\u00f1os y prometedores ajedrecistas de nuestras escuelas son los llamados a encabezar el SUB-16 de la \u00abIGUALDAD\u00bb en los campeonatos de 2015. Isabel Marcos-Alberca, Enrique Velasco, Alonso L\u00f3pez, Gabriel Amador, Julia Meza, Nuria Lozano y Juan Francisco Mar\u00edn, son los nombres de estos jovenc\u00edsimos valores. Mucho \u00e1nimo para todos ellos en una temporada que promete ser una de las m\u00e1s apasionantes de las \u00faltimas celebradas.<\/b><\/span><\/div>\n<table align=\"center\" cellpadding=\"0\" cellspacing=\"0\" class=\"tr-caption-container\" style=\"margin-left: auto;margin-right: auto;text-align: center\">\n<tbody>\n<tr>\n<td style=\"text-align: center\"><a href=\"https:\/\/www.bfv.cloud\/ajedrezeuropa\/wp-content\/uploads\/2014\/12\/SAM_1302.jpg\" style=\"margin-left: auto;margin-right: auto\"><img loading=\"lazy\" decoding=\"async\" border=\"0\" src=\"https:\/\/www.bfv.cloud\/ajedrezeuropa\/wp-content\/uploads\/2014\/12\/SAM_1302.jpg\" height=\"404\" width=\"640\" \/><\/a><\/td>\n<\/tr>\n<tr>\n<td class=\"tr-caption\" style=\"text-align: center\">Alonso, Gabriel, Nuria y Juanfran<\/td>\n<\/tr>\n<\/tbody>\n<\/table>\n<div style=\"text-align: left\">\n<span style=\"font-family: Georgia, Times New Roman, serif\"><b><br \/><\/b><\/span><\/div>\n","protected":false},"excerpt":{"rendered":"<p>\u00a1\u00a1CAMPEONES DE TOLEDO POR EQUIPOS!!MUCHAS GRACIAS A TODOS POR VUESTRO ESFUERZO NUESTRO AJEDREZ EN EUROPA-A VENCE EN EL&nbsp; CAMPEONATO PROVINCIAL POR EQUIPOS DE 1\u00aa DIVISI\u00d3N DE TOLEDO El comienzo de la temporada 2015 no ha podido ser mejor. El equipo absoluto de \u00abNUESTRO AJEDREZ EN EUROPA\u00bb se ha proclamado campe\u00f3n provincial de Toledo tras lograr [&hellip;]<\/p>\n","protected":false},"author":1,"featured_media":3159,"comment_status":"open","ping_status":"closed","sticky":false,"template":"","format":"standard","meta":{"footnotes":""},"categories":[1],"tags":[],"class_list":["post-3158","post","type-post","status-publish","format-standard","has-post-thumbnail","hentry","category-noticias"],"_links":{"self":[{"href":"https:\/\/www.bfv.cloud\/ajedrezeuropa\/wp-json\/wp\/v2\/posts\/3158","targetHints":{"allow":["GET"]}}],"collection":[{"href":"https:\/\/www.bfv.cloud\/ajedrezeuropa\/wp-json\/wp\/v2\/posts"}],"about":[{"href":"https:\/\/www.bfv.cloud\/ajedrezeuropa\/wp-json\/wp\/v2\/types\/post"}],"author":[{"embeddable":true,"href":"https:\/\/www.bfv.cloud\/ajedrezeuropa\/wp-json\/wp\/v2\/users\/1"}],"replies":[{"embeddable":true,"href":"https:\/\/www.bfv.cloud\/ajedrezeuropa\/wp-json\/wp\/v2\/comments?post=3158"}],"version-history":[{"count":1,"href":"https:\/\/www.bfv.cloud\/ajedrezeuropa\/wp-json\/wp\/v2\/posts\/3158\/revisions"}],"predecessor-version":[{"id":3165,"href":"https:\/\/www.bfv.cloud\/ajedrezeuropa\/wp-json\/wp\/v2\/posts\/3158\/revisions\/3165"}],"wp:featuredmedia":[{"embeddable":true,"href":"https:\/\/www.bfv.cloud\/ajedrezeuropa\/wp-json\/wp\/v2\/media\/3159"}],"wp:attachment":[{"href":"https:\/\/www.bfv.cloud\/ajedrezeuropa\/wp-json\/wp\/v2\/media?parent=3158"}],"wp:term":[{"taxonomy":"category","embeddable":true,"href":"https:\/\/www.bfv.cloud\/ajedrezeuropa\/wp-json\/wp\/v2\/categories?post=3158"},{"taxonomy":"post_tag","embeddable":true,"href":"https:\/\/www.bfv.cloud\/ajedrezeuropa\/wp-json\/wp\/v2\/tags?post=3158"}],"curies":[{"name":"wp","href":"https:\/\/api.w.org\/{rel}","templated":true}]}}