{"id":316,"date":"2015-08-09T11:51:00","date_gmt":"2015-08-09T11:51:00","guid":{"rendered":"https:\/\/www.bfv.cloud\/ajedrezeuropa\/index.php\/2015\/08\/09\/isaac-lozano-en-el-campeonato-de-espana-sub-18-y-x-torneo-de-promocion-de-almansa\/"},"modified":"2025-11-20T10:16:05","modified_gmt":"2025-11-20T10:16:05","slug":"isaac-lozano-en-el-campeonato-de-espana-sub-18-y-x-torneo-de-promocion-de-almansa","status":"publish","type":"post","link":"https:\/\/www.bfv.cloud\/ajedrezeuropa\/isaac-lozano-en-el-campeonato-de-espana-sub-18-y-x-torneo-de-promocion-de-almansa\/","title":{"rendered":"ISAAC LOZANO EN EL CAMPEONATO DE ESPA\u00d1A SUB-18 Y X TORNEO DE PROMOCI\u00d3N DE ALMANSA"},"content":{"rendered":"<table cellpadding=\"0\" cellspacing=\"0\" class=\"tr-caption-container\" style=\"float: left;margin-right: 1em;text-align: left\">\n<tbody>\n<tr>\n<td style=\"text-align: center\"><a href=\"https:\/\/www.bfv.cloud\/ajedrezeuropa\/wp-content\/uploads\/2015\/08\/IMG-20150802-WA0010.jpg\" style=\"clear: left;margin-bottom: 1em;margin-left: auto;margin-right: auto\"><img fetchpriority=\"high\" decoding=\"async\" border=\"0\" height=\"221\" src=\"https:\/\/blogger.googleusercontent.com\/img\/b\/R29vZ2xl\/AVvXsEgVEyIQJu_t1QV4b-N1o-go6pWhEAfyBEHbexmEJLAO0obcmecv0yftwMa5ZTtyJEY6VpX15LW7mPcFgVWSdu-ji83PuLd8NLxHklVbsaZNbTTjoAv2_wrcGKiQez69tJY_czvn5IUTnH4\/s400\/IMG-20150802-WA0010.jpg\" width=\"400\" \/><\/a><\/td>\n<\/tr>\n<tr>\n<td class=\"tr-caption\" style=\"text-align: center\">Isaac Lozano Osorio ante el tablero en Salobre\u00f1a<\/td>\n<\/tr>\n<\/tbody>\n<\/table>\n<p>&nbsp;<span style=\"font-family: Trebuchet MS, sans-serif\"><b>El fin de semana pasado finalizaban en Salobre\u00f1a los campeonatos de Espa\u00f1a por edades de 2015 con la categor\u00eda sub-18, tradicional edad con la que se cierra cerca de mes y medio de competici\u00f3n. Isaac Lozano Osorio, jugador del equipo absoluto de Nuestro Ajedrez en Europa, ha sido el \u00fanico de los chicos y chicas pertenecientes al proyecto que acud\u00eda a esta cita con el nacional individual, demostrando sus ganas por estar presente en la sala de juego, siempre que le es posible.<\/b><\/span><\/p>\n<table cellpadding=\"0\" cellspacing=\"0\" class=\"tr-caption-container\" style=\"float: right;margin-left: 1em;text-align: right\">\n<tbody>\n<tr>\n<td style=\"text-align: center\"><a href=\"https:\/\/www.bfv.cloud\/ajedrezeuropa\/wp-content\/uploads\/2015\/08\/IMG-20150802-WA0008.jpg\" style=\"clear: right;margin-bottom: 1em;margin-left: auto;margin-right: auto\"><img decoding=\"async\" border=\"0\" height=\"267\" src=\"https:\/\/blogger.googleusercontent.com\/img\/b\/R29vZ2xl\/AVvXsEj8OUzlorkJcwRtXB1OLjIG2NHMKTIrnvUQwTiNxn_dENy2HrHmdW7rWnCJfAxgy8jEiTPjCloVqg3R0kLBMF-QYHMkw1iB6OIErSzWHMFqs8lUKyGluU_-P7EU_KP_Uy9Kd_DPUgws46o\/s320\/IMG-20150802-WA0008.jpg\" width=\"320\" \/><\/a><\/td>\n<\/tr>\n<tr>\n<td class=\"tr-caption\" style=\"text-align: center\">Isaac junto al jugador del CA Magic, Pablo Garrido P\u00edriz<\/td>\n<\/tr>\n<\/tbody>\n<\/table>\n<p><span style=\"font-family: Trebuchet MS, sans-serif\"><b>El balance final de su participaci\u00f3n en las 2 competiciones del sub-18 es muy bueno, tras haber conseguido en ambas mejorar su ranking inicial y ganar 13 puntos en su valoraci\u00f3n de ELO internacional en el Campeonato de Espa\u00f1a de partidas lentas. La gran afici\u00f3n de Isaac por el ajedrez, su trabajo incansable, y una motivaci\u00f3n suficiente para participar en aquellos campeonatos que nuestro proyecto programa cada temporada, le han hecho competir en los mejores torneos nacionales individuales y por equipos con el \u00e1nimo y el car\u00e1cter ganador que siempre ha tenido desde sus comienzos en nuestra escuela de Villafranca.<\/b><\/span><\/p>\n<h4>\n<span style=\"font-family: Trebuchet MS, sans-serif\"><b><u>Simult\u00e1nea de Isaac Lozano en Quintanar de la Orden<\/u><\/b><\/span><\/h4>\n<p><span style=\"font-family: Trebuchet MS, sans-serif\"><b>El pr\u00f3ximo 18 de agosto a partir de las 11 de la ma\u00f1ana en el Paseo de Col\u00f3n, Isaac, ofrecer\u00e1 una simult\u00e1nea en Quintanar de la Orden dentro del programa de actividades de la feria y fiestas de este pueblo toledano del que es originario.&nbsp;<\/b><\/span><\/p>\n<h3>\n<span style=\"color: #660000;font-family: Trebuchet MS, sans-serif\"><u>X TORNEO DE PROMOCI\u00d3N DE ALMANSA<\/u><\/span><\/h3>\n<div>\n<a href=\"https:\/\/www.bfv.cloud\/ajedrezeuropa\/wp-content\/uploads\/2015\/08\/almansa2015.png\" style=\"clear: left;float: left;margin-bottom: 1em;margin-right: 1em\"><img decoding=\"async\" border=\"0\" height=\"200\" src=\"https:\/\/blogger.googleusercontent.com\/img\/b\/R29vZ2xl\/AVvXsEhq48f9ZM1alkx1xkG1WqQ6UDoKdixwracta82JK0psrfUsd7AJizmRd9gz2LOEWeHQLwxE_s5zvWu1XGKEyyzv3yl2d6zBxSaADoTbEjAyBcr7OBNF_ZTWG3JPgs2u13R3Pxnb8-kZpZCv\/s200\/almansa2015.png\" width=\"136\" \/><\/a><span style=\"color: #660000;font-family: Trebuchet MS, sans-serif\">Hoy comienza en la localidad de Almansa (Albacete) la d\u00e9cima edici\u00f3n del Torneo de Promoci\u00f3n que se jugar\u00e1 hasta el pr\u00f3ximo viernes 14 de agosto. Dentro del Torneo para jugadores con menos de 2.000 de ELO FIDE son 3 los jugadores de nuestros equipos que se han inscrito: <b>Javier Valdepe\u00f1as, Sergio Valencia y Alfredo Amador. <\/b>Mientras que en el Torneo S-2300 ser\u00e1n&nbsp;<b>Carlos \u00c1lvarez e Isaac Lozano<\/b>, los ajedrecistas de nuestros clubes que participar\u00e1n este a\u00f1o.<\/span><\/div>\n<div>\n<span style=\"color: #660000;font-family: Trebuchet MS, sans-serif\"><b>\u00a1\u00a1Queremos desearles muy buen torneo a todos y que puedan cumplir sus objetivos!!<\/b><\/span><\/div>\n","protected":false},"excerpt":{"rendered":"<p>Isaac Lozano Osorio ante el tablero en Salobre\u00f1a &nbsp;El fin de semana pasado finalizaban en Salobre\u00f1a los campeonatos de Espa\u00f1a por edades de 2015 con la categor\u00eda sub-18, tradicional edad con la que se cierra cerca de mes y medio de competici\u00f3n. Isaac Lozano Osorio, jugador del equipo absoluto de Nuestro Ajedrez en Europa, ha [&hellip;]<\/p>\n","protected":false},"author":1,"featured_media":317,"comment_status":"open","ping_status":"closed","sticky":false,"template":"","format":"standard","meta":{"footnotes":""},"categories":[1],"tags":[],"class_list":["post-316","post","type-post","status-publish","format-standard","has-post-thumbnail","hentry","category-noticias"],"_links":{"self":[{"href":"https:\/\/www.bfv.cloud\/ajedrezeuropa\/wp-json\/wp\/v2\/posts\/316","targetHints":{"allow":["GET"]}}],"collection":[{"href":"https:\/\/www.bfv.cloud\/ajedrezeuropa\/wp-json\/wp\/v2\/posts"}],"about":[{"href":"https:\/\/www.bfv.cloud\/ajedrezeuropa\/wp-json\/wp\/v2\/types\/post"}],"author":[{"embeddable":true,"href":"https:\/\/www.bfv.cloud\/ajedrezeuropa\/wp-json\/wp\/v2\/users\/1"}],"replies":[{"embeddable":true,"href":"https:\/\/www.bfv.cloud\/ajedrezeuropa\/wp-json\/wp\/v2\/comments?post=316"}],"version-history":[{"count":1,"href":"https:\/\/www.bfv.cloud\/ajedrezeuropa\/wp-json\/wp\/v2\/posts\/316\/revisions"}],"predecessor-version":[{"id":320,"href":"https:\/\/www.bfv.cloud\/ajedrezeuropa\/wp-json\/wp\/v2\/posts\/316\/revisions\/320"}],"wp:featuredmedia":[{"embeddable":true,"href":"https:\/\/www.bfv.cloud\/ajedrezeuropa\/wp-json\/wp\/v2\/media\/317"}],"wp:attachment":[{"href":"https:\/\/www.bfv.cloud\/ajedrezeuropa\/wp-json\/wp\/v2\/media?parent=316"}],"wp:term":[{"taxonomy":"category","embeddable":true,"href":"https:\/\/www.bfv.cloud\/ajedrezeuropa\/wp-json\/wp\/v2\/categories?post=316"},{"taxonomy":"post_tag","embeddable":true,"href":"https:\/\/www.bfv.cloud\/ajedrezeuropa\/wp-json\/wp\/v2\/tags?post=316"}],"curies":[{"name":"wp","href":"https:\/\/api.w.org\/{rel}","templated":true}]}}