{"id":3166,"date":"2013-06-11T08:11:00","date_gmt":"2013-06-11T08:11:00","guid":{"rendered":"https:\/\/www.bfv.cloud\/ajedrezeuropa\/index.php\/2013\/06\/11\/la-septima-simultanea-del-colegio-juan-de-austria-en-el-dia-del-deporte-escolar-de-alcazar\/"},"modified":"2025-11-20T10:57:30","modified_gmt":"2025-11-20T10:57:30","slug":"la-septima-simultanea-del-colegio-juan-de-austria-en-el-dia-del-deporte-escolar-de-alcazar","status":"publish","type":"post","link":"https:\/\/www.bfv.cloud\/ajedrezeuropa\/la-septima-simultanea-del-colegio-juan-de-austria-en-el-dia-del-deporte-escolar-de-alcazar\/","title":{"rendered":"LA S\u00c9PTIMA SIMULT\u00c1NEA DEL COLEGIO JUAN DE AUSTRIA EN EL D\u00cdA DEL DEPORTE ESCOLAR DE ALC\u00c1ZAR"},"content":{"rendered":"<table cellpadding=\"0\" cellspacing=\"0\" class=\"tr-caption-container\" style=\"float: right;margin-left: 1em;text-align: right\">\n<tbody>\n<tr>\n<td style=\"text-align: center\"><a href=\"https:\/\/www.bfv.cloud\/ajedrezeuropa\/wp-content\/uploads\/2013\/06\/FOTOSVIISIMULTC381NEAJUANDEAUSTRIA2013010.jpg\" style=\"clear: right;margin-bottom: 1em;margin-left: auto;margin-right: auto\"><img fetchpriority=\"high\" decoding=\"async\" border=\"0\" height=\"300\" src=\"https:\/\/blogger.googleusercontent.com\/img\/b\/R29vZ2xl\/AVvXsEglaNi9HSwjTOAtKRMk-rEgQ2TH1p8QsQSZ_EfCKVBBW9DVBfxFQcMH_0m1NLpG_dwpkgH3VTOC16EDcyziYiXcVh0SzM8EEusOm_qDskVlvIimqrlQjTD3Cy0NhtF70U99cWuL5f8H60M\/s400\/FOTOS+VII+SIMULT%C3%81NEA+JUAN+DE+AUSTRIA+2013+010.jpg\" width=\"400\" \/><\/a><\/td>\n<\/tr>\n<tr>\n<td class=\"tr-caption\" style=\"text-align: center\">Se inicia la simult\u00e1nea<\/td>\n<\/tr>\n<\/tbody>\n<\/table>\n<p><span style=\"font-family: Verdana, sans-serif\">El domingo por la tarde se celebr\u00f3 la tradicional simult\u00e1nea de ajedrez del CP Juan de Austria con la participaci\u00f3n de 5 alumnos de nuestra escuela alcazare\u00f1a y de numerosos ni\u00f1os de los colegios de la ciudad. La principal novedad ha sido su coincidencia con el \u00abD\u00eda del Deporte Escolar\u00bb promovido por el IMD y las AMPAS de la localidad. Estas actividades son de gran inter\u00e9s para el ajedrez porque sirven para divulgar y fomentar el \u00abdeporte de la mente\u00bb entre toda la poblaci\u00f3n.<\/span><\/p>\n<table cellpadding=\"0\" cellspacing=\"0\" class=\"tr-caption-container\" style=\"float: right;margin-left: 1em;text-align: right\">\n<tbody>\n<tr>\n<td style=\"text-align: center\"><a href=\"https:\/\/www.bfv.cloud\/ajedrezeuropa\/wp-content\/uploads\/2013\/06\/FOTOSVIISIMULTC381NEAJUANDEAUSTRIA2013021.jpg\" style=\"clear: right;margin-bottom: 1em;margin-left: auto;margin-right: auto\"><img decoding=\"async\" border=\"0\" height=\"300\" src=\"https:\/\/blogger.googleusercontent.com\/img\/b\/R29vZ2xl\/AVvXsEhtl15aHpf8zNfwq_SuBuUCrQyGjuFu_dRm2mevl4Y9bt3Y_LTmKydd7ijFAJKPzYe0aRbNyra7g6Nh0KxrCz7kzP0vw65pUuEjOGVwt8R-rHj4dHCUZtm7vvojq1TGt4Ornue7ll_fv-8\/s400\/FOTOS+VII+SIMULT%C3%81NEA+JUAN+DE+AUSTRIA+2013+021.jpg\" width=\"400\" \/><\/a><\/td>\n<\/tr>\n<tr>\n<td class=\"tr-caption\" style=\"text-align: center\">Julio M\u00e9rida, Leo de Giorgi, Silvia Toribio, Enrique Velasco<br \/>\ny Javier Valdepe\u00f1as recibieron un recuerdo por su colaboraci\u00f3n<br \/>\nen esta 7\u00aa simult\u00e1nea<\/td>\n<\/tr>\n<\/tbody>\n<\/table>\n<p><span style=\"font-family: Verdana, sans-serif\">Una vez m\u00e1s queremos agradecer la colaboraci\u00f3n del centro educativo y de la asociaci\u00f3n de madres y padres del \u00abJuan de Austria\u00bb para poder realizar este encuentro con el mundo del ajedrez.<\/span><\/p>\n<div class=\"separator\" style=\"clear: both;text-align: center\">\n<\/div>\n<table align=\"center\" cellpadding=\"0\" cellspacing=\"0\" class=\"tr-caption-container\" style=\"margin-left: auto;margin-right: auto;text-align: center\">\n<tbody>\n<tr>\n<td style=\"text-align: center\"><a href=\"https:\/\/www.bfv.cloud\/ajedrezeuropa\/wp-content\/uploads\/2013\/06\/FOTOSVIISIMULTC381NEAJUANDEAUSTRIA2013009.jpg\" style=\"margin-left: auto;margin-right: auto\"><img decoding=\"async\" border=\"0\" height=\"242\" src=\"https:\/\/blogger.googleusercontent.com\/img\/b\/R29vZ2xl\/AVvXsEhzlY_8LfHh4kqH6duIIRLdyahS62KfadNKHB_GVE6UFKCWvNo5T-H48DKFiDIex4NYp3mW2mU4c0V4OawJ1-kyJQY_KTyBGIyRCn6DIAR48ZGHptFEsubjOQCClyEmpHbmeK1hRitC25g\/s400\/FOTOS+VII+SIMULT%C3%81NEA+JUAN+DE+AUSTRIA+2013+009.jpg\" width=\"400\" \/><\/a><\/td>\n<\/tr>\n<tr>\n<td class=\"tr-caption\" style=\"text-align: center\">Manchacentro tv y Alc\u00e1zar en el mundo, recogieron im\u00e1genes de la simult\u00e1nea<\/td>\n<\/tr>\n<\/tbody>\n<\/table>\n<p><\/p>\n","protected":false},"excerpt":{"rendered":"<p>Se inicia la simult\u00e1nea El domingo por la tarde se celebr\u00f3 la tradicional simult\u00e1nea de ajedrez del CP Juan de Austria con la participaci\u00f3n de 5 alumnos de nuestra escuela alcazare\u00f1a y de numerosos ni\u00f1os de los colegios de la ciudad. La principal novedad ha sido su coincidencia con el \u00abD\u00eda del Deporte Escolar\u00bb promovido [&hellip;]<\/p>\n","protected":false},"author":1,"featured_media":3167,"comment_status":"open","ping_status":"closed","sticky":false,"template":"","format":"standard","meta":{"footnotes":""},"categories":[1],"tags":[],"class_list":["post-3166","post","type-post","status-publish","format-standard","has-post-thumbnail","hentry","category-noticias"],"_links":{"self":[{"href":"https:\/\/www.bfv.cloud\/ajedrezeuropa\/wp-json\/wp\/v2\/posts\/3166","targetHints":{"allow":["GET"]}}],"collection":[{"href":"https:\/\/www.bfv.cloud\/ajedrezeuropa\/wp-json\/wp\/v2\/posts"}],"about":[{"href":"https:\/\/www.bfv.cloud\/ajedrezeuropa\/wp-json\/wp\/v2\/types\/post"}],"author":[{"embeddable":true,"href":"https:\/\/www.bfv.cloud\/ajedrezeuropa\/wp-json\/wp\/v2\/users\/1"}],"replies":[{"embeddable":true,"href":"https:\/\/www.bfv.cloud\/ajedrezeuropa\/wp-json\/wp\/v2\/comments?post=3166"}],"version-history":[{"count":1,"href":"https:\/\/www.bfv.cloud\/ajedrezeuropa\/wp-json\/wp\/v2\/posts\/3166\/revisions"}],"predecessor-version":[{"id":3170,"href":"https:\/\/www.bfv.cloud\/ajedrezeuropa\/wp-json\/wp\/v2\/posts\/3166\/revisions\/3170"}],"wp:featuredmedia":[{"embeddable":true,"href":"https:\/\/www.bfv.cloud\/ajedrezeuropa\/wp-json\/wp\/v2\/media\/3167"}],"wp:attachment":[{"href":"https:\/\/www.bfv.cloud\/ajedrezeuropa\/wp-json\/wp\/v2\/media?parent=3166"}],"wp:term":[{"taxonomy":"category","embeddable":true,"href":"https:\/\/www.bfv.cloud\/ajedrezeuropa\/wp-json\/wp\/v2\/categories?post=3166"},{"taxonomy":"post_tag","embeddable":true,"href":"https:\/\/www.bfv.cloud\/ajedrezeuropa\/wp-json\/wp\/v2\/tags?post=3166"}],"curies":[{"name":"wp","href":"https:\/\/api.w.org\/{rel}","templated":true}]}}