{"id":3171,"date":"2017-11-01T11:55:00","date_gmt":"2017-11-01T11:55:00","guid":{"rendered":"https:\/\/www.bfv.cloud\/ajedrezeuropa\/index.php\/2017\/11\/01\/el-proximo-domingo-comienza-el-provincial-por-equipos-de-toledo\/"},"modified":"2025-11-20T10:57:33","modified_gmt":"2025-11-20T10:57:33","slug":"el-proximo-domingo-comienza-el-provincial-por-equipos-de-toledo","status":"publish","type":"post","link":"https:\/\/www.bfv.cloud\/ajedrezeuropa\/el-proximo-domingo-comienza-el-provincial-por-equipos-de-toledo\/","title":{"rendered":"EL PR\u00d3XIMO DOMINGO COMIENZA EL PROVINCIAL POR EQUIPOS DE TOLEDO"},"content":{"rendered":"<p><\/p>\n<div class=\"separator\" style=\"clear: both;text-align: center\">\n<a href=\"https:\/\/www.bfv.cloud\/ajedrezeuropa\/wp-content\/uploads\/2017\/11\/LOGOEUROPAXANIVERSARIO2017.jpg\" style=\"clear: left;float: left;margin-bottom: 1em;margin-right: 1em\"><img fetchpriority=\"high\" decoding=\"async\" border=\"0\" data-original-height=\"1220\" data-original-width=\"1600\" height=\"244\" src=\"https:\/\/blogger.googleusercontent.com\/img\/b\/R29vZ2xl\/AVvXsEhxeFZSbgVU0L1gFBXEBm-jv8AbVsIAbpKGEQtjCtqPT9kcpNScdSRvQexOAYEeeFsOdlLiijRLKDpuJjzpnRF1SOU131Xtv9fHRRwhVsTd08J8moJ0W7eyqHAOV9Jw_Hiou76qhZSCNh0\/s320\/LOGO+EUROPA+X+ANIVERSARIO+2017.jpg\" style=\"cursor: move\" width=\"320\" \/><\/a><\/div>\n<p><span style=\"font-family: Helvetica Neue, Arial, Helvetica, sans-serif;font-size: large\">Este domingo, d\u00eda 5 de noviembre, comenzar\u00e1 el Campeonato Provincial por Equipos de Toledo valedero para la temporada 2018. Esta vez el campeonato presenta la novedad de un torneo de promoci\u00f3n iniciaci\u00f3n donde podr\u00e1n participar chicos y chicas que comienzan en la pr\u00e1ctica del ajedrez.&nbsp;<\/span><br \/>\n<a href=\"https:\/\/www.bfv.cloud\/ajedrezeuropa\/wp-content\/uploads\/2017\/11\/TOLEDOPANORAMICO.jpg\" style=\"clear: right;float: right;margin-bottom: 1em;margin-left: 1em\"><img decoding=\"async\" border=\"0\" data-original-height=\"450\" data-original-width=\"600\" height=\"300\" src=\"https:\/\/blogger.googleusercontent.com\/img\/b\/R29vZ2xl\/AVvXsEg2TzemzqqDFGhiu94VZsVn9T_wvb_uQNPAEomGEz8AlkWu_KDT4vwy88nYWFgGW7iRz_GQwb13JwaxylpoGRbq-KA8rBhbLknR1gSv0OJB01y1tSG-1VWSpwNenEawjhbp2UsunvwXa_k\/s400\/TOLEDO+PANORAMICO.jpg\" width=\"400\" \/><\/a><span style=\"font-family: Helvetica Neue, Arial, Helvetica, sans-serif;font-size: large\">El Campeonato por Clubes de Toledo queda finalmente en 6 rondas, con los d\u00edas 5, 19 y 26 de noviembre como fechas definitivas para disputarlo. En esta categor\u00eda, destinada a los clubes de Toledo con equipos absolutos, el ritmo de juego ser\u00e1 de 90 minutos con 30 seg de incremento por jugada, disput\u00e1ndose los tres d\u00edas se\u00f1alados en doble jornada de ma\u00f1ana y tarde.<\/span><br \/>\n<span style=\"font-family: Helvetica Neue, Arial, Helvetica, sans-serif;font-size: large\">El orden de fuerza provisional de los equipos con los que participaremos es:<\/span><\/p>\n<div style=\"text-align: center\">\n<span style=\"font-family: Helvetica Neue, Arial, Helvetica, sans-serif;font-size: large\"><b><u>CD NUESTRO AJEDREZ EN EUROPA &#8211; A<\/u><\/b><\/span><\/div>\n<div style=\"text-align: center\">\n<span style=\"font-family: Helvetica Neue, Arial, Helvetica, sans-serif;font-size: large\"><i>Santiago Talavera Garc\u00eda<\/i><\/span><\/div>\n<div style=\"text-align: center\">\n<span style=\"font-family: Helvetica Neue, Arial, Helvetica, sans-serif;font-size: large\"><i>Alberto Mena Corrochano<\/i><\/span><\/div>\n<div style=\"text-align: center\">\n<span style=\"font-family: Helvetica Neue, Arial, Helvetica, sans-serif;font-size: large\"><i>Isaac Lozano Osorio<\/i><\/span><\/div>\n<div style=\"text-align: center\">\n<span style=\"font-family: Helvetica Neue, Arial, Helvetica, sans-serif;font-size: large\"><i>Ana Isabel Gonz\u00e1lez Berruga<\/i><\/span><\/div>\n<div style=\"text-align: center\">\n<span style=\"font-family: Helvetica Neue, Arial, Helvetica, sans-serif;font-size: large\"><i>Luis Miguel Monreal Bejarano<\/i><\/span><\/div>\n<div style=\"text-align: center\">\n<span style=\"font-family: Helvetica Neue, Arial, Helvetica, sans-serif;font-size: large\"><i>Daniel P\u00edriz Fern\u00e1ndez<\/i><\/span><\/div>\n<div style=\"text-align: center\">\n<span style=\"font-family: Helvetica Neue, Arial, Helvetica, sans-serif;font-size: large\"><i>Jorge Sim\u00f3n Escalona<\/i><\/span><\/div>\n<div style=\"text-align: center\">\n<span style=\"font-family: Helvetica Neue, Arial, Helvetica, sans-serif;font-size: large\"><i>Roberto L\u00f3pez N\u00fa\u00f1ez<\/i><\/span><\/div>\n<div style=\"text-align: center\">\n<span style=\"color: #073763;font-family: Helvetica Neue, Arial, Helvetica, sans-serif;font-size: large\"><b><u>CD NUESTRO AJEDREZ POR LA IGUALDAD &#8211; A<\/u><\/b><\/span><\/div>\n<div style=\"text-align: center\">\n<span style=\"color: #073763;font-family: Helvetica Neue, Arial, Helvetica, sans-serif;font-size: large\"><i>Antonio Albo Maroto<\/i><\/span><\/div>\n<div style=\"text-align: center\">\n<span style=\"color: #073763;font-family: Helvetica Neue, Arial, Helvetica, sans-serif;font-size: large\"><i>Carlos Romo D\u00edaz-Alejo<\/i><\/span><\/div>\n<div style=\"text-align: center\">\n<span style=\"color: #073763;font-family: Helvetica Neue, Arial, Helvetica, sans-serif;font-size: large\"><i>Enrique Velasco Aragon\u00e9s<\/i><\/span><\/div>\n<div style=\"text-align: center\">\n<span style=\"color: #073763;font-family: Helvetica Neue, Arial, Helvetica, sans-serif;font-size: large\"><i>Isabel Marcos-Alberca Lizcano<\/i><\/span><\/div>\n<div style=\"text-align: center\">\n<span style=\"color: #073763;font-family: Helvetica Neue, Arial, Helvetica, sans-serif;font-size: large\"><i>Arsenio L\u00f3pez Ochoa<\/i><\/span><\/div>\n<div style=\"text-align: center\">\n<span style=\"color: #073763;font-family: Helvetica Neue, Arial, Helvetica, sans-serif;font-size: large\"><i>Rub\u00e9n Escribano Alberca<\/i><\/span><\/div>\n<div style=\"text-align: center\">\n<span style=\"font-family: Helvetica Neue, Arial, Helvetica, sans-serif;font-size: large\"><b><u>CD NUESTRO AJEDREZ EN EUROPA &#8211; B<\/u><\/b><\/span><\/div>\n<div style=\"text-align: center\">\n<span style=\"font-family: Helvetica Neue, Arial, Helvetica, sans-serif;font-size: large\"><i>Jos\u00e9 \u00c1ngel Vela Horcajada<\/i><\/span><\/div>\n<div style=\"text-align: center\">\n<span style=\"font-family: Helvetica Neue, Arial, Helvetica, sans-serif;font-size: large\"><i>Alfredo Amador And\u00fajar<\/i><\/span><\/div>\n<div style=\"text-align: center\">\n<span style=\"font-family: Helvetica Neue, Arial, Helvetica, sans-serif;font-size: large\"><i>Irene Sim\u00f3n Escalona<\/i><\/span><\/div>\n<div style=\"text-align: center\">\n<span style=\"font-family: Helvetica Neue, Arial, Helvetica, sans-serif;font-size: large\"><i>Jes\u00fas M\u00aa Bricio G\u00aa de la Torre<\/i><\/span><\/div>\n<div style=\"text-align: center\">\n<span style=\"font-family: Helvetica Neue, Arial, Helvetica, sans-serif;font-size: large\"><i>Silvia Toribio Camu\u00f1as<\/i><\/span><\/div>\n<div style=\"text-align: center\">\n<span style=\"font-family: Helvetica Neue, Arial, Helvetica, sans-serif;font-size: large\"><i>Arturo Mate Mart\u00edn<\/i><\/span><\/div>\n<div style=\"text-align: center\">\n<span style=\"color: #073763;font-family: Helvetica Neue, Arial, Helvetica, sans-serif;font-size: large\"><b><u>CD NUESTRO AJEDREZ POR LA IGUALDAD &#8211; B<\/u><\/b><\/span><\/div>\n<div style=\"text-align: center\">\n<span style=\"color: #073763;font-family: Helvetica Neue, Arial, Helvetica, sans-serif;font-size: large\"><i>Alonso L\u00f3pez N\u00fa\u00f1ez<\/i><\/span><\/div>\n<div style=\"text-align: center\">\n<span style=\"color: #073763;font-family: Helvetica Neue, Arial, Helvetica, sans-serif;font-size: large\"><i>Carlos P\u00e9rez Manzanedo<\/i><\/span><\/div>\n<div style=\"text-align: center\">\n<span style=\"color: #073763;font-family: Helvetica Neue, Arial, Helvetica, sans-serif;font-size: large\"><i>Daniel Climent Castillo<\/i><\/span><\/div>\n<div style=\"text-align: center\">\n<span style=\"color: #073763;font-family: Helvetica Neue, Arial, Helvetica, sans-serif;font-size: large\"><i>Gabriel Amador And\u00fajar<\/i><\/span><\/div>\n<div style=\"text-align: center\">\n<span style=\"color: #073763;font-family: Helvetica Neue, Arial, Helvetica, sans-serif;font-size: large\"><i>Pablo Vela Adri\u00e1n<\/i><\/span><\/div>\n<div style=\"text-align: center\">\n<span style=\"color: #073763;font-family: Helvetica Neue, Arial, Helvetica, sans-serif;font-size: large\"><i>Mar\u00eda Oliver Ropero<\/i><\/span><\/div>\n<div style=\"text-align: center\">\n<span style=\"color: #073763;font-family: Helvetica Neue, Arial, Helvetica, sans-serif;font-size: large\"><i>Clara Vela Adri\u00e1n<\/i><\/span><\/div>\n<div style=\"text-align: center\">\n<span style=\"color: #073763;font-family: Helvetica Neue, Arial, Helvetica, sans-serif;font-size: large\"><i>Adri\u00e1n Alhambra Rubio<\/i><\/span><\/div>\n<div style=\"text-align: left\">\n<span style=\"font-family: Helvetica Neue, Arial, Helvetica, sans-serif;font-size: large\"><br \/><\/span><\/div>\n<div style=\"text-align: left\">\n<span style=\"font-family: Helvetica Neue, Arial, Helvetica, sans-serif;font-size: large\">Hasta el d\u00eda 3 de noviembre se pueden producir variaciones en la composici\u00f3n de los equipos, quedando tambi\u00e9n para ese d\u00eda la presentaci\u00f3n de los equipos que van a jugar en los torneos de promoci\u00f3n avanzada e iniciaci\u00f3n.<\/span><\/div>\n","protected":false},"excerpt":{"rendered":"<p>Este domingo, d\u00eda 5 de noviembre, comenzar\u00e1 el Campeonato Provincial por Equipos de Toledo valedero para la temporada 2018. Esta vez el campeonato presenta la novedad de un torneo de promoci\u00f3n iniciaci\u00f3n donde podr\u00e1n participar chicos y chicas que comienzan en la pr\u00e1ctica del ajedrez.&nbsp; El Campeonato por Clubes de Toledo queda finalmente en 6 [&hellip;]<\/p>\n","protected":false},"author":1,"featured_media":3172,"comment_status":"open","ping_status":"closed","sticky":false,"template":"","format":"standard","meta":{"footnotes":""},"categories":[1],"tags":[],"class_list":["post-3171","post","type-post","status-publish","format-standard","has-post-thumbnail","hentry","category-noticias"],"_links":{"self":[{"href":"https:\/\/www.bfv.cloud\/ajedrezeuropa\/wp-json\/wp\/v2\/posts\/3171","targetHints":{"allow":["GET"]}}],"collection":[{"href":"https:\/\/www.bfv.cloud\/ajedrezeuropa\/wp-json\/wp\/v2\/posts"}],"about":[{"href":"https:\/\/www.bfv.cloud\/ajedrezeuropa\/wp-json\/wp\/v2\/types\/post"}],"author":[{"embeddable":true,"href":"https:\/\/www.bfv.cloud\/ajedrezeuropa\/wp-json\/wp\/v2\/users\/1"}],"replies":[{"embeddable":true,"href":"https:\/\/www.bfv.cloud\/ajedrezeuropa\/wp-json\/wp\/v2\/comments?post=3171"}],"version-history":[{"count":1,"href":"https:\/\/www.bfv.cloud\/ajedrezeuropa\/wp-json\/wp\/v2\/posts\/3171\/revisions"}],"predecessor-version":[{"id":3174,"href":"https:\/\/www.bfv.cloud\/ajedrezeuropa\/wp-json\/wp\/v2\/posts\/3171\/revisions\/3174"}],"wp:featuredmedia":[{"embeddable":true,"href":"https:\/\/www.bfv.cloud\/ajedrezeuropa\/wp-json\/wp\/v2\/media\/3172"}],"wp:attachment":[{"href":"https:\/\/www.bfv.cloud\/ajedrezeuropa\/wp-json\/wp\/v2\/media?parent=3171"}],"wp:term":[{"taxonomy":"category","embeddable":true,"href":"https:\/\/www.bfv.cloud\/ajedrezeuropa\/wp-json\/wp\/v2\/categories?post=3171"},{"taxonomy":"post_tag","embeddable":true,"href":"https:\/\/www.bfv.cloud\/ajedrezeuropa\/wp-json\/wp\/v2\/tags?post=3171"}],"curies":[{"name":"wp","href":"https:\/\/api.w.org\/{rel}","templated":true}]}}