{"id":3175,"date":"2025-08-16T19:14:00","date_gmt":"2025-08-16T19:14:00","guid":{"rendered":"https:\/\/www.bfv.cloud\/ajedrezeuropa\/index.php\/2025\/08\/16\/los-equipos-de-nuestro-ajedrez-en-europa-preparan-los-proximos-campeonatos-nacionales-y-regionales\/"},"modified":"2025-11-20T10:57:38","modified_gmt":"2025-11-20T10:57:38","slug":"los-equipos-de-nuestro-ajedrez-en-europa-preparan-los-proximos-campeonatos-nacionales-y-regionales","status":"publish","type":"post","link":"https:\/\/www.bfv.cloud\/ajedrezeuropa\/los-equipos-de-nuestro-ajedrez-en-europa-preparan-los-proximos-campeonatos-nacionales-y-regionales\/","title":{"rendered":"LOS EQUIPOS DE NUESTRO AJEDREZ EN EUROPA PREPARAN LOS PR\u00d3XIMOS CAMPEONATOS NACIONALES Y REGIONALES"},"content":{"rendered":"<p>&nbsp;<\/p>\n<table align=\"center\" cellpadding=\"0\" cellspacing=\"0\" class=\"tr-caption-container\" style=\"margin-left: auto;margin-right: auto\">\n<tbody>\n<tr>\n<td style=\"text-align: center\"><a href=\"https:\/\/www.bfv.cloud\/ajedrezeuropa\/wp-content\/uploads\/2025\/08\/020TODOS20RONDA205-1.jpeg\" style=\"margin-left: auto;margin-right: auto\"><img fetchpriority=\"high\" decoding=\"async\" border=\"0\" data-original-height=\"886\" data-original-width=\"1045\" height=\"542\" src=\"https:\/\/blogger.googleusercontent.com\/img\/b\/R29vZ2xl\/AVvXsEjxPSlKVGm-Ndd8QOZpOTIbbIV30x6HCWr5P4ssSlzhC6w395mdX5_YQwygJCg1kW8VjvmXQE8DceTGBzMkZIRgkUwR-2c7IbzzLLvUYzRL7lSpC1oGYQbwKbe3DyICbcoKYbaW0aCWXVX4lfHL_gNjj0BAFsKCSdWgHAym-Sq3ps6A-wBMnyMitmaknLM\/w640-h542\/0%20TODOS%20RONDA%205.jpeg\" width=\"640\" \/><\/a><\/td>\n<\/tr>\n<tr>\n<td class=\"tr-caption\" style=\"text-align: center\">El equipo absoluto de Nuestro Ajedrez en Europa que qued\u00f3 5\u00ba en el Cto Castilla La Mancha<\/td>\n<\/tr>\n<\/tbody>\n<\/table>\n<p><\/p>\n<p><span style=\"font-family: Open Sans;font-size: large\">En esta segunda quincena de agosto se van a celebrar varios campeonatos muy importantes para los distintos equipos que forman parte del proyecto&nbsp;<b>Nuestro Ajedrez en Europa<\/b>. El calendario de competiciones de la Federaci\u00f3n Espa\u00f1ola de Ajedrez (FEDA) y de la Federaci\u00f3n de Castilla La Mancha (FACLM), depara que las dos pr\u00f3ximas semanas concentren algunos de los campeonatos oficiales m\u00e1s importantes de la temporada.<\/span><\/p>\n<p><span style=\"font-family: Open Sans;font-size: large\"><b><u>CECLUB &#8211; Campeonato de Espa\u00f1a Clubes 2\u00aa divisi\u00f3n<\/u><\/b><\/span><\/p>\n<p><span style=\"font-family: Open Sans;font-size: large\"><b><u><\/u><\/b><\/span><\/p>\n<div class=\"separator\" style=\"clear: both;text-align: right\"><span style=\"font-family: Open Sans;font-size: large\"><b><\/b><\/span><\/div>\n<\/p>\n<p><span style=\"font-family: Open Sans\"><span style=\"font-family: Open Sans;font-size: large\"><a href=\"https:\/\/www.bfv.cloud\/ajedrezeuropa\/wp-content\/uploads\/2025\/08\/CARTEL20CTO20ESPAC391A20CLUBES202C2AA20DIV.jpg\" style=\"clear: left;float: left;margin-bottom: 1em;margin-right: 1em\"><img decoding=\"async\" border=\"0\" data-original-height=\"1600\" data-original-width=\"1131\" height=\"400\" src=\"https:\/\/blogger.googleusercontent.com\/img\/b\/R29vZ2xl\/AVvXsEgXFH0t6CMsUhWxn-XuIjNqK_l4I8TE7F1isxT6srZSW36zGVCxhXiS3q_AIBnucIshlFUT3w1W1puV2ADGKuhCqc72PB0c63XJV4t8_m9syVjSY0bXgMs10Hbl-4F4xq7VbldkT2CwcXIpg3CQOgUNIvtA0EsZ_2cy-tkArVm1ZWeeRfwysU6rryxZK6I\/w283-h400\/CARTEL%20CTO%20ESPA%C3%91A%20CLUBES%202%C2%AA%20DIV.jpg\" width=\"283\" \/><\/a><\/span><span style=\"font-size: large\">La primera cita es el Campeonato de Espa\u00f1a por clubes de&nbsp;<\/span><\/span><span style=\"font-size: large\"><span>2\u00aa divisi\u00f3n que se celebrar\u00e1 en Linares del 18 al 21 de agosto y donde contaremos con la participaci\u00f3n del equipo absoluto de <\/span><b>Nuestro Ajedrez en Europa<\/b><span> por primera ocasi\u00f3n en los 18 a\u00f1os de historia del proyecto que une a los <\/span><b>ayuntamientos de Alc\u00e1zar de San Juan y Villafranca de los Caballeros<\/b><span>. A este campeonato nacional, que contar\u00e1 con 44 equipos en liza, se llegar\u00e1 tras haber conseguido la 5\u00aa plaza del campeonato regional de la m\u00e1xima categor\u00eda.<\/span><\/span><\/p>\n<\/p>\n<p><span style=\"font-family: Open Sans;font-size: large\">El equipo estar\u00e1 formado por los siguientes ajedrecistas: <b>Rub\u00e9n Jes\u00fas Valhondo Morales, Alonso L\u00f3pez N\u00fa\u00f1ez, \u00c1ngel Collado Alcolado, Ana Isabel Gonz\u00e1lez Berruga, Eder Oquendo Calder\u00f3n, Roberto L\u00f3pez N\u00fa\u00f1ez y Silvia Toribio Camu\u00f1as.<\/b><\/span><\/p>\n<p><span style=\"font-family: Open Sans;font-size: large\"><b><u>Campeonato de Castilla La Mancha por Clubes de ajedrez rel\u00e1mpago<\/u><\/b><\/span><\/p>\n<p><span style=\"font-family: Open Sans;font-size: large\"><b><\/b><\/span><\/p>\n<div class=\"separator\" style=\"clear: both;text-align: center\"><span style=\"font-family: Open Sans;font-size: large\"><b><a href=\"https:\/\/www.bfv.cloud\/ajedrezeuropa\/wp-content\/uploads\/2025\/08\/020EUROPA20A20RECOGE20PREMIO.jpeg\" style=\"clear: right;float: right;margin-bottom: 1em;margin-left: 1em\"><img decoding=\"async\" border=\"0\" data-original-height=\"837\" data-original-width=\"923\" height=\"363\" src=\"https:\/\/blogger.googleusercontent.com\/img\/b\/R29vZ2xl\/AVvXsEiVcwKdGXrRNCWhKKQ83HtBniOPuC4QW7kUPI7NJb72GUy4r7Isyd1al_9Fu6ZrhyphenhyphenMscFeaBvd6AdVgkz50hTVN_Tj-335Q5B5YVUBF7_YPEjqPPqMRdnXUxg0AiYAcDtKYygMkoqUgG27Z8E_SNGgAOoDRUE_0HsQUtgzu9kN-n9Db2jOGe3P8oYJfpXo\/w400-h363\/0%20EUROPA%20A%20RECOGE%20PREMIO.jpeg\" width=\"400\" \/><\/a><\/b><\/span><\/div>\n<\/p>\n<p><span style=\"font-family: Open Sans;font-size: large\">El s\u00e1bado 23 de agosto, nada m\u00e1s regresar de Linares, tendr\u00e1 lugar el VIII campeonato regional blitz por clubes. En esta ocasi\u00f3n <b>Nuestro Ajedrez en Europa<\/b> estar\u00e1 representado por 3 equipos, con 2 formaciones m\u00e1s de <b>Nuestro Ajedrez por la Igualdad y Ajedrez en la Escuela-Illescas.<\/b> Por tanto, nuestro ajedrez, se presentar\u00e1 con un total de 5 equipos integrados por 22 ajedrecistas masculinos y femeninos con edades comprendidas entre los 8 y los 59 a\u00f1os. En las dos pasadas ediciones, este campeonato, sum\u00f3 dos puestos de honor al historial del club: medalla de oro en 2023 y bronce en 2024.<\/span><\/p>\n<p><span style=\"font-family: Open Sans;font-size: large\"><b><u>Campeonato de Castilla La Mancha por Clubes Sub18, Sub14 y Sub12<\/u><\/b><\/span><\/p>\n<p><span style=\"font-family: Open Sans;font-size: large\"><b><\/b><\/span><\/p>\n<div class=\"separator\" style=\"clear: both;text-align: center\"><span style=\"font-family: Open Sans;font-size: large\"><b><a href=\"https:\/\/www.bfv.cloud\/ajedrezeuropa\/wp-content\/uploads\/2025\/08\/320EUROPA20S1820CON20TROFEO202.jpeg\" style=\"clear: left;float: left;margin-bottom: 1em;margin-right: 1em\"><img loading=\"lazy\" decoding=\"async\" border=\"0\" data-original-height=\"1020\" data-original-width=\"1374\" height=\"297\" src=\"https:\/\/blogger.googleusercontent.com\/img\/b\/R29vZ2xl\/AVvXsEhZu2uG8_ChBPJMxogvpB02Ad9mAv6rcEOijuMTFSOu29egHvTD6cHctUaIFtEl5eFvB8CCy_Vkh0GudeVpSJxDO3zCjuRs3gA3U844vDTMHEnEW3xyax6gyB-8_cONxpjOqMfnpAKq1AGlIfHCrYM5iWmdyhp0PY3H7MJm3uYonYJwNYmIZ7L1MtjQleU\/w400-h297\/3%20EUROPA%20S18%20CON%20TROFEO%20(2).jpeg\" width=\"400\" \/><\/a><\/b><\/span><\/div>\n<\/p>\n<p><span style=\"font-family: Open Sans;font-size: large\">Para finalizar los campeonatos por equipos y el mes de agosto, entre el 28 y el 31, se disputar\u00e1 en Albacete el campeonato regional por clubes en las categor\u00edas sub18, sub14 y sub12. El equipo sub18 de <b>Nuestro Ajedrez en Europa<\/b> asistir\u00e1 como actual subcampe\u00f3n castellano manchego de 2024 y subcampe\u00f3n provincial de Toledo en 2025. Los manchegos acudir\u00e1n a esta competici\u00f3n con la siguiente formaci\u00f3n: <b>\u00c1ngel Collado Alcolado, Jaime Vila Castillo, Aday Berm\u00fadez Gonz\u00e1lez, Alejandro Katwala Mu\u00f1oz y Omar Benammou Yousri.<\/b><\/span><\/p>\n<p><span style=\"font-family: Open Sans;font-size: large\"><\/span><\/p>\n<div class=\"separator\" style=\"clear: both;text-align: center\"><span style=\"font-family: Open Sans;font-size: large\"><a href=\"https:\/\/www.bfv.cloud\/ajedrezeuropa\/wp-content\/uploads\/2025\/08\/320IGUALDAD20S1420SUBCAMPEON.jpg\" style=\"clear: right;float: right;margin-bottom: 1em;margin-left: 1em\"><img loading=\"lazy\" decoding=\"async\" border=\"0\" data-original-height=\"983\" data-original-width=\"1091\" height=\"360\" src=\"https:\/\/blogger.googleusercontent.com\/img\/b\/R29vZ2xl\/AVvXsEgtWEKAe1Y3hEC8f_PNM0P9OQQpVv7TSD9luVHlDJKvLbJ3cJ_ANA8Rs9xmcUVe80I1ZmMCy8A-IT6MFQHpsGpWSynHLW0C4oRqm7kGc0rXA6DcjjASEyz3xbM_txEOW8Aqu4fDVd25J_2NayElEC-bPPGyLw61k8irHqlgdh3jsv7rMDjmfGZhkBmqcVc\/w400-h360\/3%20IGUALDAD%20S14%20SUBCAMPEON.jpg\" width=\"400\" \/><\/a><\/span><\/div>\n<\/p>\n<p><span style=\"font-family: Open Sans;font-size: large\">En la categor\u00eda sub14, <b>Nuestro Ajedrez por la Igualdad<\/b>, actual subcampe\u00f3n provincial de Toledo, participar\u00e1 en esta categor\u00eda reci\u00e9n creada con: <b>Carlos E. Morales Rodr\u00edguez, Unai Ortega Hern\u00e1ndez, Paula \u00c1vila Cervantes y Diego Katwala Mu\u00f1oz.<\/b><\/span><\/p>\n","protected":false},"excerpt":{"rendered":"<p>&nbsp; El equipo absoluto de Nuestro Ajedrez en Europa que qued\u00f3 5\u00ba en el Cto Castilla La Mancha En esta segunda quincena de agosto se van a celebrar varios campeonatos muy importantes para los distintos equipos que forman parte del proyecto&nbsp;Nuestro Ajedrez en Europa. El calendario de competiciones de la Federaci\u00f3n Espa\u00f1ola de Ajedrez (FEDA) [&hellip;]<\/p>\n","protected":false},"author":1,"featured_media":3176,"comment_status":"open","ping_status":"closed","sticky":false,"template":"","format":"standard","meta":{"footnotes":""},"categories":[1],"tags":[],"class_list":["post-3175","post","type-post","status-publish","format-standard","has-post-thumbnail","hentry","category-noticias"],"_links":{"self":[{"href":"https:\/\/www.bfv.cloud\/ajedrezeuropa\/wp-json\/wp\/v2\/posts\/3175","targetHints":{"allow":["GET"]}}],"collection":[{"href":"https:\/\/www.bfv.cloud\/ajedrezeuropa\/wp-json\/wp\/v2\/posts"}],"about":[{"href":"https:\/\/www.bfv.cloud\/ajedrezeuropa\/wp-json\/wp\/v2\/types\/post"}],"author":[{"embeddable":true,"href":"https:\/\/www.bfv.cloud\/ajedrezeuropa\/wp-json\/wp\/v2\/users\/1"}],"replies":[{"embeddable":true,"href":"https:\/\/www.bfv.cloud\/ajedrezeuropa\/wp-json\/wp\/v2\/comments?post=3175"}],"version-history":[{"count":1,"href":"https:\/\/www.bfv.cloud\/ajedrezeuropa\/wp-json\/wp\/v2\/posts\/3175\/revisions"}],"predecessor-version":[{"id":3181,"href":"https:\/\/www.bfv.cloud\/ajedrezeuropa\/wp-json\/wp\/v2\/posts\/3175\/revisions\/3181"}],"wp:featuredmedia":[{"embeddable":true,"href":"https:\/\/www.bfv.cloud\/ajedrezeuropa\/wp-json\/wp\/v2\/media\/3176"}],"wp:attachment":[{"href":"https:\/\/www.bfv.cloud\/ajedrezeuropa\/wp-json\/wp\/v2\/media?parent=3175"}],"wp:term":[{"taxonomy":"category","embeddable":true,"href":"https:\/\/www.bfv.cloud\/ajedrezeuropa\/wp-json\/wp\/v2\/categories?post=3175"},{"taxonomy":"post_tag","embeddable":true,"href":"https:\/\/www.bfv.cloud\/ajedrezeuropa\/wp-json\/wp\/v2\/tags?post=3175"}],"curies":[{"name":"wp","href":"https:\/\/api.w.org\/{rel}","templated":true}]}}