{"id":3182,"date":"2014-11-01T17:13:00","date_gmt":"2014-11-01T17:13:00","guid":{"rendered":"https:\/\/www.bfv.cloud\/ajedrezeuropa\/index.php\/2014\/11\/01\/xiii-torneo-del-aceite-de-mora\/"},"modified":"2025-11-20T10:57:41","modified_gmt":"2025-11-20T10:57:41","slug":"xiii-torneo-del-aceite-de-mora","status":"publish","type":"post","link":"https:\/\/www.bfv.cloud\/ajedrezeuropa\/xiii-torneo-del-aceite-de-mora\/","title":{"rendered":"XIII \u00abTORNEO DEL ACEITE\u00bb DE MORA"},"content":{"rendered":"<div class=\"separator\" style=\"clear: both;text-align: center\">\n<a href=\"https:\/\/www.bfv.cloud\/ajedrezeuropa\/wp-content\/uploads\/2014\/11\/image-1-2.jpg\" style=\"clear: right;float: right;margin-bottom: 1em;margin-left: 1em\"><img fetchpriority=\"high\" decoding=\"async\" border=\"0\" src=\"https:\/\/www.bfv.cloud\/ajedrezeuropa\/wp-content\/uploads\/2014\/11\/image-1-2.jpg\" height=\"640\" width=\"451\" \/><\/a><\/div>\n<p>\n<span style=\"font-family: Trebuchet MS, sans-serif\"><b>El s\u00e1bado 15 de noviembre se disputar\u00e1 la 13\u00aa edici\u00f3n del popular \u00abTORNEO DEL ACEITE\u00bb de la localidad toledana de Mora. La organizaci\u00f3n del torneo corresponde al IMD de Mora y al CLUB DE AJEDREZ DE MORA, manteniendo el formato y las esencias fundamentales del torneo en cuanto a premios y categor\u00edas de juego.En el cartel de al lado y en las bases que publicamos abajo figuran los detalles para realizar las inscripciones. Esperamos que el cambio en las fechas de celebraci\u00f3n permita a todos los j\u00f3venes y mayores aficionados al ajedrez seguir disfrutando del juego como en los a\u00f1os anteriores.<\/b><\/span><\/p>\n<div class=\"separator\" style=\"clear: both;text-align: center\">\n<a href=\"https:\/\/www.bfv.cloud\/ajedrezeuropa\/wp-content\/uploads\/2014\/11\/image-10.jpg\" style=\"margin-left: 1em;margin-right: 1em\"><img decoding=\"async\" border=\"0\" src=\"https:\/\/www.bfv.cloud\/ajedrezeuropa\/wp-content\/uploads\/2014\/11\/image-10.jpg\" height=\"640\" width=\"451\" \/><\/a><\/div>\n<p><\/p>\n","protected":false},"excerpt":{"rendered":"<p>El s\u00e1bado 15 de noviembre se disputar\u00e1 la 13\u00aa edici\u00f3n del popular \u00abTORNEO DEL ACEITE\u00bb de la localidad toledana de Mora. La organizaci\u00f3n del torneo corresponde al IMD de Mora y al CLUB DE AJEDREZ DE MORA, manteniendo el formato y las esencias fundamentales del torneo en cuanto a premios y categor\u00edas de juego.En el [&hellip;]<\/p>\n","protected":false},"author":1,"featured_media":3183,"comment_status":"open","ping_status":"closed","sticky":false,"template":"","format":"standard","meta":{"footnotes":""},"categories":[1],"tags":[],"class_list":["post-3182","post","type-post","status-publish","format-standard","has-post-thumbnail","hentry","category-noticias"],"_links":{"self":[{"href":"https:\/\/www.bfv.cloud\/ajedrezeuropa\/wp-json\/wp\/v2\/posts\/3182","targetHints":{"allow":["GET"]}}],"collection":[{"href":"https:\/\/www.bfv.cloud\/ajedrezeuropa\/wp-json\/wp\/v2\/posts"}],"about":[{"href":"https:\/\/www.bfv.cloud\/ajedrezeuropa\/wp-json\/wp\/v2\/types\/post"}],"author":[{"embeddable":true,"href":"https:\/\/www.bfv.cloud\/ajedrezeuropa\/wp-json\/wp\/v2\/users\/1"}],"replies":[{"embeddable":true,"href":"https:\/\/www.bfv.cloud\/ajedrezeuropa\/wp-json\/wp\/v2\/comments?post=3182"}],"version-history":[{"count":1,"href":"https:\/\/www.bfv.cloud\/ajedrezeuropa\/wp-json\/wp\/v2\/posts\/3182\/revisions"}],"predecessor-version":[{"id":3185,"href":"https:\/\/www.bfv.cloud\/ajedrezeuropa\/wp-json\/wp\/v2\/posts\/3182\/revisions\/3185"}],"wp:featuredmedia":[{"embeddable":true,"href":"https:\/\/www.bfv.cloud\/ajedrezeuropa\/wp-json\/wp\/v2\/media\/3183"}],"wp:attachment":[{"href":"https:\/\/www.bfv.cloud\/ajedrezeuropa\/wp-json\/wp\/v2\/media?parent=3182"}],"wp:term":[{"taxonomy":"category","embeddable":true,"href":"https:\/\/www.bfv.cloud\/ajedrezeuropa\/wp-json\/wp\/v2\/categories?post=3182"},{"taxonomy":"post_tag","embeddable":true,"href":"https:\/\/www.bfv.cloud\/ajedrezeuropa\/wp-json\/wp\/v2\/tags?post=3182"}],"curies":[{"name":"wp","href":"https:\/\/api.w.org\/{rel}","templated":true}]}}