{"id":3186,"date":"2018-08-30T09:57:00","date_gmt":"2018-08-30T09:57:00","guid":{"rendered":"https:\/\/www.bfv.cloud\/ajedrezeuropa\/index.php\/2018\/08\/30\/el-iii-torneo-de-feria-de-mora-se-celebrara-el-domingo-9-de-septiembre\/"},"modified":"2025-11-20T10:57:44","modified_gmt":"2025-11-20T10:57:44","slug":"el-iii-torneo-de-feria-de-mora-se-celebrara-el-domingo-9-de-septiembre","status":"publish","type":"post","link":"https:\/\/www.bfv.cloud\/ajedrezeuropa\/el-iii-torneo-de-feria-de-mora-se-celebrara-el-domingo-9-de-septiembre\/","title":{"rendered":"EL III TORNEO DE FERIA DE MORA SE CELEBRAR\u00c1 EL DOMINGO 9 DE SEPTIEMBRE"},"content":{"rendered":"<div class=\"separator\" style=\"clear: both;text-align: center\">\n<a href=\"https:\/\/www.bfv.cloud\/ajedrezeuropa\/wp-content\/uploads\/2018\/08\/Cartelmora2018.jpg\" style=\"clear: left;float: left;margin-bottom: 1em;margin-right: 1em\"><img fetchpriority=\"high\" decoding=\"async\" border=\"0\" data-original-height=\"1600\" data-original-width=\"1140\" height=\"640\" src=\"https:\/\/blogger.googleusercontent.com\/img\/b\/R29vZ2xl\/AVvXsEgevmXl1r6SUAB5lR_5MQ65DrVOTEf78DY-u0DxFRonJ5yjibXwiOOXgPMMk-dI54R2Zse35yLTJqd21oP9eg5aFuT-zufDgaDxN4vKllCcVySXKvubv3n0aTRdeAlJfq0wwYVlKK3UZH8\/s640\/Cartel+mora+2018.jpg\" width=\"450\" \/><\/a><\/div>\n<p><span style=\", serif;font-size: large\"><i>La casa de la cultura de Mora albergar\u00e1 la 3\u00aa edici\u00f3n del Torneo de Feria el domingo 9 de septiembre en jornada de ma\u00f1ana.&nbsp;<\/i><\/span><br \/>\n<span style=\", serif;font-size: large\"><i>El ritmo de juego ser\u00e1 de 10 minutos por jugador + 5 segundos de incremento por movimiento dentro de un sistema suizo individual a 7 rondas.<\/i><\/span><br \/>\n<span style=\", serif;font-size: large\"><i>Se entregar\u00e1n 5 premios por cada categor\u00eda: absoluta, sub-16 y sub-12. Las inscripciones pueden realizarse en los correos electr\u00f3nicos:&nbsp;<a href=\"mailto:auroraborealmora@hotmail.com\"><b><u>auroraborealmora@hotmail.com<\/u><\/b><\/a>&nbsp;y&nbsp;<a href=\"mailto:felixtoribio@nuestroajedrezeneuropa.com\"><b><u>felixtoribio@nuestroajedrezeneuropa.com<\/u><\/b><\/a><\/i><\/span><\/p>\n<div class=\"separator\" style=\"clear: both;text-align: center\">\n<a href=\"https:\/\/www.bfv.cloud\/ajedrezeuropa\/wp-content\/uploads\/2018\/08\/BASESDELIIITORNEODEFERIASMORA2018_001.jpg\" style=\"margin-left: 1em;margin-right: 1em\"><img decoding=\"async\" border=\"0\" data-original-height=\"842\" data-original-width=\"595\" height=\"640\" src=\"https:\/\/blogger.googleusercontent.com\/img\/b\/R29vZ2xl\/AVvXsEjHgVQVIc1j0DB3iIw2BkNSzPUBkhsjanTJFlg8CpuLpEAaN7gmhZacx7MNS1yUTIS1R6-2zd1X4OepO8czVrg1-PUkUWWozlkN-3-Rt8E7T6nGuhb-pfraKV9ryT__wyC-5ihEgkvXsoo\/s640\/BASES+DEL+III+TORNEO+DE+FERIAS+MORA+2018_001.jpg\" width=\"450\" \/><\/a><\/div>\n<p><span style=\", serif;font-size: large\"><i><br \/><\/i><\/span><\/p>\n","protected":false},"excerpt":{"rendered":"<p>La casa de la cultura de Mora albergar\u00e1 la 3\u00aa edici\u00f3n del Torneo de Feria el domingo 9 de septiembre en jornada de ma\u00f1ana.&nbsp; El ritmo de juego ser\u00e1 de 10 minutos por jugador + 5 segundos de incremento por movimiento dentro de un sistema suizo individual a 7 rondas. Se entregar\u00e1n 5 premios por [&hellip;]<\/p>\n","protected":false},"author":1,"featured_media":3187,"comment_status":"open","ping_status":"closed","sticky":false,"template":"","format":"standard","meta":{"footnotes":""},"categories":[1],"tags":[],"class_list":["post-3186","post","type-post","status-publish","format-standard","has-post-thumbnail","hentry","category-noticias"],"_links":{"self":[{"href":"https:\/\/www.bfv.cloud\/ajedrezeuropa\/wp-json\/wp\/v2\/posts\/3186","targetHints":{"allow":["GET"]}}],"collection":[{"href":"https:\/\/www.bfv.cloud\/ajedrezeuropa\/wp-json\/wp\/v2\/posts"}],"about":[{"href":"https:\/\/www.bfv.cloud\/ajedrezeuropa\/wp-json\/wp\/v2\/types\/post"}],"author":[{"embeddable":true,"href":"https:\/\/www.bfv.cloud\/ajedrezeuropa\/wp-json\/wp\/v2\/users\/1"}],"replies":[{"embeddable":true,"href":"https:\/\/www.bfv.cloud\/ajedrezeuropa\/wp-json\/wp\/v2\/comments?post=3186"}],"version-history":[{"count":1,"href":"https:\/\/www.bfv.cloud\/ajedrezeuropa\/wp-json\/wp\/v2\/posts\/3186\/revisions"}],"predecessor-version":[{"id":3189,"href":"https:\/\/www.bfv.cloud\/ajedrezeuropa\/wp-json\/wp\/v2\/posts\/3186\/revisions\/3189"}],"wp:featuredmedia":[{"embeddable":true,"href":"https:\/\/www.bfv.cloud\/ajedrezeuropa\/wp-json\/wp\/v2\/media\/3187"}],"wp:attachment":[{"href":"https:\/\/www.bfv.cloud\/ajedrezeuropa\/wp-json\/wp\/v2\/media?parent=3186"}],"wp:term":[{"taxonomy":"category","embeddable":true,"href":"https:\/\/www.bfv.cloud\/ajedrezeuropa\/wp-json\/wp\/v2\/categories?post=3186"},{"taxonomy":"post_tag","embeddable":true,"href":"https:\/\/www.bfv.cloud\/ajedrezeuropa\/wp-json\/wp\/v2\/tags?post=3186"}],"curies":[{"name":"wp","href":"https:\/\/api.w.org\/{rel}","templated":true}]}}