{"id":3190,"date":"2013-07-22T21:58:00","date_gmt":"2013-07-22T21:58:00","guid":{"rendered":"https:\/\/www.bfv.cloud\/ajedrezeuropa\/index.php\/2013\/07\/22\/irene-simon-y-javier-valdepenas-completan-una-buena-actuacion-en-el-campeonato-de-espana-sub-14\/"},"modified":"2025-11-20T10:57:46","modified_gmt":"2025-11-20T10:57:46","slug":"irene-simon-y-javier-valdepenas-completan-una-buena-actuacion-en-el-campeonato-de-espana-sub-14","status":"publish","type":"post","link":"https:\/\/www.bfv.cloud\/ajedrezeuropa\/irene-simon-y-javier-valdepenas-completan-una-buena-actuacion-en-el-campeonato-de-espana-sub-14\/","title":{"rendered":"IRENE SIM\u00d3N Y JAVIER VALDEPE\u00d1AS COMPLETAN UNA BUENA ACTUACI\u00d3N EN EL CAMPEONATO DE ESPA\u00d1A SUB-14"},"content":{"rendered":"<table cellpadding=\"0\" cellspacing=\"0\" class=\"tr-caption-container\" style=\"float: right;margin-left: 1em;text-align: right\">\n<tbody>\n<tr>\n<td style=\"text-align: center\"><a href=\"https:\/\/www.bfv.cloud\/ajedrezeuropa\/wp-content\/uploads\/2013\/07\/IMG-20130722-WA0002.jpg\" style=\"clear: right;margin-bottom: 1em;margin-left: auto;margin-right: auto\"><img fetchpriority=\"high\" decoding=\"async\" border=\"0\" height=\"312\" src=\"https:\/\/blogger.googleusercontent.com\/img\/b\/R29vZ2xl\/AVvXsEi7IeMNh2LkT0bPmR6JWhH_Bm09TP7V7bWplhf6SP1hfe5FXKMkgos3UjjPEZ0YQEiaR_y73sfHCw_Gj2pCVRO7hmTS7x1oxf9tTMYb9bmkldDc7c2OlJors1WqRJqVuJIaEH3sUDKTccw\/s400\/IMG-20130722-WA0002.jpg\" width=\"400\" \/><\/a><\/td>\n<\/tr>\n<tr>\n<td class=\"tr-caption\" style=\"text-align: center\">Javier antes del comienzo de una de las rondas<\/td>\n<\/tr>\n<\/tbody>\n<\/table>\n<p>&nbsp;<span style=\"color: blue;font-family: Verdana, sans-serif\"><b>La categor\u00eda sub-14 de los campeonatos de Espa\u00f1a por edades terminaba el pasado s\u00e1bado tras 6 d\u00edas de competici\u00f3n y un gran nivel de juego. Irene Sim\u00f3n logra con sus 4 puntos la posici\u00f3n 12\u00aa de la clasificaci\u00f3n femenina nacional, mientras que Javier Valdepe\u00f1as alcanzaba 4,5 puntos, el 50% del total, mejorando en 17 posiciones su ranking inicial. Para nuestros 2 jugadores esta participaci\u00f3n ha supuesto un nuevo reto deportivo que lo han saldado con unos buenos resultados y con un importante nivel de juego. &nbsp;<\/b><\/span><\/p>\n<table cellpadding=\"0\" cellspacing=\"0\" class=\"tr-caption-container\" style=\"float: right;margin-left: 1em;text-align: right\">\n<tbody>\n<tr>\n<td style=\"text-align: center\"><a href=\"https:\/\/www.bfv.cloud\/ajedrezeuropa\/wp-content\/uploads\/2013\/07\/IMG-20130722-WA0005.jpg\" style=\"clear: right;margin-bottom: 1em;margin-left: auto;margin-right: auto\"><img decoding=\"async\" border=\"0\" height=\"280\" src=\"https:\/\/blogger.googleusercontent.com\/img\/b\/R29vZ2xl\/AVvXsEhLn8WkXs3Nvitab9PbAcFr6T8j-sncJs6zGuxS56c6S91prfPxvoETVaYpaHkkFzw_-8Qs3gqfYynqRSm8ZFJ5r4N3ScwQh_3abeYP0bpIr7M6dDWvt30hWGwETsc_-cCiTORmTl7gwSw\/s400\/IMG-20130722-WA0005.jpg\" width=\"400\" \/><\/a><\/td>\n<\/tr>\n<tr>\n<td class=\"tr-caption\" style=\"text-align: center\">Irene a punto de empezar la 3\u00aa ronda<\/td>\n<\/tr>\n<\/tbody>\n<\/table>\n<p><span style=\"color: blue;font-family: Verdana, sans-serif\"><b>La pr\u00f3xima cita con la competici\u00f3n, para ellos y otros 3 compa\u00f1eros m\u00e1s, ser\u00e1 el regional por equipos sub-16 que se celebrar\u00e1 en Toledo a principios de Septiembre. Antes, en concreto la pr\u00f3xima semana, tendr\u00e1n oportunidad de evaluar sus partidas y mejorar t\u00e9cnicamente en la sexta edici\u00f3n del campus de verano.&nbsp;<\/b><\/span><br \/>\n<span style=\"color: blue;font-family: Verdana, sans-serif\"><b>En una pr\u00f3xima noticia hablaremos de la categor\u00eda sub-16 del campeonato de Espa\u00f1a que se ha iniciado hoy en Salobre\u00f1a con la participaci\u00f3n de Isaac Lozano Osorio.<\/b><\/span><\/p>\n","protected":false},"excerpt":{"rendered":"<p>Javier antes del comienzo de una de las rondas &nbsp;La categor\u00eda sub-14 de los campeonatos de Espa\u00f1a por edades terminaba el pasado s\u00e1bado tras 6 d\u00edas de competici\u00f3n y un gran nivel de juego. Irene Sim\u00f3n logra con sus 4 puntos la posici\u00f3n 12\u00aa de la clasificaci\u00f3n femenina nacional, mientras que Javier Valdepe\u00f1as alcanzaba 4,5 [&hellip;]<\/p>\n","protected":false},"author":1,"featured_media":3191,"comment_status":"open","ping_status":"closed","sticky":false,"template":"","format":"standard","meta":{"footnotes":""},"categories":[1],"tags":[],"class_list":["post-3190","post","type-post","status-publish","format-standard","has-post-thumbnail","hentry","category-noticias"],"_links":{"self":[{"href":"https:\/\/www.bfv.cloud\/ajedrezeuropa\/wp-json\/wp\/v2\/posts\/3190","targetHints":{"allow":["GET"]}}],"collection":[{"href":"https:\/\/www.bfv.cloud\/ajedrezeuropa\/wp-json\/wp\/v2\/posts"}],"about":[{"href":"https:\/\/www.bfv.cloud\/ajedrezeuropa\/wp-json\/wp\/v2\/types\/post"}],"author":[{"embeddable":true,"href":"https:\/\/www.bfv.cloud\/ajedrezeuropa\/wp-json\/wp\/v2\/users\/1"}],"replies":[{"embeddable":true,"href":"https:\/\/www.bfv.cloud\/ajedrezeuropa\/wp-json\/wp\/v2\/comments?post=3190"}],"version-history":[{"count":1,"href":"https:\/\/www.bfv.cloud\/ajedrezeuropa\/wp-json\/wp\/v2\/posts\/3190\/revisions"}],"predecessor-version":[{"id":3193,"href":"https:\/\/www.bfv.cloud\/ajedrezeuropa\/wp-json\/wp\/v2\/posts\/3190\/revisions\/3193"}],"wp:featuredmedia":[{"embeddable":true,"href":"https:\/\/www.bfv.cloud\/ajedrezeuropa\/wp-json\/wp\/v2\/media\/3191"}],"wp:attachment":[{"href":"https:\/\/www.bfv.cloud\/ajedrezeuropa\/wp-json\/wp\/v2\/media?parent=3190"}],"wp:term":[{"taxonomy":"category","embeddable":true,"href":"https:\/\/www.bfv.cloud\/ajedrezeuropa\/wp-json\/wp\/v2\/categories?post=3190"},{"taxonomy":"post_tag","embeddable":true,"href":"https:\/\/www.bfv.cloud\/ajedrezeuropa\/wp-json\/wp\/v2\/tags?post=3190"}],"curies":[{"name":"wp","href":"https:\/\/api.w.org\/{rel}","templated":true}]}}