{"id":3194,"date":"2018-04-02T22:08:00","date_gmt":"2018-04-02T22:08:00","guid":{"rendered":"https:\/\/www.bfv.cloud\/ajedrezeuropa\/index.php\/2018\/04\/02\/buena-participacion-de-nuestro-ajedrez-en-el-regional-por-edades\/"},"modified":"2025-11-20T10:58:05","modified_gmt":"2025-11-20T10:58:05","slug":"buena-participacion-de-nuestro-ajedrez-en-el-regional-por-edades","status":"publish","type":"post","link":"https:\/\/www.bfv.cloud\/ajedrezeuropa\/buena-participacion-de-nuestro-ajedrez-en-el-regional-por-edades\/","title":{"rendered":"BUENA PARTICIPACI\u00d3N DE NUESTRO AJEDREZ EN EL REGIONAL POR EDADES"},"content":{"rendered":"<table align=\"center\" cellpadding=\"0\" cellspacing=\"0\" class=\"tr-caption-container\" style=\"margin-left: auto;margin-right: auto;text-align: center\">\n<tbody>\n<tr>\n<td style=\"text-align: center\"><a href=\"https:\/\/www.bfv.cloud\/ajedrezeuropa\/wp-content\/uploads\/2018\/04\/SAM_3779.jpg\" style=\"margin-left: auto;margin-right: auto\"><img fetchpriority=\"high\" decoding=\"async\" border=\"0\" data-original-height=\"887\" data-original-width=\"1600\" height=\"354\" src=\"https:\/\/blogger.googleusercontent.com\/img\/b\/R29vZ2xl\/AVvXsEh1tUTuYa7laFI15SyYzS414_KiS_1SOY284ikk7q2ygJTf1PoMZ3JAhslxhC0dz1pYg2QyKs58vSL0kdAiP6tAjgQNr7ZYcQb25K9L5nf-ufv8qMePkJ7pXWjiyGjLx1U55wXegvIKr4M\/s640\/SAM_3779.JPG\" width=\"640\" \/><\/a><\/td>\n<\/tr>\n<tr>\n<td class=\"tr-caption\" style=\"text-align: center\">Los 19 chicos y chicas que han participado en este Campeonato Regional por Edades junto a sus entrenadores<\/td>\n<\/tr>\n<\/tbody>\n<\/table>\n<p><span style=\"font-family: Verdana, sans-serif;font-size: large\">El Campeonato Regional por Edades celebrado del 23 al 26 de marzo en Albacete depar\u00f3 una buena actuaci\u00f3n de gran parte de los chicos y chicas que compon\u00edan el grupo de Nuestro Ajedrez en Europa.<\/span><br \/>\n<span style=\"font-family: Verdana, sans-serif;font-size: large\"><b><i><u>Irene Sim\u00f3n, subcampeona juvenil<\/u><\/i><\/b><\/span><\/p>\n<div class=\"separator\" style=\"clear: both;text-align: center\">\n<a href=\"https:\/\/www.bfv.cloud\/ajedrezeuropa\/wp-content\/uploads\/2018\/04\/IMG-20180324-WA0047.jpg\" style=\"clear: right;float: right;margin-bottom: 1em;margin-left: 1em\"><img decoding=\"async\" border=\"0\" data-original-height=\"1084\" data-original-width=\"1055\" height=\"400\" src=\"https:\/\/blogger.googleusercontent.com\/img\/b\/R29vZ2xl\/AVvXsEi9tKyvY7vwp3mTScVEH1x70bnpIUJct7Mo9AQnwZ9Aasq1tnO3wQIOEeimEgOEnLbghIXtOiYkbL3uhHsNIYZdQedsD5xfgdAP4B0L37ZsfJh-ctqf5PLgU1IDvDSBvN9SbAzl5IiFAYY\/s400\/IMG-20180324-WA0047.jpg\" width=\"388\" \/><\/a><\/div>\n<p><span style=\"font-family: Verdana, sans-serif;font-size: large\">En su \u00faltimo a\u00f1o dentro de la categor\u00eda sub-18, <\/span><b style=\"font-family: Verdana, sans-serif\"><span style=\"font-size: large\">Irene Sim\u00f3n Escalona<\/span><\/b><span style=\"font-family: Verdana, sans-serif;font-size: large\">, finaliz\u00f3 con 2 puntos, siendo segunda del femenino.&nbsp;<\/span><\/p>\n<table cellpadding=\"0\" cellspacing=\"0\" class=\"tr-caption-container\" style=\"float: left;text-align: left\">\n<tbody>\n<tr>\n<td style=\"text-align: center\"><a href=\"https:\/\/www.bfv.cloud\/ajedrezeuropa\/wp-content\/uploads\/2018\/04\/IMG_20180326_142925.jpg\" style=\"clear: left;margin-bottom: 1em;margin-left: auto;margin-right: auto\"><img decoding=\"async\" border=\"0\" data-original-height=\"997\" data-original-width=\"800\" height=\"320\" src=\"https:\/\/blogger.googleusercontent.com\/img\/b\/R29vZ2xl\/AVvXsEgVqlPJsdl1QfKzZLRjolEM73NIeU68AqvGCT142PNKXjV16zNwbziMmczm9iFvqXKbkXZN2PfuT2JoduX9vbWPknxaq6FZzfyx_Fl9uYb4NF-tSc6iccIXMZryPGW9wVkIRURYuGNcSF4\/s320\/IMG_20180326_142925.jpg\" width=\"256\" \/><\/a><\/td>\n<\/tr>\n<tr>\n<td class=\"tr-caption\" style=\"text-align: center\">Irene recoge su trofeo<\/td>\n<\/tr>\n<\/tbody>\n<\/table>\n<p><span style=\"font-family: Verdana, sans-serif;font-size: large\">Han sido m\u00e1s de 10 a\u00f1os de presencia en todos los regionales y en muchos nacionales, tanto individuales como por equipos, con momentos buenos y otros no tanto. En cualquier caso, su trayectoria y su personalidad, as\u00ed como la del resto de j\u00f3venes que han ido pasando a la categor\u00eda absoluta, ha engrandecido al ajedrez y a nuestras escuelas.&nbsp;<\/span><br \/>\n<span style=\"font-family: Verdana, sans-serif;font-size: large\">\u00a1\u00a1Enhorabuena y a seguir!!<\/span><br \/>\n<span style=\"font-family: Verdana, sans-serif;font-size: large\"><b><i><u>Roberto L\u00f3pez (S-18) y Alfredo Amador (S-16) a un paso de la medalla<\/u><\/i><\/b><\/span><br \/>\n<span style=\"font-family: Verdana, sans-serif;font-size: large\">Para <b>Roberto L\u00f3pez N\u00fa\u00f1ez<\/b>, primer a\u00f1o sub-18, y <b>Alfredo Amador And\u00fajar<\/p>\n<table cellpadding=\"0\" cellspacing=\"0\" class=\"tr-caption-container\" style=\"float: right;margin-left: 1em;text-align: right\">\n<tbody>\n<tr>\n<td style=\"text-align: center\"><a href=\"https:\/\/www.bfv.cloud\/ajedrezeuropa\/wp-content\/uploads\/2018\/04\/IMG-20180326-WA0019.jpg\" style=\"clear: left;margin-bottom: 1em;margin-left: auto;margin-right: auto\"><img loading=\"lazy\" decoding=\"async\" border=\"0\" data-original-height=\"1600\" data-original-width=\"1200\" height=\"320\" src=\"https:\/\/blogger.googleusercontent.com\/img\/b\/R29vZ2xl\/AVvXsEjaf-yc0qwSikAxHZmd-VVCcDAxh9YL7il5uQYoTMldPBip6g_PlH7gJ_7_Mag5vEBVAW5WWzdXkwRv3EIPjSKNK7qtQu2u5qEBjQYMPnUI8MHv9daYe4rDIhghE270oR7hm2H5xnj3Nas\/s320\/IMG-20180326-WA0019.jpg\" width=\"240\" \/><\/a><\/td>\n<\/tr>\n<tr>\n<td class=\"tr-caption\" style=\"text-align: center\">Alfredo Amador<\/td>\n<\/tr>\n<\/tbody>\n<\/table>\n<p><\/b>, tambi\u00e9n en su primer a\u00f1o sub-16, esta competici\u00f3n regional les ha permitido disfrutar de lo mejor de su juego en el tablero, aunque la recompensa deportiva no ha llegado a producirse en su totalidad. <\/p>\n<table cellpadding=\"0\" cellspacing=\"0\" class=\"tr-caption-container\" style=\"float: right;margin-left: 1em;text-align: right\">\n<tbody>\n<tr>\n<td style=\"text-align: center\"><a href=\"https:\/\/www.bfv.cloud\/ajedrezeuropa\/wp-content\/uploads\/2018\/04\/IMG-20180324-WA0025.jpg\" style=\"clear: right;margin-bottom: 1em;margin-left: auto;margin-right: auto\"><img loading=\"lazy\" decoding=\"async\" border=\"0\" data-original-height=\"1311\" data-original-width=\"838\" height=\"400\" src=\"https:\/\/blogger.googleusercontent.com\/img\/b\/R29vZ2xl\/AVvXsEh-2INvb9aCbk7wq84aFNkAwRZxF0lFV0AAXLu9neqbWHokDc9MoUaYuj7pQI0tksIK-kddkuMVt2loVC_dv1Qq8nYFbO4goEziEGWgAK0efdx_9xHi8dy2ktTdEm4rrTNI3Br66QRcZpE\/s400\/IMG-20180324-WA0025.jpg\" width=\"255\" \/><\/a><\/td>\n<\/tr>\n<tr>\n<td class=\"tr-caption\" style=\"text-align: center\">Roberto L\u00f3pez<\/td>\n<\/tr>\n<\/tbody>\n<\/table>\n<p>Las dos cuartas plazas logradas en el juvenil y en el sub-16, empatados con los mejores clasificados, no son suficiente premio para estos dos valores de la escuela de ajedrez de Villafranca y miembros del equipo sub-18 de Nuestro Ajedrez en Europa. Seguro que este deporte les dar\u00e1 nuevas oportunidades para recompensar su trabajo y esfuerzo.<\/span><br \/>\n<span style=\"font-family: Verdana, sans-serif;font-size: large\"><b><i><u>Destacadas actuaciones de Carlos P\u00e9rez y Alonso L\u00f3pez en el sub-12, de Roberto Yeghiazaryan en el sub-14 y de Mar\u00eda Oliver en el sub-16<\/u><\/i><\/b><\/span><\/p>\n<table align=\"center\" cellpadding=\"0\" cellspacing=\"0\" class=\"tr-caption-container\" style=\"margin-left: auto;margin-right: auto;text-align: center\">\n<tbody>\n<tr>\n<td style=\"text-align: center\"><a href=\"https:\/\/www.bfv.cloud\/ajedrezeuropa\/wp-content\/uploads\/2018\/04\/SAM_3795.jpg\" style=\"margin-left: auto;margin-right: auto\"><img loading=\"lazy\" decoding=\"async\" border=\"0\" data-original-height=\"822\" data-original-width=\"1600\" height=\"328\" src=\"https:\/\/blogger.googleusercontent.com\/img\/b\/R29vZ2xl\/AVvXsEjuu50F37_EDSKngxk1rmGOjhuHSHPXyaaJSt31aNbLOi9XsNaJuextJ7TEyyDa7qVYt7cbiSIbdLpkO-UOVx3ezfQSKQq_aTC9g4_ndMccccFhVPB3-NvnuH4-lNqeFPDL8hWUS9pk_ko\/s640\/SAM_3795.JPG\" width=\"640\" \/><\/a><\/td>\n<\/tr>\n<tr>\n<td class=\"tr-caption\" style=\"text-align: center\">Alonso y Carlos al comienzo de la partida que les enfrent\u00f3 en la mesa 2 del sub-12<\/td>\n<\/tr>\n<\/tbody>\n<\/table>\n<table align=\"center\" cellpadding=\"0\" cellspacing=\"0\" class=\"tr-caption-container\" style=\"float: left;margin-right: 1em;text-align: left\">\n<tbody>\n<tr>\n<td style=\"text-align: center\"><a href=\"https:\/\/www.bfv.cloud\/ajedrezeuropa\/wp-content\/uploads\/2018\/04\/SAM_3802.jpg\" style=\"margin-left: auto;margin-right: auto\"><img loading=\"lazy\" decoding=\"async\" border=\"0\" data-original-height=\"1464\" data-original-width=\"1600\" height=\"292\" src=\"https:\/\/blogger.googleusercontent.com\/img\/b\/R29vZ2xl\/AVvXsEhMfEMT1Ezk2EQvKAXuBhmue6nmogXqgzwnQRhAHBPMOfVX30XM7eVs8VfpGHs4_VUHSRoA5m1HckEdEW_DenEHpY5ktC-miX4efnU6zeWTERbQmoYaV9MgRS-VH7brrGy9N_PkWkJVvA8\/s320\/SAM_3802.JPG\" width=\"320\" \/><\/a><\/td>\n<\/tr>\n<tr>\n<td class=\"tr-caption\" style=\"text-align: center\">Aurora Corrales<\/td>\n<\/tr>\n<\/tbody>\n<\/table>\n<p><span style=\"font-family: Verdana, sans-serif;font-size: large\">Otros protagonistas de este campeonato han sido los 4 chicos del sub-12, en especial <b>Carlos P\u00e9rez<\/b>, 6\u00ba con 4,5 puntos, y <b>Alonso L\u00f3pez<\/b>, 8\u00ba con 4 puntos. La preparaci\u00f3n y la ambici\u00f3n de su juego les llev\u00f3 a estar luchando siempre en los primeros tableros de una categor\u00eda de mucho nivel en Castilla-La Mancha. <\/p>\n<table cellpadding=\"0\" cellspacing=\"0\" class=\"tr-caption-container\" style=\"float: left;margin-right: 1em;text-align: left\">\n<tbody>\n<tr>\n<td style=\"text-align: center\"><a href=\"https:\/\/www.bfv.cloud\/ajedrezeuropa\/wp-content\/uploads\/2018\/04\/SAM_3799.jpg\" style=\"clear: left;margin-bottom: 1em;margin-left: auto;margin-right: auto\"><img loading=\"lazy\" decoding=\"async\" border=\"0\" data-original-height=\"1425\" data-original-width=\"1600\" height=\"356\" src=\"https:\/\/blogger.googleusercontent.com\/img\/b\/R29vZ2xl\/AVvXsEgzM1aEvRJJNNlCJ9h9jDaTWmrJkSFn4q3i46IPI9PjMTe_d-SysfjPJ3RlREfTHPdncEJ6i6lM9Qoij_IL_RYHszHYSLonF2gNrFOpsVf64d41lyedNwVKy9Ma9W3ipLMcgWY_GirQXGs\/s400\/SAM_3799.JPG\" width=\"400\" \/><\/a><\/td>\n<\/tr>\n<tr>\n<td class=\"tr-caption\" style=\"text-align: center\">\u00c1ngel Collado<\/td>\n<\/tr>\n<\/tbody>\n<\/table>\n<p>Tambi\u00e9n hay que aplaudir la tenacidad de los otros dos sub-12 que han competido por Nuestro Ajedrez por la Igualdad: <b>Gabriel Amador<\/b>, 24\u00ba con 3 puntos, y el debutante <b>\u00c1ngel Collado<\/b>, 28\u00ba con 3 puntos, alumno de la escuela de ajedrez de Alc\u00e1zar desde fechas muy recientes y con un gran futuro por delante.&nbsp;<\/p>\n<table cellpadding=\"0\" cellspacing=\"0\" class=\"tr-caption-container\" style=\"float: right;margin-left: 1em;text-align: right\">\n<tbody>\n<tr>\n<td style=\"text-align: center\"><a href=\"https:\/\/www.bfv.cloud\/ajedrezeuropa\/wp-content\/uploads\/2018\/04\/SAM_3801.jpg\" style=\"clear: right;margin-bottom: 1em;margin-left: auto;margin-right: auto\"><img loading=\"lazy\" decoding=\"async\" border=\"0\" data-original-height=\"1200\" data-original-width=\"1600\" height=\"240\" src=\"https:\/\/blogger.googleusercontent.com\/img\/b\/R29vZ2xl\/AVvXsEjzdTJw9m2yyzo4UbELDE-uQdvNGhbWM7IZLgGx8DRBZT1lzE0icwPRezgETBxIBEO2Rk02LFAQUUESWYp0DtfkRN7sVPv7eC2p305Bp7uWo8vBa7joQRNZIB66Wd3ziUhVEnrf4FROpRo\/s320\/SAM_3801.JPG\" width=\"320\" \/><\/a><\/td>\n<\/tr>\n<tr>\n<td class=\"tr-caption\" style=\"text-align: center\">Gabriel Amador<\/td>\n<\/tr>\n<\/tbody>\n<\/table>\n<p><\/span><br \/>\n<span style=\"font-family: Verdana, sans-serif;font-size: large\"><b>Roberto Yeghiazaryan<\/b>&nbsp;en el sub-14 sumaba 4 puntos y lograba la posici\u00f3n 12\u00aa, despu\u00e9s de haber estado muy cerca de luchar por las 5 primeras plazas.<\/p>\n<table cellpadding=\"0\" cellspacing=\"0\" class=\"tr-caption-container\" style=\"float: right;margin-left: 1em;text-align: right\">\n<tbody>\n<tr>\n<td style=\"text-align: center\"><a href=\"https:\/\/www.bfv.cloud\/ajedrezeuropa\/wp-content\/uploads\/2018\/04\/IMG_20180323_170235.jpg\" style=\"clear: right;margin-bottom: 1em;margin-left: auto;margin-right: auto\"><img loading=\"lazy\" decoding=\"async\" border=\"0\" data-original-height=\"1492\" data-original-width=\"1484\" height=\"320\" src=\"https:\/\/blogger.googleusercontent.com\/img\/b\/R29vZ2xl\/AVvXsEiPp9y5WzZcTTnOj2wU783OrS3jf5q62OzLnDcDRnmdcTRle4F3DrXMbrLFE8kAbVgc-kat_NMYsJw7DLaLJnemmvvIx3eGE2RPWQsL60RGR-Q3bh7QPcFOvabAnkf4lcb58mABJphctzM\/s320\/IMG_20180323_170235.jpg\" width=\"318\" \/><\/a><\/td>\n<\/tr>\n<tr>\n<td class=\"tr-caption\" style=\"text-align: center\">Roberto Yeghiazaryan<\/td>\n<\/tr>\n<\/tbody>\n<\/table>\n<p><\/span><br \/>\n<span style=\"font-family: Verdana, sans-serif;font-size: large\">La categor\u00eda sub-16 femenina tambi\u00e9n nos ofreci\u00f3 varios aspectos a tener en cuenta. En primer lugar, <b>Mar\u00eda Oliver<\/b>, que con 3 puntos alcanz\u00f3 la 6\u00aa plaza, en el que ha sido uno de sus mejores campeonatos en los \u00faltimos a\u00f1os. Por otro lado, la experiencia y dedicaci\u00f3n de <b>Isabel Marcos-Alberca<\/b>, 8\u00aa con 2,5 puntos dentro del regional de edades, al que ha seguido una magn\u00edfica actuaci\u00f3n en el Internacional de La Roda con 3,5 puntos en el torneo finalizado este domingo.<\/p>\n<table cellpadding=\"0\" cellspacing=\"0\" class=\"tr-caption-container\" style=\"float: right;margin-left: 1em;text-align: right\">\n<tbody>\n<tr>\n<td style=\"text-align: center\"><a href=\"https:\/\/www.bfv.cloud\/ajedrezeuropa\/wp-content\/uploads\/2018\/04\/SAM_3787.jpg\" style=\"clear: right;margin-bottom: 1em;margin-left: auto;margin-right: auto\"><img loading=\"lazy\" decoding=\"async\" border=\"0\" data-original-height=\"1234\" data-original-width=\"1600\" height=\"307\" src=\"https:\/\/blogger.googleusercontent.com\/img\/b\/R29vZ2xl\/AVvXsEgMOnCDb0gO4ot5V7VlADYOkdsEQvSZed0-18NyCD0GzEUhqRPydbN9NYsSkObIbA6SxGOk3JzG8rqCYY63Xli-jjFRw_JT8A7FkAB68tv-CTs_unbNk6Kb0JwBU_fWZf4U_6ZRzC8zP9E\/s400\/SAM_3787.JPG\" width=\"400\" \/><\/a><\/td>\n<\/tr>\n<tr>\n<td class=\"tr-caption\" style=\"text-align: center\">Mar\u00eda Oliver<\/td>\n<\/tr>\n<\/tbody>\n<\/table>\n<p><\/span><br \/>\n<span style=\"font-family: Verdana, sans-serif;font-size: large\"><b><i><u>Otros resultados a resaltar<\/u><\/i><\/b><\/span><br \/>\n<span style=\"font-family: Verdana, sans-serif;font-size: large\">En el sub-16: <b>Arturo Mate<\/b>, 13\u00ba con 3,5 puntos, en su regreso a la competici\u00f3n regional.<\/span><br \/>\n<span style=\"font-family: Verdana, sans-serif;font-size: large\">En el sub-14: <b>Daniel Climent<\/b>, 25\u00ba con 3 puntos;<\/span><br \/>\n<span style=\"font-family: Verdana, sans-serif;font-size: large\"><b>Adri\u00e1n Alhambra<\/b>, 27\u00ba con 3 puntos, en el primer a\u00f1o dentro de la categor\u00eda.<\/p>\n<table align=\"center\" cellpadding=\"0\" cellspacing=\"0\" class=\"tr-caption-container\" style=\"margin-left: auto;margin-right: auto;text-align: center\">\n<tbody>\n<tr>\n<td style=\"text-align: center\"><a href=\"https:\/\/www.bfv.cloud\/ajedrezeuropa\/wp-content\/uploads\/2018\/04\/SAM_3784.jpg\" style=\"margin-left: auto;margin-right: auto\"><img loading=\"lazy\" decoding=\"async\" border=\"0\" data-original-height=\"654\" data-original-width=\"1600\" height=\"259\" src=\"https:\/\/blogger.googleusercontent.com\/img\/b\/R29vZ2xl\/AVvXsEgRvkQ3FLESPfqeMa9mPq8yu8g3BcR9qX_itfo0Id73Rpfxe1hv02f09JULR1F8zRLz5raC2A9mAZCoXmG8W0SxQZQxVWymKXGT-LJFNhuEiDwhvRTL_N7TcBzCUgcOl1ybP_BqM_SM2lo\/s640\/SAM_3784.JPG\" width=\"640\" \/><\/a><\/td>\n<\/tr>\n<tr>\n<td class=\"tr-caption\" style=\"text-align: center\">Arsenio L\u00f3pez y Arturo Mate<\/td>\n<\/tr>\n<\/tbody>\n<\/table>\n<p><\/span><br \/>\n<span style=\"font-family: Verdana, sans-serif;font-size: large\">En el sub-10: <b>\u00c1ngel Javier Pozos<\/b>, 21\u00ba con 4,5 puntos.<\/p>\n<table cellpadding=\"0\" cellspacing=\"0\" class=\"tr-caption-container\" style=\"float: left;margin-right: 1em;text-align: left\">\n<tbody>\n<tr>\n<td style=\"text-align: center\"><a href=\"https:\/\/www.bfv.cloud\/ajedrezeuropa\/wp-content\/uploads\/2018\/04\/SAM_3783.jpg\" style=\"clear: left;margin-bottom: 1em;margin-left: auto;margin-right: auto\"><img loading=\"lazy\" decoding=\"async\" border=\"0\" data-original-height=\"1447\" data-original-width=\"1600\" height=\"289\" src=\"https:\/\/blogger.googleusercontent.com\/img\/b\/R29vZ2xl\/AVvXsEi-QLUA8yDONfy5dPf04DN0H9abf4ZS8MG52lND0PS7r0i1smg7Er8JWTimfxWdJ7kTv09qWCD4P1RaGRXAhyH35_tFQ_0Yl3Ca9RWlpBMLZ7T0Nqv1sIE-I_T6P-YChyj0tppTS5rW7Yw\/s320\/SAM_3783.JPG\" width=\"320\" \/><\/a><\/td>\n<\/tr>\n<tr>\n<td class=\"tr-caption\" style=\"text-align: center\">Clara Vela<\/td>\n<\/tr>\n<\/tbody>\n<\/table>\n<p><\/span><br \/>\n<span style=\"font-family: Verdana, sans-serif;font-size: large\">Los 5 jugadores que completaron el grupo fueron:<\/span><br \/>\n<span style=\"font-family: Verdana, sans-serif;font-size: large\">Sub-16: <b>Arsenio L\u00f3pez<\/b>, 23\u00aa con 2 puntos;&nbsp;<b>Clara Vela<\/b>, 9\u00aa femenina con 1,5 puntos; <b>Pablo Vela<\/b>, 37\u00ba con 1 punto.<\/span><br \/>\n<span style=\"font-family: Verdana, sans-serif;font-size: large\">Sub-14: <b>Aurora Corrales<\/b>, 10\u00aa femenina, y <b>Marta Vela<\/b>, 11\u00aa femenina, ambas con 1 punto.<\/span><\/p>\n<table cellpadding=\"0\" cellspacing=\"0\" class=\"tr-caption-container\" style=\"float: right;margin-left: 1em;text-align: right\">\n<tbody>\n<tr>\n<td style=\"text-align: center\"><a href=\"https:\/\/www.bfv.cloud\/ajedrezeuropa\/wp-content\/uploads\/2018\/04\/SAM_3791.jpg\" style=\"clear: right;margin-bottom: 1em;margin-left: auto;margin-right: auto\"><img loading=\"lazy\" decoding=\"async\" border=\"0\" data-original-height=\"1200\" data-original-width=\"1600\" height=\"240\" src=\"https:\/\/blogger.googleusercontent.com\/img\/b\/R29vZ2xl\/AVvXsEjrupYoh-Wzkg2hNa255Czc94Z5FAzi7bSD6Rlv1WmJ5EhW7syXIOh2iFs6F_rpY8HZ85fInQbZMrdlzuE9IdtN0qw4xm1bSsm5GSBi-LXFqHl50jwO05m7DBfEPF38OChrHhIgec7S6Mc\/s320\/SAM_3791.JPG\" width=\"320\" \/><\/a><\/td>\n<\/tr>\n<tr>\n<td class=\"tr-caption\" style=\"text-align: center\">Marta Vela<\/td>\n<\/tr>\n<\/tbody>\n<\/table>\n<p><span style=\"font-family: Verdana, sans-serif;font-size: large\">Finalmente, agradecer la labor de los dos preparadores y monitores que han apoyado en todo lo posible a estos chicos y chicas dentro y fuera de la sala de juego. Gracias a <b>Isaac Lozano Osorio <\/b>y a <b>Silvia Toribio Camu\u00f1as<\/b>.<\/span><br \/>\n<span style=\"font-family: Verdana, sans-serif;font-size: large\">\u00a1\u00a1Enhorabuena a todos por hacer realidad una nueva experiencia \u00fanica!!<\/span><\/p>\n<table align=\"center\" cellpadding=\"0\" cellspacing=\"0\" class=\"tr-caption-container\" style=\"margin-left: auto;margin-right: auto;text-align: center\">\n<tbody>\n<tr>\n<td style=\"text-align: center\"><a href=\"https:\/\/www.bfv.cloud\/ajedrezeuropa\/wp-content\/uploads\/2018\/04\/IMG_20180325_163432.jpg\" style=\"margin-left: auto;margin-right: auto\"><img loading=\"lazy\" decoding=\"async\" border=\"0\" data-original-height=\"854\" data-original-width=\"1600\" height=\"340\" src=\"https:\/\/blogger.googleusercontent.com\/img\/b\/R29vZ2xl\/AVvXsEgAnrRwRuv8eMhxFOcc3s-AXa5Cq3ZdUKLFbRKmq0O2Kk4GmBX4COwyPJ_cuWG8hNrtOhGSFDoAa9IChoj_gYWBcGgnrdzVmGroo23pKIDV3qg6KwwyuAWmqWaovDUUy-FEDAijXK28Nyc\/s640\/IMG_20180325_163432.jpg\" width=\"640\" \/><\/a><\/td>\n<\/tr>\n<tr>\n<td class=\"tr-caption\" style=\"text-align: center\">\u00a1\u00a1Buena partida!!&nbsp;<\/td>\n<\/tr>\n<\/tbody>\n<\/table>\n<p><span style=\"font-family: Verdana, sans-serif;font-size: large\"><br \/><\/span><\/p>\n","protected":false},"excerpt":{"rendered":"<p>Los 19 chicos y chicas que han participado en este Campeonato Regional por Edades junto a sus entrenadores El Campeonato Regional por Edades celebrado del 23 al 26 de marzo en Albacete depar\u00f3 una buena actuaci\u00f3n de gran parte de los chicos y chicas que compon\u00edan el grupo de Nuestro Ajedrez en Europa. Irene Sim\u00f3n, [&hellip;]<\/p>\n","protected":false},"author":1,"featured_media":3195,"comment_status":"open","ping_status":"closed","sticky":false,"template":"","format":"standard","meta":{"footnotes":""},"categories":[1],"tags":[],"class_list":["post-3194","post","type-post","status-publish","format-standard","has-post-thumbnail","hentry","category-noticias"],"_links":{"self":[{"href":"https:\/\/www.bfv.cloud\/ajedrezeuropa\/wp-json\/wp\/v2\/posts\/3194","targetHints":{"allow":["GET"]}}],"collection":[{"href":"https:\/\/www.bfv.cloud\/ajedrezeuropa\/wp-json\/wp\/v2\/posts"}],"about":[{"href":"https:\/\/www.bfv.cloud\/ajedrezeuropa\/wp-json\/wp\/v2\/types\/post"}],"author":[{"embeddable":true,"href":"https:\/\/www.bfv.cloud\/ajedrezeuropa\/wp-json\/wp\/v2\/users\/1"}],"replies":[{"embeddable":true,"href":"https:\/\/www.bfv.cloud\/ajedrezeuropa\/wp-json\/wp\/v2\/comments?post=3194"}],"version-history":[{"count":1,"href":"https:\/\/www.bfv.cloud\/ajedrezeuropa\/wp-json\/wp\/v2\/posts\/3194\/revisions"}],"predecessor-version":[{"id":3210,"href":"https:\/\/www.bfv.cloud\/ajedrezeuropa\/wp-json\/wp\/v2\/posts\/3194\/revisions\/3210"}],"wp:featuredmedia":[{"embeddable":true,"href":"https:\/\/www.bfv.cloud\/ajedrezeuropa\/wp-json\/wp\/v2\/media\/3195"}],"wp:attachment":[{"href":"https:\/\/www.bfv.cloud\/ajedrezeuropa\/wp-json\/wp\/v2\/media?parent=3194"}],"wp:term":[{"taxonomy":"category","embeddable":true,"href":"https:\/\/www.bfv.cloud\/ajedrezeuropa\/wp-json\/wp\/v2\/categories?post=3194"},{"taxonomy":"post_tag","embeddable":true,"href":"https:\/\/www.bfv.cloud\/ajedrezeuropa\/wp-json\/wp\/v2\/tags?post=3194"}],"curies":[{"name":"wp","href":"https:\/\/api.w.org\/{rel}","templated":true}]}}