{"id":321,"date":"2017-05-31T11:11:00","date_gmt":"2017-05-31T11:11:00","guid":{"rendered":"https:\/\/www.bfv.cloud\/ajedrezeuropa\/index.php\/2017\/05\/31\/el-ajedrez-en-la-escuela-una-estrategia-educativa-finaliza-su-primer-curso-en-illescas\/"},"modified":"2025-11-20T10:16:14","modified_gmt":"2025-11-20T10:16:14","slug":"el-ajedrez-en-la-escuela-una-estrategia-educativa-finaliza-su-primer-curso-en-illescas","status":"publish","type":"post","link":"https:\/\/www.bfv.cloud\/ajedrezeuropa\/el-ajedrez-en-la-escuela-una-estrategia-educativa-finaliza-su-primer-curso-en-illescas\/","title":{"rendered":"\u00abEL AJEDREZ EN LA ESCUELA, UNA ESTRATEGIA EDUCATIVA\u00bb FINALIZA SU PRIMER CURSO EN ILLESCAS"},"content":{"rendered":"<table cellpadding=\"0\" cellspacing=\"0\" class=\"tr-caption-container\" style=\"float: left;margin-right: 1em;text-align: left\">\n<tbody>\n<tr>\n<td style=\"text-align: center\"><a href=\"https:\/\/www.bfv.cloud\/ajedrezeuropa\/wp-content\/uploads\/2017\/05\/MG_2591.jpg\" style=\"clear: left;margin-bottom: 1em;margin-left: auto;margin-right: auto\"><img fetchpriority=\"high\" decoding=\"async\" border=\"0\" data-original-height=\"988\" data-original-width=\"1600\" height=\"393\" src=\"https:\/\/blogger.googleusercontent.com\/img\/b\/R29vZ2xl\/AVvXsEiWeButDj6cYDQ7evoy2zMAMpRMKU4knZV9iHnTuI8mMBzsU5gy4Fxz7PAWDBh-6qWS8ENwnszIEESbuPM1JdDLQGgJVLG8NZ3Rl83ACfMwn4R2w6HIWUBxZI4709-PFMv05v_4zwqk3cY\/s640\/_MG_2591.JPG\" width=\"640\" \/><\/a><\/td>\n<\/tr>\n<tr>\n<td class=\"tr-caption\" style=\"text-align: center\">Jos\u00e9 Manuel Tofi\u00f1o, alcalde de Illescas, acompa\u00f1ado de M\u00f3nica,<br \/>directora del colegio Constituci\u00f3n, y del coordinador del proyecto,<br \/>F\u00e9lix Toribio<\/td>\n<\/tr>\n<\/tbody>\n<\/table>\n<p><span style=\"font-family: Verdana, sans-serif;font-size: large\">El CEIP La Constituci\u00f3n ha cerrado el curso inicial del proyecto \u00abEL AJEDREZ EN LA ESCUELA, UNA ESTRATEGIA EDUCATIVA\u00bb desarrollado durante 2017 en la localidad toledana de Illescas.&nbsp;<\/span><\/p>\n<table cellpadding=\"0\" cellspacing=\"0\" class=\"tr-caption-container\" style=\"float: left;margin-right: 1em;text-align: left\">\n<tbody>\n<tr>\n<td style=\"text-align: center\"><a href=\"https:\/\/www.bfv.cloud\/ajedrezeuropa\/wp-content\/uploads\/2017\/05\/IMG_20170529_102104.jpg\" style=\"clear: left;margin-bottom: 1em;margin-left: auto;margin-right: auto\"><img decoding=\"async\" border=\"0\" data-original-height=\"896\" data-original-width=\"1600\" height=\"223\" src=\"https:\/\/blogger.googleusercontent.com\/img\/b\/R29vZ2xl\/AVvXsEh1_MrSxzI1-vHSxfWLenixDOgw6rSYln9W_F6Gnx529eSU4jBA41dDVA_ThisvgQ7ls_Pf1x9sxUJ0pRJuZbwT1SlTbS6b-Gnj7O65zuxrSEifmpQuasBTbUCnroJhophCeThqZuZaLQQ\/s400\/IMG_20170529_102104.jpg\" width=\"400\" \/><\/a><\/td>\n<\/tr>\n<tr>\n<td class=\"tr-caption\" style=\"text-align: center\">\u00abSomos piezas de ajedrez\u00bb en los tableros gigantes de Ilarcuris<\/td>\n<\/tr>\n<\/tbody>\n<\/table>\n<table cellpadding=\"0\" cellspacing=\"0\" class=\"tr-caption-container\" style=\"float: left;margin-right: 1em;text-align: left\">\n<tbody>\n<tr>\n<td style=\"text-align: center\"><a href=\"https:\/\/www.bfv.cloud\/ajedrezeuropa\/wp-content\/uploads\/2017\/05\/IMG_20170529_101935.jpg\" style=\"clear: left;margin-bottom: 1em;margin-left: auto;margin-right: auto\"><img decoding=\"async\" border=\"0\" data-original-height=\"1600\" data-original-width=\"1296\" height=\"400\" src=\"https:\/\/blogger.googleusercontent.com\/img\/b\/R29vZ2xl\/AVvXsEhYtsSgH9J2pzxOIXpWsPvQ-Eiry1-rr8gIEYQlJyxMTXIW9D6LHCJ58qjg3Hl_YrrN7bEYXlEBftUjGXScCANNX6bS9jnSkKXk-plp74RmSUZdEJ9cMeTOH4EoJ-WVIdzhXEX91LTlvT0\/s400\/IMG_20170529_101935.jpg\" width=\"323\" \/><\/a><\/td>\n<\/tr>\n<tr>\n<td class=\"tr-caption\" style=\"text-align: center\">Confeccionando tableros de ajedrez con temperas<br \/>en el CEIP Ilarcuris<\/td>\n<\/tr>\n<\/tbody>\n<\/table>\n<p><span style=\"font-family: Verdana, sans-serif;font-size: large\">Jos\u00e9 Manuel Tofi\u00f1o, alcalde de Illescas, y Bel\u00e9n Beamud, concejala de Educaci\u00f3n y Deportes, vivieron de cerca las actividades que los alumnos y alumnas del Colegio Concertado Virgen de la Caridad y del propio Constituci\u00f3n disfrutaron durante la jornada final celebrada este martes 30 de mayo. Antes, los otros 4 colegios de Illescas, hab\u00edan disfrutado de estas mismas actividades en jornadas celebradas por Mart\u00edn Chico y Clara Campoamor, el martes 23 de mayo, y por Ilarcuris y El Greco, el pasado lunes 29 de mayo. De esta forma, m\u00e1s de 750 alumn@s de los centros educativos illescanos han tenido oportunidad de trabajar en grupo, y en estrecha colaboraci\u00f3n, el conjunto de actividades recogidas dentro de este primer periodo de \u00abEl ajedrez en las escuelas de Illescas\u00bb.&nbsp;<\/span><\/p>\n<table cellpadding=\"0\" cellspacing=\"0\" class=\"tr-caption-container\" style=\"float: right;margin-left: 1em;text-align: right\">\n<tbody>\n<tr>\n<td style=\"text-align: center\"><a href=\"https:\/\/www.bfv.cloud\/ajedrezeuropa\/wp-content\/uploads\/2017\/05\/FOTOAULA.jpg\" style=\"clear: right;margin-bottom: 1em;margin-left: auto;margin-right: auto\"><img loading=\"lazy\" decoding=\"async\" border=\"0\" data-original-height=\"467\" data-original-width=\"631\" height=\"295\" src=\"https:\/\/blogger.googleusercontent.com\/img\/b\/R29vZ2xl\/AVvXsEhRuw-uoz6dXa6r2Pn3AwGGpiCxy2FogbJ-BqUxJ6dCJADCkw9bgYx3kiizjLttzNY6lpkJvv_S6kP9Rzr2Stkf_bXojJ7NaRjeJgFiii5JXiH1T_uOhG_V_xgMs0FVqNDoK0w9s-b9KjA\/s400\/FOTO+AULA.jpg\" width=\"400\" \/><\/a><\/td>\n<\/tr>\n<tr>\n<td class=\"tr-caption\" style=\"text-align: center\">Trabajando las matem\u00e1ticas a trav\u00e9s de las piezas de ajedrez en el<br \/>CEIP Mart\u00edn Chico<\/td>\n<\/tr>\n<\/tbody>\n<\/table>\n<p><span style=\"font-family: Verdana, sans-serif;font-size: large\">Recordemos que, de enero a mayo de 2017, el alumnado de 1\u00ba y 2\u00ba de primaria de los colegios: Ilarcuris, Mart\u00edn Chico y La constituci\u00f3n, han sido los primeros en poder pilotar este ambicioso proyecto educativo elaborado espec\u00edficamente por los t\u00e9cnicos de \u00abNuestro Ajedrez en Europa\u00bb para Illescas.&nbsp;<\/p>\n<table align=\"center\" cellpadding=\"0\" cellspacing=\"0\" class=\"tr-caption-container\" style=\"margin-left: auto;margin-right: auto;text-align: center\">\n<tbody>\n<tr>\n<td style=\"text-align: center\"><a href=\"https:\/\/www.bfv.cloud\/ajedrezeuropa\/wp-content\/uploads\/2017\/05\/IMG_20170530_115633.jpg\" style=\"margin-left: auto;margin-right: auto\"><img loading=\"lazy\" decoding=\"async\" border=\"0\" data-original-height=\"776\" data-original-width=\"1600\" height=\"310\" src=\"https:\/\/blogger.googleusercontent.com\/img\/b\/R29vZ2xl\/AVvXsEgnT8ituHujH7iMX4FASfEUooqqbeQjD7gss34bS5k4oJmWkDqwydTBnQ6TUKMRtcPi5KkXCCwHUwWsBoVa2I9Fli7hGIcEI_Chz-HolB55FziZQczKQ4Qo384OWMo_QiQIULCBC9HvQNQ\/s640\/IMG_20170530_115633.jpg\" width=\"640\" \/><\/a><\/td>\n<\/tr>\n<tr>\n<td class=\"tr-caption\" style=\"text-align: center\">As\u00ed quedan de chulos los relojes de ajedrez cuando se trabaja en com\u00fan<\/td>\n<\/tr>\n<\/tbody>\n<\/table>\n<p><\/span><span style=\"font-family: Verdana, sans-serif;font-size: large\">El proyecto puesto en marcha por iniciativa del ayuntamiento, encabezado por su alcalde Jos\u00e9 Manuel Tofi\u00f1o, ha contado con una gran aceptaci\u00f3n por parte del grupo de maestr@s que han colaborado, del alumnado que ha recibido las clases y, por supuesto, de sus familias. Cada uno de estos grupos, relacionados de distinta forma con el proyecto, pero imprescindibles para su buen funcionamiento, han tenido oportunidad de valorar, calificar y mejorar los contenidos. <\/p>\n<table cellpadding=\"0\" cellspacing=\"0\" class=\"tr-caption-container\" style=\"float: right;margin-left: 1em;text-align: right\">\n<tbody>\n<tr>\n<td style=\"text-align: center\"><a href=\"https:\/\/www.bfv.cloud\/ajedrezeuropa\/wp-content\/uploads\/2017\/05\/FOTOPIRIZ.jpg\" style=\"clear: right;margin-bottom: 1em;margin-left: auto;margin-right: auto\"><img loading=\"lazy\" decoding=\"async\" border=\"0\" data-original-height=\"874\" data-original-width=\"933\" height=\"373\" src=\"https:\/\/blogger.googleusercontent.com\/img\/b\/R29vZ2xl\/AVvXsEhRZIQ-I3u_pMBOcfLO6O2pQz88V_OxrkYb6VqNQdAQhob3sYsbsTbNDEWv4RVumkZaGVijVQk3q1JkJ-RuQlxWu3yjTYA7m8xhFb79sIR5Zk6kHZ7vp4bMFV_9SE8He0jCt9ruagb4VyU\/s400\/FOTO+PIRIZ.jpg\" width=\"400\" \/><\/a><\/td>\n<\/tr>\n<tr>\n<td class=\"tr-caption\" style=\"text-align: center\">Trabajando la atenci\u00f3n con los juegos de las diferencias<br \/>en el Mart\u00edn Chico<\/td>\n<\/tr>\n<\/tbody>\n<\/table>\n<p>En el caso del profesorado, tambi\u00e9n han podido trabajar al lado del equipo humano de \u00abNuestro Ajedrez en Europa\u00bb y aconsejarles en el d\u00eda a d\u00eda de las clases.&nbsp;<\/span><span style=\"font-family: Verdana, sans-serif;font-size: large\">La utilizaci\u00f3n como herramienta educativa del ajedrez, aprovechando su transversalidad para mejorar la comprensi\u00f3n de materias como las matem\u00e1ticas, la lengua, etc., ha centrado el trabajo de todas las partes implicadas en este programa.&nbsp;<\/span><\/p>\n<table cellpadding=\"0\" cellspacing=\"0\" class=\"tr-caption-container\" style=\"clear: left;float: right;margin-bottom: 1em;margin-left: 1em;text-align: right\">\n<tbody>\n<tr>\n<td style=\"text-align: center\"><a href=\"https:\/\/www.bfv.cloud\/ajedrezeuropa\/wp-content\/uploads\/2017\/05\/cartel.jpg\" style=\"clear: right;margin-bottom: 1em;margin-left: auto;margin-right: auto\"><img loading=\"lazy\" decoding=\"async\" border=\"0\" data-original-height=\"1600\" data-original-width=\"1234\" height=\"320\" src=\"https:\/\/blogger.googleusercontent.com\/img\/b\/R29vZ2xl\/AVvXsEgW5lWVGw3FQc65KUsROW2phAdbRXbMhxARQgk786FY1sUImJlg_NM4Z78nnOa8UbTIHsGWsKyTFgccSw4OFjjTDXApnDsOL1C2t7dMYAc2tPzZ7ZcjoTvRUFozKI0_9BuaeKXHNKTbSYA\/s320\/cartel.jpg\" width=\"244\" \/><\/a><\/td>\n<\/tr>\n<tr>\n<td class=\"tr-caption\" style=\"text-align: center\">Cartel del proyecto desarrollado en Illescas en 2017&nbsp;<\/td>\n<\/tr>\n<\/tbody>\n<\/table>\n<p><span style=\"font-family: Verdana, sans-serif;font-size: large\"><br \/><\/span><br \/>\n<span style=\"font-family: Verdana, sans-serif;font-size: large\"><br \/><\/span><br \/>\n<span style=\"font-family: Verdana, sans-serif;font-size: large\">A partir de octubre de este a\u00f1o comenzar\u00e1 la 2\u00aa fase, con algunas nuevas caracter\u00edsticas a tener en cuenta: m\u00e1s colegios de Illescas que lo desarrollar\u00e1n y mayor n\u00famero de cursos, en concreto, se extender\u00e1 de 1\u00ba a 4\u00ba de primaria.<\/span><\/p>\n<div class=\"separator\" style=\"clear: both;text-align: center\">\n<\/div>\n","protected":false},"excerpt":{"rendered":"<p>Jos\u00e9 Manuel Tofi\u00f1o, alcalde de Illescas, acompa\u00f1ado de M\u00f3nica,directora del colegio Constituci\u00f3n, y del coordinador del proyecto,F\u00e9lix Toribio El CEIP La Constituci\u00f3n ha cerrado el curso inicial del proyecto \u00abEL AJEDREZ EN LA ESCUELA, UNA ESTRATEGIA EDUCATIVA\u00bb desarrollado durante 2017 en la localidad toledana de Illescas.&nbsp; \u00abSomos piezas de ajedrez\u00bb en los tableros gigantes de [&hellip;]<\/p>\n","protected":false},"author":1,"featured_media":322,"comment_status":"open","ping_status":"closed","sticky":false,"template":"","format":"standard","meta":{"footnotes":""},"categories":[1],"tags":[],"class_list":["post-321","post","type-post","status-publish","format-standard","has-post-thumbnail","hentry","category-noticias"],"_links":{"self":[{"href":"https:\/\/www.bfv.cloud\/ajedrezeuropa\/wp-json\/wp\/v2\/posts\/321","targetHints":{"allow":["GET"]}}],"collection":[{"href":"https:\/\/www.bfv.cloud\/ajedrezeuropa\/wp-json\/wp\/v2\/posts"}],"about":[{"href":"https:\/\/www.bfv.cloud\/ajedrezeuropa\/wp-json\/wp\/v2\/types\/post"}],"author":[{"embeddable":true,"href":"https:\/\/www.bfv.cloud\/ajedrezeuropa\/wp-json\/wp\/v2\/users\/1"}],"replies":[{"embeddable":true,"href":"https:\/\/www.bfv.cloud\/ajedrezeuropa\/wp-json\/wp\/v2\/comments?post=321"}],"version-history":[{"count":1,"href":"https:\/\/www.bfv.cloud\/ajedrezeuropa\/wp-json\/wp\/v2\/posts\/321\/revisions"}],"predecessor-version":[{"id":329,"href":"https:\/\/www.bfv.cloud\/ajedrezeuropa\/wp-json\/wp\/v2\/posts\/321\/revisions\/329"}],"wp:featuredmedia":[{"embeddable":true,"href":"https:\/\/www.bfv.cloud\/ajedrezeuropa\/wp-json\/wp\/v2\/media\/322"}],"wp:attachment":[{"href":"https:\/\/www.bfv.cloud\/ajedrezeuropa\/wp-json\/wp\/v2\/media?parent=321"}],"wp:term":[{"taxonomy":"category","embeddable":true,"href":"https:\/\/www.bfv.cloud\/ajedrezeuropa\/wp-json\/wp\/v2\/categories?post=321"},{"taxonomy":"post_tag","embeddable":true,"href":"https:\/\/www.bfv.cloud\/ajedrezeuropa\/wp-json\/wp\/v2\/tags?post=321"}],"curies":[{"name":"wp","href":"https:\/\/api.w.org\/{rel}","templated":true}]}}