{"id":3211,"date":"2016-02-22T14:23:00","date_gmt":"2016-02-22T14:23:00","guid":{"rendered":"https:\/\/www.bfv.cloud\/ajedrezeuropa\/index.php\/2016\/02\/22\/nuestro-ajedrez-en-europa-recoge-el-premio-provincial-en-la-xxiii-gala-del-deporte-de-la-diputacion-de-toledo\/"},"modified":"2025-11-20T10:58:10","modified_gmt":"2025-11-20T10:58:10","slug":"nuestro-ajedrez-en-europa-recoge-el-premio-provincial-en-la-xxiii-gala-del-deporte-de-la-diputacion-de-toledo","status":"publish","type":"post","link":"https:\/\/www.bfv.cloud\/ajedrezeuropa\/nuestro-ajedrez-en-europa-recoge-el-premio-provincial-en-la-xxiii-gala-del-deporte-de-la-diputacion-de-toledo\/","title":{"rendered":"NUESTRO AJEDREZ EN EUROPA RECOGE EL PREMIO PROVINCIAL EN LA XXIII GALA DEL DEPORTE DE LA DIPUTACI\u00d3N DE TOLEDO"},"content":{"rendered":"<table align=\"center\" cellpadding=\"0\" cellspacing=\"0\" class=\"tr-caption-container\" style=\"margin-left: auto;margin-right: auto;text-align: center\">\n<tbody>\n<tr>\n<td style=\"text-align: center\"><a href=\"https:\/\/www.bfv.cloud\/ajedrezeuropa\/wp-content\/uploads\/2016\/02\/SAM_2684.jpg\" style=\"margin-left: auto;margin-right: auto\"><img fetchpriority=\"high\" decoding=\"async\" border=\"0\" height=\"440\" src=\"https:\/\/blogger.googleusercontent.com\/img\/b\/R29vZ2xl\/AVvXsEjX7j00fjgMLI7ch-V7bWCYMtEtx2eR0RQZDSa_KLpmCkNitkp4W4cLhiw76oWzJN2PJHaQLl4CujwXeXxa9tHPO7aOsvpkc0gyhOUbQ2Y6s5JHT5uLKXosK8TlIJbB8BXGaiRVFj01W9g\/s640\/SAM_2684.JPG\" width=\"640\" \/><\/a><\/td>\n<\/tr>\n<tr>\n<td class=\"tr-caption\" style=\"text-align: center\">Los jugadores de nuestros clubes y escuelas estuvieron presentes durante la entrega del premio en la<br \/>\nXXIII GALA DEL DEPORTE de la Diputaci\u00f3n de Toledo. <br \/>\nDetr\u00e1s los 4 concejales de los ayuntamientos de Alc\u00e1zar y Villafranca que nos acompa\u00f1aron en<br \/>\nel Palacio de Congresos \u00abEl Greco\u00bb<\/td>\n<\/tr>\n<\/tbody>\n<\/table>\n<p><span style=\"color: #660000;, sans-serif\"><b>El s\u00e1bado por la tarde, el Palacio de Congresos \u00abEl Greco\u00bb de Toledo, acog\u00eda la XXIII GALA DEL DEPORTE de la Diputaci\u00f3n de Toledo entre un numeroso p\u00fablico que&nbsp;<\/b><\/span><\/p>\n<table cellpadding=\"0\" cellspacing=\"0\" class=\"tr-caption-container\" style=\"float: right;margin-left: 1em;text-align: right\">\n<tbody>\n<tr>\n<td style=\"text-align: center\"><a href=\"https:\/\/www.bfv.cloud\/ajedrezeuropa\/wp-content\/uploads\/2016\/02\/SAM_2690.jpg\" style=\"clear: right;margin-bottom: 1em;margin-left: auto;margin-right: auto\"><img decoding=\"async\" border=\"0\" height=\"226\" src=\"https:\/\/blogger.googleusercontent.com\/img\/b\/R29vZ2xl\/AVvXsEgfx-q4N2cXieOg94ccDWwZSEMcWCMMTz4De5wvkvDg7l_dkumXPw1qYJZBJeVpl4rVuc3fqRiPJF8T6I0Bg_Qrou5JAZdTV6DlN3c1OywJMi9QJrvdn79hi8t51kFXIpSUpkcAimF7XVQ\/s400\/SAM_2690.JPG\" width=\"400\" \/><\/a><\/td>\n<\/tr>\n<tr>\n<td class=\"tr-caption\" style=\"text-align: center\">El grupo de personas que acudieron a la Gala para vivir el momento<br \/>\nde la entrega del premio al club<\/td>\n<\/tr>\n<\/tbody>\n<\/table>\n<p><span style=\"color: #660000;, sans-serif\"><b>asisti\u00f3 al acto de entrega de los 50 galardones con los que se destacan las trayector\u00edas y resultados de otras tantas personas o clubes de la provincia. El premio entregado a NUESTRO AJEDREZ EN EUROPA es el reconocimiento al trabajo de a\u00f1os de centenares de chicos y chicas de las escuelas de ajedrez de Alc\u00e1zar y Villafranca. Por esta raz\u00f3n y &nbsp;porque era una buena ocasi\u00f3n para compartir una noche entre amigos, pedimos que el momento de la recogida del premio en el Palacio de Congresos pudieran vivirlo el m\u00e1ximo n\u00famero de nuestros jugadores y sus familias. En el acto tambi\u00e9n quisieron estar presentes los representantes institucionales de los ayuntamientos de Villafranca y Alc\u00e1zar, en las personas de Emilio Alberca, Juanjo G\u00f3mez-Chac\u00f3n, Javier Ortega y Antonio Jes\u00fas Garc\u00eda, lo que elev\u00f3 a 35 el n\u00famero de personas que tuvieron oportunidad de estar presentes en Toledo.<\/b><\/span><br \/>\n<span style=\"color: #660000;, sans-serif\"><b>\u00a1\u00a1Muchas gracias a todos!!&nbsp;<\/b><\/span><\/p>\n<table align=\"center\" cellpadding=\"0\" cellspacing=\"0\" class=\"tr-caption-container\" style=\"margin-left: auto;margin-right: auto;text-align: center\">\n<tbody>\n<tr>\n<td style=\"text-align: center\"><a href=\"https:\/\/www.bfv.cloud\/ajedrezeuropa\/wp-content\/uploads\/2016\/02\/IMG-20160221-WA000.jpg\" style=\"margin-left: auto;margin-right: auto\"><img decoding=\"async\" border=\"0\" height=\"524\" src=\"https:\/\/blogger.googleusercontent.com\/img\/b\/R29vZ2xl\/AVvXsEh00xt9kdb8bLJmcTUGT2ze7yYRS2h8d89UNdp4WLA64ef_QXqcTXgNqWoP2wb3RlAHKKIDuH5hmUovRLt4hqDD1Si-hQmBFSdcxlW-SORZPYSY72OVtxVAsPMtOXe95U3WLGSgNmNN5Vs\/s640\/IMG-20160221-WA000.jpg\" width=\"640\" \/><\/a><\/td>\n<\/tr>\n<tr>\n<td class=\"tr-caption\" style=\"text-align: center\">Emilio Alberca, concejal de deportes de Villafranca de los Caballeros, entreg\u00f3 en trofeo<br \/>\na &nbsp;F\u00e9lix Toribio, responsable de Nuestro Ajedrez en Europa<\/td>\n<\/tr>\n<\/tbody>\n<\/table>\n<div class=\"separator\" style=\"clear: both;text-align: center\">\n<a href=\"https:\/\/www.bfv.cloud\/ajedrezeuropa\/wp-content\/uploads\/2016\/02\/IMG-20160221-WA008.jpg\" style=\"margin-left: 1em;margin-right: 1em\"><img loading=\"lazy\" decoding=\"async\" border=\"0\" height=\"180\" src=\"https:\/\/blogger.googleusercontent.com\/img\/b\/R29vZ2xl\/AVvXsEjkgr9pcEuKANl6tuBg_0f26YKDZ5saYitomLmSmYtZn3CVOgD4wVddubg7AzNhu1imJtz5Mkxmrx4jVhuu-B1Wt3yAjbDtPrG0VZGT_h8uCa96DhHp45Yc5GFh-CnyjPR6ebnWc2JCaYc\/s640\/IMG-20160221-WA008.jpg\" width=\"640\" \/><\/a><\/div>\n<p><\/p>\n","protected":false},"excerpt":{"rendered":"<p>Los jugadores de nuestros clubes y escuelas estuvieron presentes durante la entrega del premio en la XXIII GALA DEL DEPORTE de la Diputaci\u00f3n de Toledo. Detr\u00e1s los 4 concejales de los ayuntamientos de Alc\u00e1zar y Villafranca que nos acompa\u00f1aron en el Palacio de Congresos \u00abEl Greco\u00bb El s\u00e1bado por la tarde, el Palacio de Congresos [&hellip;]<\/p>\n","protected":false},"author":1,"featured_media":3212,"comment_status":"open","ping_status":"closed","sticky":false,"template":"","format":"standard","meta":{"footnotes":""},"categories":[1],"tags":[],"class_list":["post-3211","post","type-post","status-publish","format-standard","has-post-thumbnail","hentry","category-noticias"],"_links":{"self":[{"href":"https:\/\/www.bfv.cloud\/ajedrezeuropa\/wp-json\/wp\/v2\/posts\/3211","targetHints":{"allow":["GET"]}}],"collection":[{"href":"https:\/\/www.bfv.cloud\/ajedrezeuropa\/wp-json\/wp\/v2\/posts"}],"about":[{"href":"https:\/\/www.bfv.cloud\/ajedrezeuropa\/wp-json\/wp\/v2\/types\/post"}],"author":[{"embeddable":true,"href":"https:\/\/www.bfv.cloud\/ajedrezeuropa\/wp-json\/wp\/v2\/users\/1"}],"replies":[{"embeddable":true,"href":"https:\/\/www.bfv.cloud\/ajedrezeuropa\/wp-json\/wp\/v2\/comments?post=3211"}],"version-history":[{"count":1,"href":"https:\/\/www.bfv.cloud\/ajedrezeuropa\/wp-json\/wp\/v2\/posts\/3211\/revisions"}],"predecessor-version":[{"id":3216,"href":"https:\/\/www.bfv.cloud\/ajedrezeuropa\/wp-json\/wp\/v2\/posts\/3211\/revisions\/3216"}],"wp:featuredmedia":[{"embeddable":true,"href":"https:\/\/www.bfv.cloud\/ajedrezeuropa\/wp-json\/wp\/v2\/media\/3212"}],"wp:attachment":[{"href":"https:\/\/www.bfv.cloud\/ajedrezeuropa\/wp-json\/wp\/v2\/media?parent=3211"}],"wp:term":[{"taxonomy":"category","embeddable":true,"href":"https:\/\/www.bfv.cloud\/ajedrezeuropa\/wp-json\/wp\/v2\/categories?post=3211"},{"taxonomy":"post_tag","embeddable":true,"href":"https:\/\/www.bfv.cloud\/ajedrezeuropa\/wp-json\/wp\/v2\/tags?post=3211"}],"curies":[{"name":"wp","href":"https:\/\/api.w.org\/{rel}","templated":true}]}}