{"id":3219,"date":"2012-02-18T20:18:00","date_gmt":"2012-02-18T20:18:00","guid":{"rendered":"https:\/\/www.bfv.cloud\/ajedrezeuropa\/index.php\/2012\/02\/18\/los-valores-del-ajedrez-en-el-ateneo-de-alcazar\/"},"modified":"2025-11-20T10:58:14","modified_gmt":"2025-11-20T10:58:14","slug":"los-valores-del-ajedrez-en-el-ateneo-de-alcazar","status":"publish","type":"post","link":"https:\/\/www.bfv.cloud\/ajedrezeuropa\/los-valores-del-ajedrez-en-el-ateneo-de-alcazar\/","title":{"rendered":"\u00abLOS VALORES DEL AJEDREZ\u00bb EN EL ATENEO DE ALC\u00c1ZAR"},"content":{"rendered":"<table cellpadding=\"0\" cellspacing=\"0\" class=\"tr-caption-container\" style=\"float: left;margin-right: 1em;text-align: left\">\n<tbody>\n<tr>\n<td style=\"text-align: center\"><a href=\"https:\/\/www.bfv.cloud\/ajedrezeuropa\/wp-content\/uploads\/2012\/02\/FOTOSCONFERENCIAATENEO005.jpg\" style=\"clear: left;margin-bottom: 1em;margin-left: auto;margin-right: auto\"><img fetchpriority=\"high\" decoding=\"async\" border=\"0\" height=\"300\" src=\"https:\/\/blogger.googleusercontent.com\/img\/b\/R29vZ2xl\/AVvXsEi4LUpjDf2r5xKgPs2YJ236V6nPok2hy1EYQiBoR58BjMqbXhcedJhFHOznZ5doEJ5oyEpZWKQV-Htd5xuFJ1i5Y4MMGiQ44lXfDfZI2LFSEWgup2QmY5RZnW6mo9QPDImsmJyksydhQrM\/s400\/FOTOS+CONFERENCIA+ATENEO+005.jpg\" width=\"400\" \/><\/a><\/td>\n<\/tr>\n<tr>\n<td class=\"tr-caption\" style=\"text-align: center\">El presidente del Ateneo, Luis \u00c1ngel Agenjo\u00bb&nbsp;entrega un <br \/>\nlote de libros y un atril como recuerdo de la conferencia<\/td>\n<\/tr>\n<\/tbody>\n<\/table>\n<p><strong><span style=\", sans-serif\">Ayer, viernes 17 de febrero, el Ateneo de Alc\u00e1zar abr\u00eda sus puertas para acercar el mundo del ajedrez a todos sus asociados y amigos.&nbsp;Adem\u00e1s, la conferencia \u00abLos&nbsp; Valores del Ajedrez\u00bb, reuni\u00f3 a un numeroso p\u00fablico interesado en conocer las utilidades educativas, sociales y terap\u00e9uticas del \u00abdeporte de la mente\u00bb. Queremos agradecer a todos los miembros del Ateneo,&nbsp;y en especial a su presidente, el trato enormemente cordial&nbsp;<\/span><\/strong><br \/>\n\ufeff <\/p>\n<table cellpadding=\"0\" cellspacing=\"0\" class=\"tr-caption-container\" style=\"float: right;margin-left: 1em;text-align: right\">\n<tbody>\n<tr>\n<td style=\"text-align: center\"><a href=\"https:\/\/www.bfv.cloud\/ajedrezeuropa\/wp-content\/uploads\/2012\/02\/FOTOSCONFERENCIAATENEO001.jpg\" style=\"clear: right;margin-bottom: 1em;margin-left: auto;margin-right: auto\"><img decoding=\"async\" border=\"0\" height=\"300\" src=\"https:\/\/blogger.googleusercontent.com\/img\/b\/R29vZ2xl\/AVvXsEgFBYbrOm9DiIebvrJl84AeuCzrcBecSUS4PZZOFfebWmTyKBEluPrnqrcoIWu-1a-ymRK1EDDFdBO1WmQA90yxad3-IiOa8tjXKsDkuDd6-WWxpok-i0ZiPwiKg_m4cDMNPrivgKEZf74\/s400\/FOTOS+CONFERENCIA+ATENEO+001.jpg\" width=\"400\" \/><\/a><\/td>\n<\/tr>\n<tr>\n<td class=\"tr-caption\" style=\"text-align: center\">Una foto al inicio de la conferencia <\/td>\n<\/tr>\n<\/tbody>\n<\/table>\n<p>\ufeff <strong><span style=\", sans-serif\">y amigable que nos han dispensado. Tambi\u00e9n deseamos dar las gracias al resto del p\u00fablico y&nbsp;a los representantes pol\u00edticos que nos acompa\u00f1aron, Manuel de la Gu\u00eda (Tte. de alcalde y concejal de deportes del ayuntamiento alcazare\u00f1o) y Ana&nbsp;Bel\u00e9n Tejado (en nombre del portavoz&nbsp;municipal socialista, Jos\u00e9 Fernando S\u00e1nchez B\u00f3dalo).&nbsp;<\/span><\/strong><\/p>\n","protected":false},"excerpt":{"rendered":"<p>El presidente del Ateneo, Luis \u00c1ngel Agenjo\u00bb&nbsp;entrega un lote de libros y un atril como recuerdo de la conferencia Ayer, viernes 17 de febrero, el Ateneo de Alc\u00e1zar abr\u00eda sus puertas para acercar el mundo del ajedrez a todos sus asociados y amigos.&nbsp;Adem\u00e1s, la conferencia \u00abLos&nbsp; Valores del Ajedrez\u00bb, reuni\u00f3 a un numeroso p\u00fablico interesado [&hellip;]<\/p>\n","protected":false},"author":1,"featured_media":3220,"comment_status":"open","ping_status":"closed","sticky":false,"template":"","format":"standard","meta":{"footnotes":""},"categories":[1],"tags":[],"class_list":["post-3219","post","type-post","status-publish","format-standard","has-post-thumbnail","hentry","category-noticias"],"_links":{"self":[{"href":"https:\/\/www.bfv.cloud\/ajedrezeuropa\/wp-json\/wp\/v2\/posts\/3219","targetHints":{"allow":["GET"]}}],"collection":[{"href":"https:\/\/www.bfv.cloud\/ajedrezeuropa\/wp-json\/wp\/v2\/posts"}],"about":[{"href":"https:\/\/www.bfv.cloud\/ajedrezeuropa\/wp-json\/wp\/v2\/types\/post"}],"author":[{"embeddable":true,"href":"https:\/\/www.bfv.cloud\/ajedrezeuropa\/wp-json\/wp\/v2\/users\/1"}],"replies":[{"embeddable":true,"href":"https:\/\/www.bfv.cloud\/ajedrezeuropa\/wp-json\/wp\/v2\/comments?post=3219"}],"version-history":[{"count":1,"href":"https:\/\/www.bfv.cloud\/ajedrezeuropa\/wp-json\/wp\/v2\/posts\/3219\/revisions"}],"predecessor-version":[{"id":3222,"href":"https:\/\/www.bfv.cloud\/ajedrezeuropa\/wp-json\/wp\/v2\/posts\/3219\/revisions\/3222"}],"wp:featuredmedia":[{"embeddable":true,"href":"https:\/\/www.bfv.cloud\/ajedrezeuropa\/wp-json\/wp\/v2\/media\/3220"}],"wp:attachment":[{"href":"https:\/\/www.bfv.cloud\/ajedrezeuropa\/wp-json\/wp\/v2\/media?parent=3219"}],"wp:term":[{"taxonomy":"category","embeddable":true,"href":"https:\/\/www.bfv.cloud\/ajedrezeuropa\/wp-json\/wp\/v2\/categories?post=3219"},{"taxonomy":"post_tag","embeddable":true,"href":"https:\/\/www.bfv.cloud\/ajedrezeuropa\/wp-json\/wp\/v2\/tags?post=3219"}],"curies":[{"name":"wp","href":"https:\/\/api.w.org\/{rel}","templated":true}]}}