{"id":3223,"date":"2018-02-19T14:18:00","date_gmt":"2018-02-19T14:18:00","guid":{"rendered":"https:\/\/www.bfv.cloud\/ajedrezeuropa\/index.php\/2018\/02\/19\/la-escuela-de-villafranca-vence-en-las-categorias-mas-importantes-del-ajedrez-toledano\/"},"modified":"2025-11-20T10:58:22","modified_gmt":"2025-11-20T10:58:22","slug":"la-escuela-de-villafranca-vence-en-las-categorias-mas-importantes-del-ajedrez-toledano","status":"publish","type":"post","link":"https:\/\/www.bfv.cloud\/ajedrezeuropa\/la-escuela-de-villafranca-vence-en-las-categorias-mas-importantes-del-ajedrez-toledano\/","title":{"rendered":"LA ESCUELA DE VILLAFRANCA VENCE EN LAS CATEGOR\u00cdAS M\u00c1S IMPORTANTES DEL AJEDREZ TOLEDANO"},"content":{"rendered":"<table align=\"center\" cellpadding=\"0\" cellspacing=\"0\" class=\"tr-caption-container\" style=\"margin-left: auto;margin-right: auto;text-align: center\">\n<tbody>\n<tr>\n<td style=\"text-align: center\"><a href=\"https:\/\/www.bfv.cloud\/ajedrezeuropa\/wp-content\/uploads\/2018\/02\/SAM_3754.jpg\" style=\"margin-left: auto;margin-right: auto\"><img fetchpriority=\"high\" decoding=\"async\" border=\"0\" data-original-height=\"1111\" data-original-width=\"1600\" height=\"444\" src=\"https:\/\/blogger.googleusercontent.com\/img\/b\/R29vZ2xl\/AVvXsEhqjZbz-NA1t4aoyHhn3nITM2YnszDaBoBi99YPu_WrY4ErPnu0Hbd-UctystAhL_uaeh8YDEOYfbk0gXS7vvADAyd3eWJ3qL3bwQz1taP57un-vC43pYVT1FA4tm7P20W7o-TeTKtFFKQ\/s640\/SAM_3754.JPG\" width=\"640\" \/><\/a><\/td>\n<\/tr>\n<tr>\n<td class=\"tr-caption\" style=\"text-align: center\">Algunos de los chicos y chicas de la Escuela de Ajedrez de Villafranca que han competido en Toledo<\/td>\n<\/tr>\n<\/tbody>\n<\/table>\n<p><span style=\"color: #660000;font-family: Verdana, sans-serif;font-size: large\"><b><i><u>4 oros, 2 platas y un bronce<\/u><\/i><\/b><\/span><br \/>\n<span style=\"font-family: Verdana, sans-serif;font-size: large\"><b>El balance final de la Escuela de Villafranca en el Escolar y Federado de Toledo vuelve a situarnos al frente de las categor\u00edas juvenil y sub-16 (cadete) del ajedrez provincial. A los t\u00edtulos de campeones juveniles masculino y femenino a\u00f1adimos un oro y un bronce en la categor\u00eda cadete femenina, que se convierten en oro y plata en el sub-16 de chicas.<\/b><\/span><br \/>\n<span style=\"color: #660000;font-family: Verdana, sans-serif;font-size: large\"><b><i><u>Campeones absolutos del juvenil<\/u><\/i><\/b><\/span><\/p>\n<table cellpadding=\"0\" cellspacing=\"0\" class=\"tr-caption-container\" style=\"float: left;margin-right: 1em;text-align: left\">\n<tbody>\n<tr>\n<td style=\"text-align: center\"><a href=\"https:\/\/www.bfv.cloud\/ajedrezeuropa\/wp-content\/uploads\/2018\/02\/Robertoenelpodio.jpg\" style=\"clear: left;margin-bottom: 1em;margin-left: auto;margin-right: auto\"><img decoding=\"async\" border=\"0\" data-original-height=\"973\" data-original-width=\"327\" height=\"400\" src=\"https:\/\/blogger.googleusercontent.com\/img\/b\/R29vZ2xl\/AVvXsEgHhzAXLCjTISk9uHyZhrYmsNcl2MsIIfEE9KNj2ULLSX-cRpLtbl5T0-VwK7vG8a0k7nucwpRVB4ND4q7Y_6Qdh20Byu-EqGmmyo_6JhjE5XK629adOAWHPTabblNFUP3i0ZScEsGKAn4\/s400\/Roberto+en+el+podio.jpg\" width=\"131\" \/><\/a><\/td>\n<\/tr>\n<tr>\n<td class=\"tr-caption\" style=\"text-align: center\">Roberto. campe\u00f3n<\/td>\n<\/tr>\n<\/tbody>\n<\/table>\n<table cellpadding=\"0\" cellspacing=\"0\" class=\"tr-caption-container\" style=\"float: right;margin-left: 1em;text-align: right\">\n<tbody>\n<tr>\n<td style=\"text-align: center\"><a href=\"https:\/\/www.bfv.cloud\/ajedrezeuropa\/wp-content\/uploads\/2018\/02\/Ireneenelpodio.jpg\" style=\"clear: right;margin-bottom: 1em;margin-left: auto;margin-right: auto\"><img decoding=\"async\" border=\"0\" data-original-height=\"823\" data-original-width=\"194\" height=\"400\" src=\"https:\/\/blogger.googleusercontent.com\/img\/b\/R29vZ2xl\/AVvXsEg2epowwP-iuauz1vE7K3K1uEVNz5T7Rh8mli_yMhukYBfeMkkLBkomqAb-nr_vJaGE_yROq5g8iL0kV3qj7nwi7sH4C2Co8gDIdK7ppQpMWCkny4__4hkah2Kv7TB84WEZesN_k2pyh0Y\/s400\/Irene+en+el+podio.jpg\" width=\"91\" \/><\/a><\/td>\n<\/tr>\n<tr>\n<td class=\"tr-caption\" style=\"text-align: center\">Irene, campeona<\/td>\n<\/tr>\n<\/tbody>\n<\/table>\n<p><span style=\"font-family: Verdana, sans-serif;font-size: large\"><b><u>Roberto L\u00f3pez N\u00fa\u00f1ez<\/u>, destacado campe\u00f3n de la categor\u00eda sub-18 masculina, acompa\u00f1ado de <u>Irene Sim\u00f3n Escalona<\/u>, campeona de este juvenil y segunda en la clasificaci\u00f3n general por delante tambi\u00e9n del resto de chicos que lo han disputado, han vuelto a demostrar la calidad y superioridad de su juego.<\/b><\/span><br \/>\n<span style=\"color: #660000;font-family: Verdana, sans-serif;font-size: large\"><b><i><u>Al frente del sub-16 y el cadete femenino<\/u><\/i><\/b><\/span><\/p>\n<table cellpadding=\"0\" cellspacing=\"0\" class=\"tr-caption-container\" style=\"float: right;margin-left: 1em;text-align: right\">\n<tbody>\n<tr>\n<td style=\"text-align: center\"><a href=\"https:\/\/www.bfv.cloud\/ajedrezeuropa\/wp-content\/uploads\/2018\/02\/SAM_3766.jpg\" style=\"clear: right;margin-bottom: 1em;margin-left: auto;margin-right: auto\"><img loading=\"lazy\" decoding=\"async\" border=\"0\" data-original-height=\"1600\" data-original-width=\"1052\" height=\"400\" src=\"https:\/\/blogger.googleusercontent.com\/img\/b\/R29vZ2xl\/AVvXsEg9msMRBCAAD30Usw1-yJBs3-jG56wdkDl_VgNF4W70xsB7RyYqYloh6tfcd9ySu_DV3-LtGpFPk_8YhDjpYZVzQ4PXZRT_cVvpz-PT1QL3MJp66GkmxibCIAMBZtu6ibaJl6FxQL5EcUQ\/s400\/SAM_3766.JPG\" width=\"262\" \/><\/a><\/td>\n<\/tr>\n<tr>\n<td class=\"tr-caption\" style=\"text-align: center\">Mar\u00eda y M\u00f3nica se imponen en el sub-16<br \/>recibieron sus premios de manos de<br \/>Noelia P\u00e9rez<\/td>\n<\/tr>\n<\/tbody>\n<\/table>\n<p><span style=\"font-family: Verdana, sans-serif;font-size: large\"><b><u>Mar\u00eda Oliver Ropero<\/u>, se impuso con claridad en el cadete y sub-16 femenino con 4 puntos sobre 6.<\/b><\/span><br \/>\n<span style=\"font-family: Verdana, sans-serif;font-size: large\"><b><u>M\u00f3nica Monreal G\u00f3mez<\/u>, obtuvo el bronce en el cadete y la plata en el sub-16 en su segunda participaci\u00f3n en esta competici\u00f3n.<\/b><\/span><br \/>\n<span style=\"font-family: Verdana, sans-serif;font-size: large\"><b>Tanto Mar\u00eda como M\u00f3nica se han clasificado para la fase regional del Deporte en Edad Escolar, por lo que inicialmente la representaci\u00f3n de las escuelas de ajedrez de Alc\u00e1zar y Villafranca se elevar\u00e1 a 6 jugadores, una cuarta parte del total de clasificados por las provincias de Ciudad Real y Toledo.<\/b><\/span><br \/>\n<span style=\"font-family: Verdana, sans-serif;font-size: large\"><b><u>Alfredo Amador And\u00fajar<\/u>, dentro del apartado de chicos, consigui\u00f3 la 4\u00aa posici\u00f3n, aunque no le sirve para clasificarse en primera instancia para el regional. En el puesto 11 qued\u00f3 Luis Villarrubia con 2 puntos.<\/b><\/span><\/p>\n<table align=\"center\" cellpadding=\"0\" cellspacing=\"0\" class=\"tr-caption-container\" style=\"margin-left: auto;margin-right: auto;text-align: center\">\n<tbody>\n<tr>\n<td style=\"text-align: center\"><a href=\"https:\/\/www.bfv.cloud\/ajedrezeuropa\/wp-content\/uploads\/2018\/02\/SAM_3775.jpg\" style=\"margin-left: auto;margin-right: auto\"><img loading=\"lazy\" decoding=\"async\" border=\"0\" data-original-height=\"1600\" data-original-width=\"1499\" height=\"640\" src=\"https:\/\/blogger.googleusercontent.com\/img\/b\/R29vZ2xl\/AVvXsEhDUDeAbPoMufSZifDMNDb9vNzfsa5CPfX-iH_ucs88KLyL4eT-Q9iZD9ukdxIZqDhecpuWkVsX0cPZA3uJUzkulONpvHrdNAYRdD-7Igr5beGcGzljFu8RDPocLmaU4L-IerEkx6TB7dk\/s640\/SAM_3775.JPG\" width=\"594\" \/><\/a><\/td>\n<\/tr>\n<tr>\n<td class=\"tr-caption\" style=\"text-align: center\">11 han sido los trofeos conseguidos por las escuelas donde trabajan monitores de Nuestro Ajedrez en Europa<\/td>\n<\/tr>\n<\/tbody>\n<\/table>\n<p><span style=\"color: #660000;font-family: Verdana, sans-serif;font-size: large\"><b><i><u>Gran actuaci\u00f3n de los m\u00e1s peque\u00f1os en el Escolar Infantil<\/u><\/i><\/b><\/span><br \/>\n<span style=\"font-family: Verdana, sans-serif;font-size: large\"><b>A pesar de estar todos dentro de la categor\u00eda sub-12 y sub-10, los chicos y chicas de la escuela de Villafranca han luchado por las plazas que clasifican para el regional hasta la \u00faltima ronda. <u style=\"font-style: italic\">Alonso L\u00f3pez N\u00fa\u00f1ez<\/u>, 4\u00ba en la categor\u00eda infantil empatado a puntos con el 3er. clasificado, se ha situado 2\u00ba del sub-12. Mientras que, <u>Carlos P\u00e9rez Manzanedo<\/u>, queda 6\u00ba del infantil y 4\u00ba dentro del sub-12, en el grupo de jugadores con 6,5 puntos que ha clasificado para la fase regional del CRDEE. El resto de alumn@s han realizado un buen torneo, algun@s de ell@s en su primera prueba competitiva:<\/b><\/span><br \/>\n<span style=\"font-family: Verdana, sans-serif;font-size: large\"><b><u>\u00c1ngel Javier Pozos<\/u>, 8\u00ba sub-10 con 4,5 puntos.<\/b><\/span><br \/>\n<span style=\"font-family: Verdana, sans-serif;font-size: large\"><b>Con 4 puntos: <u>Julio Oliver<\/u>, 12\u00ba sub-10; <u>Gabriel Amador<\/u>, 14\u00ba sub-12; <u>Roberto Fern\u00e1ndez-Mazarambroz<\/u>, 16\u00ba sub-10; <u>Crist\u00f3bal Corrales<\/u>, 18\u00ba sub-10.<\/b><\/span><br \/>\n<span style=\"font-family: Verdana, sans-serif;font-size: large\"><b>Con 3 puntos: <u>Siara Ca\u00f1ada<\/u>, 8\u00aa sub-12; <u>Nicolas Corrales<\/u>&nbsp;e <u>Ignacio Roncero<\/u>.<\/b><\/span><br \/>\n<span style=\"font-family: Verdana, sans-serif;font-size: large\"><b><br \/><\/b><\/span><\/p>\n<div class=\"separator\" style=\"clear: both;text-align: center\">\n<a href=\"https:\/\/www.bfv.cloud\/ajedrezeuropa\/wp-content\/uploads\/2018\/02\/SAM_3755.jpg\" style=\"margin-left: 1em;margin-right: 1em\"><img loading=\"lazy\" decoding=\"async\" border=\"0\" data-original-height=\"1024\" data-original-width=\"1600\" height=\"408\" src=\"https:\/\/blogger.googleusercontent.com\/img\/b\/R29vZ2xl\/AVvXsEj38Cbva5v-xE746HUWxfB8LUZB4IAlS-f51J_QZ7fLqp9iHhlJKnT2vQVp5NZriMysyHPjQyXMIZra0dMCdAjCkF6RLZGYJzNd4WdRyficor7J9hP0BTuJqQKnWIyTwzg6HWuOoWBF5Z4\/s640\/SAM_3755.JPG\" width=\"640\" \/><\/a><\/div>\n<p><span style=\"font-family: Verdana, sans-serif;font-size: large\"><b><br \/><\/b><\/span><\/p>\n","protected":false},"excerpt":{"rendered":"<p>Algunos de los chicos y chicas de la Escuela de Ajedrez de Villafranca que han competido en Toledo 4 oros, 2 platas y un bronce El balance final de la Escuela de Villafranca en el Escolar y Federado de Toledo vuelve a situarnos al frente de las categor\u00edas juvenil y sub-16 (cadete) del ajedrez provincial. [&hellip;]<\/p>\n","protected":false},"author":1,"featured_media":3224,"comment_status":"open","ping_status":"closed","sticky":false,"template":"","format":"standard","meta":{"footnotes":""},"categories":[1],"tags":[],"class_list":["post-3223","post","type-post","status-publish","format-standard","has-post-thumbnail","hentry","category-noticias"],"_links":{"self":[{"href":"https:\/\/www.bfv.cloud\/ajedrezeuropa\/wp-json\/wp\/v2\/posts\/3223","targetHints":{"allow":["GET"]}}],"collection":[{"href":"https:\/\/www.bfv.cloud\/ajedrezeuropa\/wp-json\/wp\/v2\/posts"}],"about":[{"href":"https:\/\/www.bfv.cloud\/ajedrezeuropa\/wp-json\/wp\/v2\/types\/post"}],"author":[{"embeddable":true,"href":"https:\/\/www.bfv.cloud\/ajedrezeuropa\/wp-json\/wp\/v2\/users\/1"}],"replies":[{"embeddable":true,"href":"https:\/\/www.bfv.cloud\/ajedrezeuropa\/wp-json\/wp\/v2\/comments?post=3223"}],"version-history":[{"count":1,"href":"https:\/\/www.bfv.cloud\/ajedrezeuropa\/wp-json\/wp\/v2\/posts\/3223\/revisions"}],"predecessor-version":[{"id":3230,"href":"https:\/\/www.bfv.cloud\/ajedrezeuropa\/wp-json\/wp\/v2\/posts\/3223\/revisions\/3230"}],"wp:featuredmedia":[{"embeddable":true,"href":"https:\/\/www.bfv.cloud\/ajedrezeuropa\/wp-json\/wp\/v2\/media\/3224"}],"wp:attachment":[{"href":"https:\/\/www.bfv.cloud\/ajedrezeuropa\/wp-json\/wp\/v2\/media?parent=3223"}],"wp:term":[{"taxonomy":"category","embeddable":true,"href":"https:\/\/www.bfv.cloud\/ajedrezeuropa\/wp-json\/wp\/v2\/categories?post=3223"},{"taxonomy":"post_tag","embeddable":true,"href":"https:\/\/www.bfv.cloud\/ajedrezeuropa\/wp-json\/wp\/v2\/tags?post=3223"}],"curies":[{"name":"wp","href":"https:\/\/api.w.org\/{rel}","templated":true}]}}