{"id":3231,"date":"2014-07-05T16:59:00","date_gmt":"2014-07-05T16:59:00","guid":{"rendered":"https:\/\/www.bfv.cloud\/ajedrezeuropa\/index.php\/2014\/07\/05\/por-un-pacto-de-estado-por-la-infancia\/"},"modified":"2025-11-20T10:58:26","modified_gmt":"2025-11-20T10:58:26","slug":"por-un-pacto-de-estado-por-la-infancia","status":"publish","type":"post","link":"https:\/\/www.bfv.cloud\/ajedrezeuropa\/por-un-pacto-de-estado-por-la-infancia\/","title":{"rendered":"\u00a1\u00a1 POR UN PACTO DE ESTADO POR LA INFANCIA !!"},"content":{"rendered":"<div class=\"separator\" style=\"clear: both;text-align: center\">\n<a href=\"https:\/\/www.bfv.cloud\/ajedrezeuropa\/wp-content\/uploads\/2014\/07\/Googleplus-portada.jpg\" style=\"margin-left: 1em;margin-right: 1em\"><img fetchpriority=\"high\" decoding=\"async\" border=\"0\" src=\"https:\/\/www.bfv.cloud\/ajedrezeuropa\/wp-content\/uploads\/2014\/07\/Googleplus-portada.jpg\" height=\"360\" width=\"640\" \/><\/a><\/div>\n<div class=\"separator\" style=\"clear: both;text-align: center\">\n<\/div>\n<div class=\"separator\" style=\"clear: both;text-align: center\">\n<a href=\"https:\/\/www.bfv.cloud\/ajedrezeuropa\/wp-content\/uploads\/2014\/07\/Infografia_1.jpg\" style=\"margin-left: 1em;margin-right: 1em\"><img decoding=\"async\" border=\"0\" src=\"https:\/\/www.bfv.cloud\/ajedrezeuropa\/wp-content\/uploads\/2014\/07\/Infografia_1.jpg\" height=\"400\" width=\"400\" \/><\/a><\/div>\n<p><\/p>\n<div class=\"separator\" style=\"clear: both;text-align: center\">\n<a href=\"https:\/\/www.bfv.cloud\/ajedrezeuropa\/wp-content\/uploads\/2014\/07\/Infografia_2.jpg\" style=\"margin-left: 1em;margin-right: 1em\"><img decoding=\"async\" border=\"0\" src=\"https:\/\/www.bfv.cloud\/ajedrezeuropa\/wp-content\/uploads\/2014\/07\/Infografia_2.jpg\" height=\"400\" width=\"400\" \/><\/a><\/div>\n<p><\/p>\n<div style=\"margin-bottom: .0001pt;margin-bottom: 0cm;margin-left: 0cm;margin-right: 0cm;margin-top: 7.5pt\">\n<span style=\"color: #414141\">\u00a1Hola!<\/span><\/div>\n<div style=\"margin-bottom: .0001pt;margin-bottom: 0cm;margin-left: 0cm;margin-right: 0cm;margin-top: 7.5pt\">\n<span style=\"color: #414141\">En los \u00faltimos 25 a\u00f1os se han conseguido avances incre\u00edbles para<br \/>\nla infancia en nuestro pa\u00eds, pero los retos que nos quedan son enormes. As\u00ed lo<br \/>\nrefleja el informe <em>La<br \/>\nInfancia en Espa\u00f1a 2014<\/em>, de UNICEF Comit\u00e9 Espa\u00f1ol, que recoge datos<br \/>\npreocupantes sobre la situaci\u00f3n de los ni\u00f1os en nuestro pa\u00eds:<\/span><\/div>\n<div style=\"margin-bottom: .0001pt;margin-bottom: 0cm;margin-left: 0cm;margin-right: 0cm;margin-top: 7.5pt\">\n<span style=\"color: #414141\">\u2022 <strong>POBREZA<br \/>\nY DESIGUALDAD<\/strong>: un 27,5% de los ni\u00f1os vive en riesgo de pobreza<\/span><\/div>\n<div style=\"margin-bottom: .0001pt;margin-bottom: 0cm;margin-left: 0cm;margin-right: 0cm;margin-top: 7.5pt\">\n<span style=\"color: #414141\">\u2022 <strong>FRACASO<br \/>\nY ABANDONO ESCOLAR<\/strong>: en ambos casos, por encima del 23%<\/span><\/div>\n<div style=\"margin-bottom: .0001pt;margin-bottom: 0cm;margin-left: 0cm;margin-right: 0cm;margin-top: 7.5pt\">\n<span style=\"color: #414141\">Adem\u00e1s, en el informe se analiza otro gran problema: cada vez<br \/>\nnacen menos ni\u00f1os, de manera que <strong>en<br \/>\ndiez a\u00f1os puede haber un mill\u00f3n de ni\u00f1os menores de 10 a\u00f1os menos que ahora<\/strong>.<\/span><\/div>\n<div style=\"margin-bottom: .0001pt;margin-bottom: 0cm;margin-left: 0cm;margin-right: 0cm;margin-top: 7.5pt\">\n<span style=\"color: #414141\">Estamos convencidos de que otros escenarios son posibles. Por<br \/>\neso esta vez queremos llegar mucho m\u00e1s lejos haciendo un <strong>llamamiento al conjunto de la sociedad<br \/>\npara alcanzar un Pacto de Estado por la Infancia<\/strong>. Ni\u00f1os, ni\u00f1as,<br \/>\nfamilias, empresas, organizaciones sociales, sindicatos, administraciones<br \/>\np\u00fablicas y partidos pol\u00edticos: todos debemos implicarnos para avanzar en la<br \/>\naplicaci\u00f3n de los derechos del ni\u00f1o.<\/span><\/div>\n<div style=\"margin-bottom: .0001pt;margin-bottom: 0cm;margin-left: 0cm;margin-right: 0cm;margin-top: 7.5pt\">\n<strong><span style=\"color: #414141\">LOS NI\u00d1OS IMPORTAN, su valor social va mucho m\u00e1s all\u00e1 del \u00e1mbito<br \/>\ndom\u00e9stico; son un asunto de sus familias, pero tambi\u00e9n de todos<\/span><\/strong><span style=\"color: #414141\">. Porque sin ellos no<br \/>\nhay futuro.<\/span><\/div>\n<div style=\"margin-bottom: .0001pt;margin-bottom: 0cm;margin-left: 0cm;margin-right: 0cm;margin-top: 7.5pt\">\n<span style=\"color: #414141\">Firma en: <a href=\"http:\/\/e.unicef.es\/c\/r?EMID=096038SBT3UF4QEC8076HN901E6CVBK\">http:\/\/www.unicef.es\/pactoinfancia<\/a><\/span><\/div>\n<div style=\"margin-bottom: .0001pt;margin-bottom: 0cm;margin-left: 0cm;margin-right: 0cm;margin-top: 7.5pt\">\n<span style=\"color: #414141\">\u00a1Construyamos juntos un Pacto de Estado por la Infancia!<\/span><\/div>\n<div style=\"margin-bottom: .0001pt;margin-bottom: 0cm;margin-left: 0cm;margin-right: 0cm;margin-top: 7.5pt\">\n<span style=\"color: #414141\"><br \/><\/span><\/div>\n<p><span style=\"color: #414141;font-size: 12.0pt\">F\u00e9lix<\/span><\/p>\n","protected":false},"excerpt":{"rendered":"<p>\u00a1Hola! En los \u00faltimos 25 a\u00f1os se han conseguido avances incre\u00edbles para la infancia en nuestro pa\u00eds, pero los retos que nos quedan son enormes. As\u00ed lo refleja el informe La Infancia en Espa\u00f1a 2014, de UNICEF Comit\u00e9 Espa\u00f1ol, que recoge datos preocupantes sobre la situaci\u00f3n de los ni\u00f1os en nuestro pa\u00eds: \u2022 POBREZA Y [&hellip;]<\/p>\n","protected":false},"author":1,"featured_media":3232,"comment_status":"open","ping_status":"closed","sticky":false,"template":"","format":"standard","meta":{"footnotes":""},"categories":[1],"tags":[],"class_list":["post-3231","post","type-post","status-publish","format-standard","has-post-thumbnail","hentry","category-noticias"],"_links":{"self":[{"href":"https:\/\/www.bfv.cloud\/ajedrezeuropa\/wp-json\/wp\/v2\/posts\/3231","targetHints":{"allow":["GET"]}}],"collection":[{"href":"https:\/\/www.bfv.cloud\/ajedrezeuropa\/wp-json\/wp\/v2\/posts"}],"about":[{"href":"https:\/\/www.bfv.cloud\/ajedrezeuropa\/wp-json\/wp\/v2\/types\/post"}],"author":[{"embeddable":true,"href":"https:\/\/www.bfv.cloud\/ajedrezeuropa\/wp-json\/wp\/v2\/users\/1"}],"replies":[{"embeddable":true,"href":"https:\/\/www.bfv.cloud\/ajedrezeuropa\/wp-json\/wp\/v2\/comments?post=3231"}],"version-history":[{"count":1,"href":"https:\/\/www.bfv.cloud\/ajedrezeuropa\/wp-json\/wp\/v2\/posts\/3231\/revisions"}],"predecessor-version":[{"id":3235,"href":"https:\/\/www.bfv.cloud\/ajedrezeuropa\/wp-json\/wp\/v2\/posts\/3231\/revisions\/3235"}],"wp:featuredmedia":[{"embeddable":true,"href":"https:\/\/www.bfv.cloud\/ajedrezeuropa\/wp-json\/wp\/v2\/media\/3232"}],"wp:attachment":[{"href":"https:\/\/www.bfv.cloud\/ajedrezeuropa\/wp-json\/wp\/v2\/media?parent=3231"}],"wp:term":[{"taxonomy":"category","embeddable":true,"href":"https:\/\/www.bfv.cloud\/ajedrezeuropa\/wp-json\/wp\/v2\/categories?post=3231"},{"taxonomy":"post_tag","embeddable":true,"href":"https:\/\/www.bfv.cloud\/ajedrezeuropa\/wp-json\/wp\/v2\/tags?post=3231"}],"curies":[{"name":"wp","href":"https:\/\/api.w.org\/{rel}","templated":true}]}}