{"id":3236,"date":"2015-06-14T15:30:00","date_gmt":"2015-06-14T15:30:00","guid":{"rendered":"https:\/\/www.bfv.cloud\/ajedrezeuropa\/index.php\/2015\/06\/14\/campeones-por-equipos-sub-16-de-toledo\/"},"modified":"2025-11-20T10:58:31","modified_gmt":"2025-11-20T10:58:31","slug":"campeones-por-equipos-sub-16-de-toledo","status":"publish","type":"post","link":"https:\/\/www.bfv.cloud\/ajedrezeuropa\/campeones-por-equipos-sub-16-de-toledo\/","title":{"rendered":"\u00a1\u00a1CAMPEONES POR EQUIPOS SUB-16 DE TOLEDO!!"},"content":{"rendered":"<table align=\"center\" cellpadding=\"0\" cellspacing=\"0\" class=\"tr-caption-container\" style=\"float: right;margin-left: 1em;text-align: right\">\n<tbody>\n<tr>\n<td style=\"text-align: center\"><a href=\"https:\/\/www.bfv.cloud\/ajedrezeuropa\/wp-content\/uploads\/2015\/06\/SAM_1836.jpg\" style=\"margin-left: auto;margin-right: auto\"><img fetchpriority=\"high\" decoding=\"async\" border=\"0\" height=\"316\" src=\"https:\/\/blogger.googleusercontent.com\/img\/b\/R29vZ2xl\/AVvXsEgOeoIRmsN6bBuuKwJFDU2iNUhdLpq5SyOGk_HLEQJhSbSaGib57QaW_KnJ3-au1hfi787qVeuGJfyIvVblGH6Z2E3QAFgCtifW0cpP1a-Qf4MwEkD-aaLxdj17n2RvbQ2Ons8Hu_iD6vg\/s400\/SAM_1836.JPG\" width=\"400\" \/><\/a><\/td>\n<\/tr>\n<tr>\n<td class=\"tr-caption\" style=\"text-align: center\">Los jugadores de \u00abEuropa\u00bb y de la \u00abIgualdad\u00bb celebran juntos<br \/>\nel primer t\u00edtulo provincial por equipos sub-16<\/td>\n<\/tr>\n<\/tbody>\n<\/table>\n<p><span style=\"font-family: Helvetica Neue, Arial, Helvetica, sans-serif\"><b>La temporada 2015 sigue ofreciendo magn\u00edficos resultados para los equipos de NUESTRO AJEDREZ EN EUROPA. Si a principios de a\u00f1o era el equipo absoluto el que se alzaba con la victoria en el provincial de Toledo por equipos en la categor\u00eda absoluta, ahora son los chicos y chicas del equipo sub-16 los que consiguen, por primera vez en las 5 ediciones celebradas, el t\u00edtulo de campeones de Toledo por clubes. Recordemos que otras generaciones de jugadores del equipo sub-16 de NUESTRO AJEDREZ EN EUROPA ya obtuvieron premios muy importantes: Bronce del Campeonato de Espa\u00f1a 2011, 2 t\u00edtulos de campeones regionales en 2010 y 2011, m\u00e1s un subcampeonato de Castilla-La Mancha en 2012.<\/b><\/span><\/p>\n<table align=\"center\" cellpadding=\"0\" cellspacing=\"0\" class=\"tr-caption-container\" style=\"float: left;margin-right: 1em;text-align: left\">\n<tbody>\n<tr>\n<td style=\"text-align: center\"><a href=\"https:\/\/www.bfv.cloud\/ajedrezeuropa\/wp-content\/uploads\/2015\/06\/SAM_1831.jpg\" style=\"clear: left;margin-bottom: 1em;margin-left: auto;margin-right: auto\"><img decoding=\"async\" border=\"0\" height=\"340\" src=\"https:\/\/blogger.googleusercontent.com\/img\/b\/R29vZ2xl\/AVvXsEjmlGdLoCvQAsNzAdefQfiajnOvKAvmAdOgDVTjiNpIy9sMgMdaGbHhDPSyRl-POSYAc5z-VYCDoOUsn-puk-y9KTxOvkXQKc82cWyzovbKiHwOqImZR0ALLHhMsyPetnekYqwmlCIRQuo\/s400\/SAM_1831.JPG\" width=\"400\" \/><\/a><\/td>\n<\/tr>\n<tr>\n<td class=\"tr-caption\" style=\"text-align: center\">5 de los 7 jugadores de NUESTRO AJEDREZ EN EUROPA participantes<br \/>\nen este campeonato provincial recogen la espada toledana que<br \/>\nles acredita como campeones de 2015.<br \/>\nEl equipo campe\u00f3n formado por: Javier Valdepe\u00f1as, Julio M\u00e9rida, Roberto<br \/>\nL\u00f3pez, Alfredo Amador, Irene Sim\u00f3n, Marta Espinosa y Arturo Mate<\/td>\n<\/tr>\n<\/tbody>\n<\/table>\n<h4>\n<b style=\"font-family: 'Helvetica Neue', Arial, Helvetica, sans-serif\"><u style=\"background-color: white\"><span style=\"color: blue\"><i>La hegemon\u00eda de un proyecto de alcance regional y nacional<\/i><\/span><\/u><\/b><\/h4>\n<p><span style=\"font-family: Helvetica Neue, Arial, Helvetica, sans-serif\"><\/span><br \/>\n<b style=\"font-family: 'Helvetica Neue', Arial, Helvetica, sans-serif\">Se da la circunstancia a\u00f1adida que nunca un mismo club ha conseguido los t\u00edtulos de campeones provinciales de Toledo simult\u00e1neamente en las dos categor\u00edas de competici\u00f3n, absoluta y sub-16.&nbsp;<\/b><br \/>\n<span style=\"font-family: Helvetica Neue, Arial, Helvetica, sans-serif\"><b>Este proyecto, nacido de las escuelas de ajedrez de Alc\u00e1zar y Villafranca, sigue marcando hitos en el panorama deportivo de Castilla-La Mancha.<\/b><\/span><\/p>\n<table cellpadding=\"0\" cellspacing=\"0\" class=\"tr-caption-container\" style=\"float: left;text-align: left\">\n<tbody>\n<tr>\n<td style=\"text-align: center\"><a href=\"https:\/\/www.bfv.cloud\/ajedrezeuropa\/wp-content\/uploads\/2015\/06\/SAM_1830.jpg\" style=\"clear: left;margin-bottom: 1em;margin-left: auto;margin-right: auto\"><img decoding=\"async\" border=\"0\" height=\"245\" src=\"https:\/\/blogger.googleusercontent.com\/img\/b\/R29vZ2xl\/AVvXsEgFRhzUcoZfEQDUXXHAb2txSjRpTej-IJtTwxsQCXOxBwh5JzX4C9kdGZYN3Sw7vLtu_1Ro1EYbRr8mqt1HYqrl04nl5FkcGavQPVCBebTqdERVNSQkTlCg-QnQC_fttjvk2uZS6_MGQ3k\/s400\/SAM_1830.JPG\" width=\"400\" \/><\/a><\/td>\n<\/tr>\n<tr>\n<td class=\"tr-caption\" style=\"text-align: center\">Vista de la sala de juego den el Parque de las Tres Culturas<\/td>\n<\/tr>\n<\/tbody>\n<\/table>\n<p><span style=\"font-family: Helvetica Neue, Arial, Helvetica, sans-serif\"><b>Ayer, los tres enfrentamientos fueron &nbsp;decididos a su favor con gran &nbsp;solvencia por los j\u00f3venes &nbsp;jugadores del club NUESTRO &nbsp;AJEDREZ EN EUROPA, &nbsp;mientras que sus compa\u00f1eros &nbsp;de NUESTRO AJEDREZ POR &nbsp;LA IGUALDAD defin\u00edan con un &nbsp;juego de calidad el futuro &nbsp;esperanzador que acompa\u00f1a a &nbsp;las nuevas generaciones que &nbsp;siguen form\u00e1ndose dentro del &nbsp;proyecto. Del 3 al 6 de &nbsp;septiembre la ciudad de Albacete acoger\u00e1 las expediciones de los dos clubes, para continuar con la preparaci\u00f3n de sus ajedrecistas y disputar el Campeonato Regional por Equipos sub-16.<\/b><\/span><br \/>\n<span style=\"font-family: Helvetica Neue, Arial, Helvetica, sans-serif\"><b>El trabajo continuado que caracteriza la trayectoria de la numerosa cantera de las escuelas de ajedrez de Alc\u00e1zar y Villafranca se mantendr\u00e1 este verano gracias a la octava edici\u00f3n del campus de verano, donde nos acompa\u00f1ar\u00e1n algunos de los mejores profesores y monitores del panorama ajedrec\u00edstico nacional e internacional.&nbsp;<\/b><\/span><br \/>\n<span style=\"font-family: Helvetica Neue, Arial, Helvetica, sans-serif\"><b>\u00a1\u00a1ENHORABUENA A JUGADORES, ENTRENADORES, FAMILIARES E INSTITUCIONES QUE EST\u00c1IS DETR\u00c1S DE ESTOS \u00c9XITOS Y DE LOS PROYECTOS QUE TENEMOS EN MARCHA!! \u00a1\u00a1GRACIAS A TODOS!!<\/b><\/span><\/p>\n<div class=\"separator\" style=\"clear: both;text-align: center\">\n<a href=\"https:\/\/www.bfv.cloud\/ajedrezeuropa\/wp-content\/uploads\/2015\/06\/JPGCLASIFFINAL.jpg\" style=\"margin-left: 1em;margin-right: 1em\"><img loading=\"lazy\" decoding=\"async\" border=\"0\" height=\"86\" src=\"https:\/\/blogger.googleusercontent.com\/img\/b\/R29vZ2xl\/AVvXsEjUkHSzVxxAlC4_HzURzDH43EeZLAKITnBHQlPLNgjV6hrzgRnt_OrkbuUN9OZCJBZc3jtwwaJoZuZcRUruOKHmB-BuBv69PFLvFw24Xx4ejWbvC5_l8ajNlQzph7q1CRLoUUcyDskIkws\/s640\/JPG+CLASIF+FINAL.jpg\" width=\"640\" \/><\/a><\/div>\n<p><\/p>\n","protected":false},"excerpt":{"rendered":"<p>Los jugadores de \u00abEuropa\u00bb y de la \u00abIgualdad\u00bb celebran juntos el primer t\u00edtulo provincial por equipos sub-16 La temporada 2015 sigue ofreciendo magn\u00edficos resultados para los equipos de NUESTRO AJEDREZ EN EUROPA. Si a principios de a\u00f1o era el equipo absoluto el que se alzaba con la victoria en el provincial de Toledo por equipos [&hellip;]<\/p>\n","protected":false},"author":1,"featured_media":3237,"comment_status":"open","ping_status":"closed","sticky":false,"template":"","format":"standard","meta":{"footnotes":""},"categories":[1],"tags":[],"class_list":["post-3236","post","type-post","status-publish","format-standard","has-post-thumbnail","hentry","category-noticias"],"_links":{"self":[{"href":"https:\/\/www.bfv.cloud\/ajedrezeuropa\/wp-json\/wp\/v2\/posts\/3236","targetHints":{"allow":["GET"]}}],"collection":[{"href":"https:\/\/www.bfv.cloud\/ajedrezeuropa\/wp-json\/wp\/v2\/posts"}],"about":[{"href":"https:\/\/www.bfv.cloud\/ajedrezeuropa\/wp-json\/wp\/v2\/types\/post"}],"author":[{"embeddable":true,"href":"https:\/\/www.bfv.cloud\/ajedrezeuropa\/wp-json\/wp\/v2\/users\/1"}],"replies":[{"embeddable":true,"href":"https:\/\/www.bfv.cloud\/ajedrezeuropa\/wp-json\/wp\/v2\/comments?post=3236"}],"version-history":[{"count":1,"href":"https:\/\/www.bfv.cloud\/ajedrezeuropa\/wp-json\/wp\/v2\/posts\/3236\/revisions"}],"predecessor-version":[{"id":3241,"href":"https:\/\/www.bfv.cloud\/ajedrezeuropa\/wp-json\/wp\/v2\/posts\/3236\/revisions\/3241"}],"wp:featuredmedia":[{"embeddable":true,"href":"https:\/\/www.bfv.cloud\/ajedrezeuropa\/wp-json\/wp\/v2\/media\/3237"}],"wp:attachment":[{"href":"https:\/\/www.bfv.cloud\/ajedrezeuropa\/wp-json\/wp\/v2\/media?parent=3236"}],"wp:term":[{"taxonomy":"category","embeddable":true,"href":"https:\/\/www.bfv.cloud\/ajedrezeuropa\/wp-json\/wp\/v2\/categories?post=3236"},{"taxonomy":"post_tag","embeddable":true,"href":"https:\/\/www.bfv.cloud\/ajedrezeuropa\/wp-json\/wp\/v2\/tags?post=3236"}],"curies":[{"name":"wp","href":"https:\/\/api.w.org\/{rel}","templated":true}]}}