{"id":3242,"date":"2011-08-04T17:34:00","date_gmt":"2011-08-04T17:34:00","guid":{"rendered":"https:\/\/www.bfv.cloud\/ajedrezeuropa\/index.php\/2011\/08\/04\/unas-fotos-de-nuestro-campus\/"},"modified":"2025-11-20T10:58:40","modified_gmt":"2025-11-20T10:58:40","slug":"unas-fotos-de-nuestro-campus","status":"publish","type":"post","link":"https:\/\/www.bfv.cloud\/ajedrezeuropa\/unas-fotos-de-nuestro-campus\/","title":{"rendered":"UNAS FOTOS DE NUESTRO CAMPUS"},"content":{"rendered":"<p>\ufeff <\/p>\n<table cellpadding=\"0\" cellspacing=\"0\" class=\"tr-caption-container\" style=\"float: left;margin-right: 1em;text-align: left\">\n<tbody>\n<tr>\n<td style=\"border-bottom: medium none;border-left: medium none;border-right: medium none;border-top: medium none;text-align: center\"><a href=\"https:\/\/www.bfv.cloud\/ajedrezeuropa\/wp-content\/uploads\/2011\/08\/fotosIVCAMPUS011.jpg\" style=\"clear: left;margin-bottom: 1em;margin-left: auto;margin-right: auto\"><img fetchpriority=\"high\" decoding=\"async\" border=\"0\" height=\"240\" src=\"https:\/\/blogger.googleusercontent.com\/img\/b\/R29vZ2xl\/AVvXsEhqL45IOpYiaOS2bmoE9T0_eZcu-BH6ydtUWB_sAk8byNTpgMnIKc82iBri60LskmsTDVwsnwgRRIh19j5XOY5Drg-yvdf9qKOC0HAbQtv_VKDOXoTm5nfI8rsuy8wWXJ1RTaCWlcL1jcc\/s320\/fotos+IV+CAMPUS+011.jpg\" width=\"320\" \/><\/a><\/td>\n<\/tr>\n<tr>\n<td class=\"tr-caption\" style=\"border-bottom: medium none;border-left: medium none;border-right: medium none;border-top: medium none;text-align: center\">Clase de tecnificaci\u00f3n del gm Elizbar Ubilava<\/td>\n<\/tr>\n<\/tbody>\n<\/table>\n<p>\ufeff &nbsp;Aqu\u00ed os mostramos algunos momentos de las clases que se desarrollan durante el campus. Las fotos est\u00e1n sacadas hoy por la ma\u00f1ana. Seguiremos ofreciendo m\u00e1s im\u00e1genes durante los pr\u00f3ximos d\u00edas. <\/p>\n<div style=\"border-bottom: medium none;border-left: medium none;border-right: medium none;border-top: medium none\">&nbsp;\ufeff\ufeff\ufeff\ufeff\ufeff\ufeff\ufeff\ufeff\ufeff\ufeff\ufeff\ufeff\ufeff\ufeff\ufeff\ufeff<\/div>\n<table cellpadding=\"0\" cellspacing=\"0\" class=\"tr-caption-container\" style=\"clear: right;float: right;margin-bottom: 1em;text-align: right\">\n<tbody>\n<tr>\n<td style=\"text-align: center\"><a href=\"https:\/\/www.bfv.cloud\/ajedrezeuropa\/wp-content\/uploads\/2011\/08\/fotosIVCAMPUS010.jpg\" style=\"clear: right;margin-bottom: 1em;margin-left: auto;margin-right: auto\"><img decoding=\"async\" border=\"0\" height=\"240\" src=\"https:\/\/blogger.googleusercontent.com\/img\/b\/R29vZ2xl\/AVvXsEiBpQ_z46bHZ59OQCUbCEy3uLkNFpKGQTjAebR6NmChzqtAz3Jax-65MNshyphenhyphenQBCL9C4lw0xs8UZ0zL0oAkD9OtJ5fK4TfpqdnNyo3lSUs9dleH9Mjepb8Nlp4A-BtD-tAPH-Il8NiogfO0\/s320\/fotos+IV+CAMPUS+010.jpg\" width=\"320\" \/><\/a><\/td>\n<\/tr>\n<tr>\n<td class=\"tr-caption\" style=\"text-align: center\">Herminio Herr\u00e1iz planteando un ejercicio<\/td>\n<\/tr>\n<\/tbody>\n<\/table>\n<p>\n\ufeff<\/p>\n<table cellpadding=\"0\" cellspacing=\"0\" class=\"tr-caption-container\" style=\"clear: left;float: left;margin-bottom: 1em;text-align: center\">\n<tbody>\n<tr>\n<td style=\"border-bottom: medium none;border-left: medium none;border-right: medium none;border-top: medium none;text-align: center\"><a href=\"https:\/\/www.bfv.cloud\/ajedrezeuropa\/wp-content\/uploads\/2011\/08\/fotosIVCAMPUS012.jpg\" style=\"margin-left: auto;margin-right: auto\"><img decoding=\"async\" border=\"0\" height=\"240\" src=\"https:\/\/blogger.googleusercontent.com\/img\/b\/R29vZ2xl\/AVvXsEh6TIEaWfYWn5-_yhC1JC4UybvErxOijHvVh2Ml4t_Yj24oP_qbCP21_fBRFfa2oJjuHCN5613ORh_S6XcBdURyjIGzjuvYTPjI8RCAptAzKt7tqieRUhy9J5DCEmYFUNUvfalz7ZPiX5w\/s320\/fotos+IV+CAMPUS+012.jpg\" width=\"320\" \/><\/a><\/td>\n<\/tr>\n<tr>\n<td class=\"tr-caption\" style=\"text-align: center\">Resolviendo problemas <\/td>\n<\/tr>\n<\/tbody>\n<\/table>\n<p>\ufeff\ufeff\ufeff\ufeff\ufeff <\/p>\n<table align=\"center\" cellpadding=\"0\" cellspacing=\"0\" class=\"tr-caption-container\" style=\"float: right;margin-left: 1em;text-align: right\">\n<tbody>\n<tr>\n<td style=\"text-align: center\"><a href=\"https:\/\/www.bfv.cloud\/ajedrezeuropa\/wp-content\/uploads\/2011\/08\/fotosIVCAMPUS008.jpg\" style=\"clear: right;margin-bottom: 1em;margin-left: auto;margin-right: auto\"><img loading=\"lazy\" decoding=\"async\" border=\"0\" height=\"240\" src=\"https:\/\/blogger.googleusercontent.com\/img\/b\/R29vZ2xl\/AVvXsEhXYM1kX0l7Rdknbbc62Z9DkXBlfeLPn9i9_e_KFPejI508JHK2Tt4tfBo-o1GdTpukfdBdz8xAxwSFNyYtI_pgcR7OAsK5B05cTuDv7F_HoM57KDlFq7t6VZMeceedtDTHstUUbzxCdaA\/s320\/fotos+IV+CAMPUS+008.jpg\" width=\"320\" \/><\/a><\/td>\n<\/tr>\n<tr>\n<td class=\"tr-caption\" style=\"text-align: center\">El grupo de Ana Isabel Gonz\u00e1lez<\/td>\n<\/tr>\n<\/tbody>\n<\/table>\n<div class=\"separator\" style=\"clear: both;text-align: center\"><\/div>\n<div class=\"separator\" style=\"clear: both;text-align: center\"><\/div>\n<div class=\"separator\" style=\"clear: both;text-align: center\"><\/div>\n<p>\ufeff\ufeff\ufeff <\/p>\n<table cellpadding=\"0\" cellspacing=\"0\" class=\"tr-caption-container\" style=\"clear: left;float: left;margin-bottom: 1em;text-align: right\">\n<tbody>\n<tr>\n<td style=\"text-align: center\"><a href=\"https:\/\/www.bfv.cloud\/ajedrezeuropa\/wp-content\/uploads\/2011\/08\/fotosIVCAMPUS014.jpg\" style=\"clear: right;margin-bottom: 1em;margin-left: auto;margin-right: auto\"><img loading=\"lazy\" decoding=\"async\" border=\"0\" height=\"240\" src=\"https:\/\/blogger.googleusercontent.com\/img\/b\/R29vZ2xl\/AVvXsEiCfZ7huqXY034mYzwKRSNywKxVhxzrr74XP175jLpP158MmxlN_UtNdltv2qmsnBssQe5wm7st6obAxp_pBfM6TEL74RzKIB_tA7vKcoYxmsCRm4dtdZMV2FvideaKrNlgTf2RWs4yDq8\/s320\/fotos+IV+CAMPUS+014.jpg\" width=\"320\" \/><\/a><\/td>\n<\/tr>\n<tr>\n<td class=\"tr-caption\" style=\"text-align: center\">Grupo de iniciaci\u00f3n de Antonio Albo<\/td>\n<\/tr>\n<\/tbody>\n<\/table>\n<p>\ufeff <\/p>\n<div style=\"border-bottom: medium none;border-left: medium none;border-right: medium none;border-top: medium none\">\ufeff <\/div>\n<p>\ufeff\ufeff \ufeff\ufeff<\/p>\n<table align=\"center\" cellpadding=\"0\" cellspacing=\"0\" class=\"tr-caption-container\" style=\"margin-left: auto;margin-right: auto;text-align: center\">\n<tbody>\n<tr>\n<td style=\"text-align: center\"><a href=\"https:\/\/www.bfv.cloud\/ajedrezeuropa\/wp-content\/uploads\/2011\/08\/fotosIVCAMPUS015.jpg\" style=\"margin-left: auto;margin-right: auto\"><img loading=\"lazy\" decoding=\"async\" border=\"0\" height=\"240\" src=\"https:\/\/blogger.googleusercontent.com\/img\/b\/R29vZ2xl\/AVvXsEhoIBXu49x5ByDQekcGKfbFTk2p7Euv516rfPv7WK5jk2Aw1eKscb_lIhYRjbHiA9MXWO0y7UKYmiOpMC9Kh0p5FrGwR96TY_Z_3yPWDYjakWuH2pVhyphenhyphen7Vjd7dME_NrM-lFzhGoOXD5OGg\/s320\/fotos+IV+CAMPUS+015.jpg\" width=\"320\" \/><\/a><\/td>\n<\/tr>\n<tr>\n<td class=\"tr-caption\" style=\"text-align: center\">Grupos de iniciaci\u00f3n de Luismi Monreal y<br \/>\nSergio Y\u00e9benes<\/td>\n<\/tr>\n<\/tbody>\n<\/table>\n","protected":false},"excerpt":{"rendered":"<p>\ufeff Clase de tecnificaci\u00f3n del gm Elizbar Ubilava \ufeff &nbsp;Aqu\u00ed os mostramos algunos momentos de las clases que se desarrollan durante el campus. Las fotos est\u00e1n sacadas hoy por la ma\u00f1ana. Seguiremos ofreciendo m\u00e1s im\u00e1genes durante los pr\u00f3ximos d\u00edas. &nbsp;\ufeff\ufeff\ufeff\ufeff\ufeff\ufeff\ufeff\ufeff\ufeff\ufeff\ufeff\ufeff\ufeff\ufeff\ufeff\ufeff Herminio Herr\u00e1iz planteando un ejercicio \ufeff Resolviendo problemas \ufeff\ufeff\ufeff\ufeff\ufeff El grupo de Ana Isabel Gonz\u00e1lez [&hellip;]<\/p>\n","protected":false},"author":1,"featured_media":3243,"comment_status":"open","ping_status":"closed","sticky":false,"template":"","format":"standard","meta":{"footnotes":""},"categories":[1],"tags":[],"class_list":["post-3242","post","type-post","status-publish","format-standard","has-post-thumbnail","hentry","category-noticias"],"_links":{"self":[{"href":"https:\/\/www.bfv.cloud\/ajedrezeuropa\/wp-json\/wp\/v2\/posts\/3242","targetHints":{"allow":["GET"]}}],"collection":[{"href":"https:\/\/www.bfv.cloud\/ajedrezeuropa\/wp-json\/wp\/v2\/posts"}],"about":[{"href":"https:\/\/www.bfv.cloud\/ajedrezeuropa\/wp-json\/wp\/v2\/types\/post"}],"author":[{"embeddable":true,"href":"https:\/\/www.bfv.cloud\/ajedrezeuropa\/wp-json\/wp\/v2\/users\/1"}],"replies":[{"embeddable":true,"href":"https:\/\/www.bfv.cloud\/ajedrezeuropa\/wp-json\/wp\/v2\/comments?post=3242"}],"version-history":[{"count":1,"href":"https:\/\/www.bfv.cloud\/ajedrezeuropa\/wp-json\/wp\/v2\/posts\/3242\/revisions"}],"predecessor-version":[{"id":3249,"href":"https:\/\/www.bfv.cloud\/ajedrezeuropa\/wp-json\/wp\/v2\/posts\/3242\/revisions\/3249"}],"wp:featuredmedia":[{"embeddable":true,"href":"https:\/\/www.bfv.cloud\/ajedrezeuropa\/wp-json\/wp\/v2\/media\/3243"}],"wp:attachment":[{"href":"https:\/\/www.bfv.cloud\/ajedrezeuropa\/wp-json\/wp\/v2\/media?parent=3242"}],"wp:term":[{"taxonomy":"category","embeddable":true,"href":"https:\/\/www.bfv.cloud\/ajedrezeuropa\/wp-json\/wp\/v2\/categories?post=3242"},{"taxonomy":"post_tag","embeddable":true,"href":"https:\/\/www.bfv.cloud\/ajedrezeuropa\/wp-json\/wp\/v2\/tags?post=3242"}],"curies":[{"name":"wp","href":"https:\/\/api.w.org\/{rel}","templated":true}]}}