{"id":3250,"date":"2016-09-28T07:14:00","date_gmt":"2016-09-28T07:14:00","guid":{"rendered":"https:\/\/www.bfv.cloud\/ajedrezeuropa\/index.php\/2016\/09\/28\/calendario-provisional-de-competiciones-2016-2017-de-toledo\/"},"modified":"2025-11-20T10:58:41","modified_gmt":"2025-11-20T10:58:41","slug":"calendario-provisional-de-competiciones-2016-2017-de-toledo","status":"publish","type":"post","link":"https:\/\/www.bfv.cloud\/ajedrezeuropa\/calendario-provisional-de-competiciones-2016-2017-de-toledo\/","title":{"rendered":"CALENDARIO PROVISIONAL DE COMPETICIONES 2016-2017 DE TOLEDO"},"content":{"rendered":"<div class=\"separator\" style=\"clear: both;text-align: center\">\n<a href=\"https:\/\/www.bfv.cloud\/ajedrezeuropa\/wp-content\/uploads\/2016\/09\/CALENDARIOTOLEDO2016-2017PROV.jpg\" style=\"margin-left: 1em;margin-right: 1em\"><img fetchpriority=\"high\" decoding=\"async\" border=\"0\" height=\"440\" src=\"https:\/\/blogger.googleusercontent.com\/img\/b\/R29vZ2xl\/AVvXsEigDHviPQNAKRHxjFgTbhdyThPkjlfHnMujBagJq0Y2nhVBRdd66htn41A2bN0U4qU4d2Prp3TQNbn_68dsZnLvkwShRLpLQtknomnNEkx2oFDRBTkXJ7z6lpKSVPMEhfIhvMV2tJpdqXk\/s640\/CALENDARIO+TOLEDO+2016-2017+PROV.jpg\" width=\"640\" \/><\/a><\/div>\n<p><span style=\"font-family: Trebuchet MS, sans-serif;font-size: x-large\"><b>Publicamos el calendario de competiciones de la provincia de Toledo para la temporada 2016\/2017. Este calendario es provisional a falta de confirmar algunas fechas por parte de los organizadores.&nbsp;<\/b><\/span><br \/>\n<span style=\"font-family: Trebuchet MS, sans-serif;font-size: x-large\"><b>El primer campeonato en disputarse vuelve a ser el provincial por equipos absoluto. Los d\u00edas 6, 13 y 27 de noviembre, m\u00e1s el 11 de diciembre, son las fechas previstas.&nbsp;<\/b><\/span><br \/>\n<span style=\"font-family: Trebuchet MS, sans-serif;font-size: x-large\"><b>La participaci\u00f3n de un gran n\u00famero de equipos de nuestros clubes abre, desde ahora, la planificaci\u00f3n para el campeonato de mayor nivel del calendario toledano.<\/b><\/span><\/p>\n","protected":false},"excerpt":{"rendered":"<p>Publicamos el calendario de competiciones de la provincia de Toledo para la temporada 2016\/2017. Este calendario es provisional a falta de confirmar algunas fechas por parte de los organizadores.&nbsp; El primer campeonato en disputarse vuelve a ser el provincial por equipos absoluto. Los d\u00edas 6, 13 y 27 de noviembre, m\u00e1s el 11 de diciembre, [&hellip;]<\/p>\n","protected":false},"author":1,"featured_media":3251,"comment_status":"open","ping_status":"closed","sticky":false,"template":"","format":"standard","meta":{"footnotes":""},"categories":[1],"tags":[],"class_list":["post-3250","post","type-post","status-publish","format-standard","has-post-thumbnail","hentry","category-noticias"],"_links":{"self":[{"href":"https:\/\/www.bfv.cloud\/ajedrezeuropa\/wp-json\/wp\/v2\/posts\/3250","targetHints":{"allow":["GET"]}}],"collection":[{"href":"https:\/\/www.bfv.cloud\/ajedrezeuropa\/wp-json\/wp\/v2\/posts"}],"about":[{"href":"https:\/\/www.bfv.cloud\/ajedrezeuropa\/wp-json\/wp\/v2\/types\/post"}],"author":[{"embeddable":true,"href":"https:\/\/www.bfv.cloud\/ajedrezeuropa\/wp-json\/wp\/v2\/users\/1"}],"replies":[{"embeddable":true,"href":"https:\/\/www.bfv.cloud\/ajedrezeuropa\/wp-json\/wp\/v2\/comments?post=3250"}],"version-history":[{"count":1,"href":"https:\/\/www.bfv.cloud\/ajedrezeuropa\/wp-json\/wp\/v2\/posts\/3250\/revisions"}],"predecessor-version":[{"id":3252,"href":"https:\/\/www.bfv.cloud\/ajedrezeuropa\/wp-json\/wp\/v2\/posts\/3250\/revisions\/3252"}],"wp:featuredmedia":[{"embeddable":true,"href":"https:\/\/www.bfv.cloud\/ajedrezeuropa\/wp-json\/wp\/v2\/media\/3251"}],"wp:attachment":[{"href":"https:\/\/www.bfv.cloud\/ajedrezeuropa\/wp-json\/wp\/v2\/media?parent=3250"}],"wp:term":[{"taxonomy":"category","embeddable":true,"href":"https:\/\/www.bfv.cloud\/ajedrezeuropa\/wp-json\/wp\/v2\/categories?post=3250"},{"taxonomy":"post_tag","embeddable":true,"href":"https:\/\/www.bfv.cloud\/ajedrezeuropa\/wp-json\/wp\/v2\/tags?post=3250"}],"curies":[{"name":"wp","href":"https:\/\/api.w.org\/{rel}","templated":true}]}}