{"id":3253,"date":"2018-09-03T17:32:00","date_gmt":"2018-09-03T17:32:00","guid":{"rendered":"https:\/\/www.bfv.cloud\/ajedrezeuropa\/index.php\/2018\/09\/03\/subcampeones-de-castilla-la-mancha-con-el-equipo-sub-12-de-nuestro-ajedrez-por-la-igualdad\/"},"modified":"2025-11-20T10:58:47","modified_gmt":"2025-11-20T10:58:47","slug":"subcampeones-de-castilla-la-mancha-con-el-equipo-sub-12-de-nuestro-ajedrez-por-la-igualdad","status":"publish","type":"post","link":"https:\/\/www.bfv.cloud\/ajedrezeuropa\/subcampeones-de-castilla-la-mancha-con-el-equipo-sub-12-de-nuestro-ajedrez-por-la-igualdad\/","title":{"rendered":"\u00a1\u00a1SUBCAMPEONES DE CASTILLA-LA MANCHA CON EL EQUIPO SUB-12 DE NUESTRO AJEDREZ POR LA IGUALDAD!!"},"content":{"rendered":"<table align=\"center\" cellpadding=\"0\" cellspacing=\"0\" class=\"tr-caption-container\" style=\"margin-left: auto;margin-right: auto;text-align: center\">\n<tbody>\n<tr>\n<td style=\"text-align: center\"><a href=\"https:\/\/www.bfv.cloud\/ajedrezeuropa\/wp-content\/uploads\/2018\/09\/IGUALDADS12SUBCAMPEONREGIONAL.jpg\" style=\"margin-left: auto;margin-right: auto\"><img fetchpriority=\"high\" decoding=\"async\" border=\"0\" data-original-height=\"470\" data-original-width=\"631\" height=\"472\" src=\"https:\/\/blogger.googleusercontent.com\/img\/b\/R29vZ2xl\/AVvXsEgdPiGbO9CdDGvOHzdEX-rj9dDJsBUz-05pqTiG8rXWI8c5t6zKGvKbjoorF1I9hZZWdCX5xyY9vuS0mzyitsDfIOlU9E6KygpeW0yMj_MMXRnOk3AS9Jx457fYNeRyvA1B7D9b7G6DuTI\/s640\/IGUALDAD+S12+SUBCAMPEON+REGIONAL.jpg\" width=\"640\" \/><\/a><\/td>\n<\/tr>\n<tr>\n<td class=\"tr-caption\" style=\"text-align: center\">El equipo subcampe\u00f3n de Castilla-La Mancha junto a sus entrenadores con los trofeos logrados<\/td>\n<\/tr>\n<\/tbody>\n<\/table>\n<p><span style=\"font-family: Verdana, sans-serif;font-size: large\"><b>El equipo sub-12 de <span style=\"color: blue\"><i>Nuestro Ajedrez por la Igualdad<\/i><\/span> ha inscrito su nombre en el cuadro de honor de los clubes de Castilla-La Mancha al conseguir la medalla de plata en el Campeonato Regional celebrado en Albacete del 30 de agosto al 2 de septiembre.<\/b><\/span><\/p>\n<table cellpadding=\"0\" cellspacing=\"0\" class=\"tr-caption-container\" style=\"float: right;margin-left: 1em;text-align: right\">\n<tbody>\n<tr>\n<td style=\"text-align: center\"><a href=\"https:\/\/www.bfv.cloud\/ajedrezeuropa\/wp-content\/uploads\/2018\/09\/EQUIPOSCONTROFEOS.jpg\" style=\"clear: right;margin-bottom: 1em;margin-left: auto;margin-right: auto\"><img decoding=\"async\" border=\"0\" data-original-height=\"678\" data-original-width=\"640\" height=\"400\" src=\"https:\/\/blogger.googleusercontent.com\/img\/b\/R29vZ2xl\/AVvXsEgsGopMcPX0HhXMEr6Rt7a65gd_3U1-744KHPGgkIgGK12U-lZsDWpORG2eKf3M7br1dsvfpzRJwwph0X-W58nwUBjQGDhfqeJcoiOymmohNS8wEGjIApJbZUtdbxoTHD41t_d-i4VrHn0\/s400\/EQUIPOS+CON+TROFEOS.jpg\" width=\"377\" \/><\/a><\/td>\n<\/tr>\n<tr>\n<td class=\"tr-caption\" style=\"text-align: center\">Un premio compartido por todos<\/td>\n<\/tr>\n<\/tbody>\n<\/table>\n<p><span style=\"font-family: Verdana, sans-serif;font-size: large\"><b><br \/><\/b><\/span><br \/>\n<span style=\"font-family: Verdana, sans-serif;font-size: large\"><b><span style=\"color: blue\"><i>Alonso L\u00f3pez N\u00fa\u00f1ez, Carlos P\u00e9rez Manzanedo, Gabriel Amador And\u00fajar y \u00c1ngel Collado Alcolado<\/i><\/span>, han formado este equipo, que tan solo ha perdido un enfrentamiento y por la m\u00ednima diferencia. Aunque la actitud de estos 4 jugadores ha sido muy buena durante todo el campeonato, hubo que esperar a los resultados obtenidos a partir de la 3\u00aa ronda para hacer realidad la lucha por los puestos de honor. Los enfrentamientos con los clubes mejor clasificados: UNED de Guadalajara, ParqueSur de Albacete y Bargas de Toledo, se saldaron con una victoria y dos empates, propiciando la entrada en los 3 primeros puestos de la clasificaci\u00f3n antes de la 6\u00aa y \u00faltima ronda. De esta forma, en el \u00faltimo enfrentamiento ante Excalibur de Albacete, la victoria supuso quedar subcampeones.&nbsp;<\/b><\/span><\/p>\n<table align=\"center\" cellpadding=\"0\" cellspacing=\"0\" class=\"tr-caption-container\" style=\"margin-left: auto;margin-right: auto;text-align: center\">\n<tbody>\n<tr>\n<td style=\"text-align: center\"><a href=\"https:\/\/www.bfv.cloud\/ajedrezeuropa\/wp-content\/uploads\/2018\/09\/IGUALDADS12.jpg\" style=\"margin-left: auto;margin-right: auto\"><img decoding=\"async\" border=\"0\" data-original-height=\"918\" data-original-width=\"1449\" height=\"404\" src=\"https:\/\/blogger.googleusercontent.com\/img\/b\/R29vZ2xl\/AVvXsEh6jwn4GlsBj3RsowbQTPtA2EsrFTheCg5Yx3sjbLRCatWlNv4cjWPjLPTWZDkEaiGdPkZAe7unxTJ5qfulXWGn7yWrv07n949IB9rVUM8xkwm3L9BUisyZ0usKvJxof2UteNw_Fq0vu1I\/s640\/IGUALDAD+S12.jpg\" width=\"640\" \/><\/a><\/td>\n<\/tr>\n<tr>\n<td class=\"tr-caption\" style=\"text-align: center\">El equipo sub-12 de Nuestro Ajedrez por la Igualdad ante el tablero<\/td>\n<\/tr>\n<\/tbody>\n<\/table>\n<p><b style=\"font-family: Verdana, sans-serif\"><span style=\"font-size: large\">Adem\u00e1s, en los premios individuales,&nbsp;<i style=\"color: blue\">Carlos P\u00e9rez<\/i>, se proclamaba mejor jugador del torneo en la defensa del tablero 2.<\/span><\/b><br \/>\n<b style=\"font-family: Verdana, sans-serif\"><span style=\"font-size: large\"><br \/><\/span><\/b><\/p>\n<div style=\"text-align: center\">\n<span style=\"font-family: Verdana, sans-serif;font-size: large\"><i><u><b>Los dos equipos de la categor\u00eda juvenil<\/b><\/u><\/i><\/span><\/div>\n<div style=\"text-align: center\">\n<span style=\"font-family: Verdana, sans-serif;font-size: large\"><i><u><br \/><\/u><\/i><\/span><\/div>\n<p><span style=\"font-family: Verdana, sans-serif;font-size: large\"><b>Dentro de la categor\u00eda juvenil (S-18) participaron los dos clubes del proyecto con las siguientes formaciones:<\/b><\/span><br \/>\n<span style=\"color: blue;font-family: Verdana, sans-serif;font-size: large\"><b><i>Nuestro Ajedrez en Europa: Roberto L\u00f3pez N\u00fa\u00f1ez, Irene Sim\u00f3n Escalona, Roberto Yeghiazaryan Petrosyan y Aurora Corrales Carri\u00f3n.<\/i><\/b><\/span><\/p>\n<table align=\"center\" cellpadding=\"0\" cellspacing=\"0\" class=\"tr-caption-container\" style=\"margin-left: auto;margin-right: auto;text-align: center\">\n<tbody>\n<tr>\n<td style=\"text-align: center\"><a href=\"https:\/\/www.bfv.cloud\/ajedrezeuropa\/wp-content\/uploads\/2018\/09\/EUROPAS18.jpg\" style=\"margin-left: auto;margin-right: auto\"><img loading=\"lazy\" decoding=\"async\" border=\"0\" data-original-height=\"769\" data-original-width=\"1414\" height=\"346\" src=\"https:\/\/blogger.googleusercontent.com\/img\/b\/R29vZ2xl\/AVvXsEgkuN88eBccqoU2VRMF_laKe7rXKgr32OUmytEATU70OFT5hpN_bFt7VjIeLQO0ISJ_P2VDPnIJbdeQSIUJDWLwLOaTMX9CLZLA_eEFOqwHduLyW85fK84LCu6cSDbwZwKjJjmkt969AIk\/s640\/EUROPA+S18.jpg\" width=\"640\" \/><\/a><\/td>\n<\/tr>\n<tr>\n<td class=\"tr-caption\" style=\"text-align: center\">Los 4 chic@s que han defendido el sub-18 de Nuestro Ajedrez en Europa<\/td>\n<\/tr>\n<\/tbody>\n<\/table>\n<p><b style=\"color: blue;font-family: Verdana, sans-serif\"><i><span style=\"font-size: large\">Nuestro Ajedrez por la Igualdad: Isabel Marcos-Alberca Lizcano, Enrique Velasco Aragon\u00e9s, Arsenio L\u00f3pez Ochoa, Adri\u00e1n Alhambra Rubio y Clara Vela Adri\u00e1n.<\/span><\/i><\/b><\/p>\n<table align=\"center\" cellpadding=\"0\" cellspacing=\"0\" class=\"tr-caption-container\" style=\"margin-left: auto;margin-right: auto;text-align: center\">\n<tbody>\n<tr>\n<td style=\"text-align: center\"><a href=\"https:\/\/www.bfv.cloud\/ajedrezeuropa\/wp-content\/uploads\/2018\/09\/IGUALDADS18.jpg\" style=\"margin-left: auto;margin-right: auto\"><img loading=\"lazy\" decoding=\"async\" border=\"0\" data-original-height=\"739\" data-original-width=\"1299\" height=\"362\" src=\"https:\/\/blogger.googleusercontent.com\/img\/b\/R29vZ2xl\/AVvXsEhAV-lgElAg7gt6Ivfua8CBtT8DGXzWBGCZMYN-UjrK5vI9KdTgLYdHzktAPadF2bLoQWAWDzXVKVrzVqzKjs7P0LnJtyyfgNz7bD4bCBn30FNa5-w38I1yhqM7lF5Mp0uYcIGMxlwBacs\/s640\/IGUALDAD+S18.jpg\" width=\"640\" \/><\/a><\/td>\n<\/tr>\n<tr>\n<td class=\"tr-caption\" style=\"text-align: center\">El juvenil de la Igualdad al comienzo de una de las rondas<\/td>\n<\/tr>\n<\/tbody>\n<\/table>\n<p><b style=\"font-family: Verdana, sans-serif\"><span style=\"font-size: large\">A pesar de los contratiempos surgidos antes del comienzo del torneo, los dos equipos estuvieron a un buen nivel de juego. Cada ronda se convert\u00eda en una larga lucha de 3 a 4 horas de duraci\u00f3n, con los chicos y las chicas de Europa y la Igualdad forzando en situaciones equilibradas para intentar lograr la victoria en el encuentro.&nbsp;<\/span><\/p>\n<table cellpadding=\"0\" cellspacing=\"0\" class=\"tr-caption-container\" style=\"float: left;font-size: x-large;margin-right: 1em;text-align: left\">\n<tbody>\n<tr>\n<td style=\"text-align: center\"><a href=\"https:\/\/www.bfv.cloud\/ajedrezeuropa\/wp-content\/uploads\/2018\/09\/EQUIPOSS18S12YMONITORES.jpg\" style=\"clear: left;margin-bottom: 1em;margin-left: auto;margin-right: auto\"><img loading=\"lazy\" decoding=\"async\" border=\"0\" data-original-height=\"506\" data-original-width=\"814\" height=\"392\" src=\"https:\/\/blogger.googleusercontent.com\/img\/b\/R29vZ2xl\/AVvXsEg4T59CYOeB-N0v3fXTF0J6Ht3C0tLkCmtC0avkebxklquSlpYNjr1zVr7VjqbYRzeY229oC4Kjnt9WjXUYV0CklD5W7JWPXDmnrNiMLkXZmX8UjOPTifnJJZqUFWtMUGdatKUxAr0_2-4\/s640\/EQUIPOS+S18+S12+Y+MONITORES.jpg\" width=\"640\" \/><\/a><\/td>\n<\/tr>\n<tr>\n<td class=\"tr-caption\" style=\"text-align: center\">Los equipos de Europa y la Igualdad llevan el proyecto<br \/>de Alc\u00e1zar y Villafranca por toda Espa\u00f1a<\/td>\n<\/tr>\n<\/tbody>\n<\/table>\n<p><\/b><br \/>\n<span style=\"font-family: Verdana, sans-serif;font-size: large\"><b>Finalmente, Nuestro Ajedrez en Europa quedaba 9\u00ba, despu\u00e9s de lograr un meritorio empate a 2 en el enfrentamiento con el 2\u00ba clasificado del campeonato, ParqueSur. Mientras que Nuestro Ajedrez por la Igualdad se deb\u00eda conformar con la 11\u00aa posici\u00f3n.<\/b><\/span><br \/>\n<span style=\"font-family: Verdana, sans-serif;font-size: large\"><b>La experiencia de este nuevo regional ha resultado muy positiva para los 9 chicos y las 4 chicas que han participado en los equipos del proyecto, as\u00ed como para sus preparadores: <span style=\"color: blue\"><i>Isaac Lozano Osorio y Silvia Toribio Camu\u00f1as.<\/i><\/span><\/b><\/span><br \/>\n<span style=\"font-family: Verdana, sans-serif;font-size: large\"><b><i>Sin duda alguna, el proyecto cuenta con un gran futuro por delante gracias a est@s j\u00f3venes ajedrecistas y a sus entrenadores.<\/i><\/b><\/span><br \/>\n<span style=\"font-family: Verdana, sans-serif;font-size: large\"><b>\u00a1\u00a1 Gracias a todos por su esfuerzo y dedicaci\u00f3n!!<\/b><\/span><\/p>\n","protected":false},"excerpt":{"rendered":"<p>El equipo subcampe\u00f3n de Castilla-La Mancha junto a sus entrenadores con los trofeos logrados El equipo sub-12 de Nuestro Ajedrez por la Igualdad ha inscrito su nombre en el cuadro de honor de los clubes de Castilla-La Mancha al conseguir la medalla de plata en el Campeonato Regional celebrado en Albacete del 30 de agosto [&hellip;]<\/p>\n","protected":false},"author":1,"featured_media":3254,"comment_status":"open","ping_status":"closed","sticky":false,"template":"","format":"standard","meta":{"footnotes":""},"categories":[1],"tags":[],"class_list":["post-3253","post","type-post","status-publish","format-standard","has-post-thumbnail","hentry","category-noticias"],"_links":{"self":[{"href":"https:\/\/www.bfv.cloud\/ajedrezeuropa\/wp-json\/wp\/v2\/posts\/3253","targetHints":{"allow":["GET"]}}],"collection":[{"href":"https:\/\/www.bfv.cloud\/ajedrezeuropa\/wp-json\/wp\/v2\/posts"}],"about":[{"href":"https:\/\/www.bfv.cloud\/ajedrezeuropa\/wp-json\/wp\/v2\/types\/post"}],"author":[{"embeddable":true,"href":"https:\/\/www.bfv.cloud\/ajedrezeuropa\/wp-json\/wp\/v2\/users\/1"}],"replies":[{"embeddable":true,"href":"https:\/\/www.bfv.cloud\/ajedrezeuropa\/wp-json\/wp\/v2\/comments?post=3253"}],"version-history":[{"count":1,"href":"https:\/\/www.bfv.cloud\/ajedrezeuropa\/wp-json\/wp\/v2\/posts\/3253\/revisions"}],"predecessor-version":[{"id":3260,"href":"https:\/\/www.bfv.cloud\/ajedrezeuropa\/wp-json\/wp\/v2\/posts\/3253\/revisions\/3260"}],"wp:featuredmedia":[{"embeddable":true,"href":"https:\/\/www.bfv.cloud\/ajedrezeuropa\/wp-json\/wp\/v2\/media\/3254"}],"wp:attachment":[{"href":"https:\/\/www.bfv.cloud\/ajedrezeuropa\/wp-json\/wp\/v2\/media?parent=3253"}],"wp:term":[{"taxonomy":"category","embeddable":true,"href":"https:\/\/www.bfv.cloud\/ajedrezeuropa\/wp-json\/wp\/v2\/categories?post=3253"},{"taxonomy":"post_tag","embeddable":true,"href":"https:\/\/www.bfv.cloud\/ajedrezeuropa\/wp-json\/wp\/v2\/tags?post=3253"}],"curies":[{"name":"wp","href":"https:\/\/api.w.org\/{rel}","templated":true}]}}