{"id":3261,"date":"2014-11-26T21:31:00","date_gmt":"2014-11-26T21:31:00","guid":{"rendered":"https:\/\/www.bfv.cloud\/ajedrezeuropa\/index.php\/2014\/11\/26\/nuestro-proyecto-en-el-campeonato-de-espana-por-equipos-de-club-sub-16\/"},"modified":"2025-11-20T10:58:50","modified_gmt":"2025-11-20T10:58:50","slug":"nuestro-proyecto-en-el-campeonato-de-espana-por-equipos-de-club-sub-16","status":"publish","type":"post","link":"https:\/\/www.bfv.cloud\/ajedrezeuropa\/nuestro-proyecto-en-el-campeonato-de-espana-por-equipos-de-club-sub-16\/","title":{"rendered":"NUESTRO PROYECTO EN EL CAMPEONATO DE ESPA\u00d1A POR EQUIPOS DE CLUB SUB-16"},"content":{"rendered":"<div class=\"separator\" style=\"clear: both;text-align: center\">\n<a href=\"https:\/\/www.bfv.cloud\/ajedrezeuropa\/wp-content\/uploads\/2014\/11\/CartelBali2014.jpg\" style=\"clear: left;float: left;margin-bottom: 1em;margin-right: 1em\"><img fetchpriority=\"high\" decoding=\"async\" border=\"0\" src=\"https:\/\/www.bfv.cloud\/ajedrezeuropa\/wp-content\/uploads\/2014\/11\/CartelBali2014.jpg\" height=\"640\" width=\"302\" \/><\/a><\/div>\n<h4>\n<span style=\"color: #660000;font-family: Helvetica Neue, Arial, Helvetica, sans-serif\"><u>2 equipos y 7 jugadores en torneos individuales avalan la fuerza de un proyecto<\/u><\/span><\/h4>\n<h4>\n<span style=\"color: #0b5394;font-family: 'Helvetica Neue', Arial, Helvetica, sans-serif\">Un total de 18 jugadores viajar\u00e1n a Benidorm para asistir a uno de los acontecimientos ajedrec\u00edsticos m\u00e1s importantes del continente.<\/span><\/h4>\n<div>\n<span style=\"font-family: 'Helvetica Neue', Arial, Helvetica, sans-serif\"><b><u><span style=\"color: #660000\">El VII Campeonato de Espa\u00f1a por Equipos de Club Sub-16<\/span><\/u><\/b><\/span><\/div>\n<div>\n<span style=\"color: #0b5394;font-family: Helvetica Neue, Arial, Helvetica, sans-serif\"><b>En el VII CECLUB SUB-16 estaremos participando con un total de 11 jugadores entre los equipos de los 2 clubes que forman el proyecto.&nbsp;<\/b><\/span><\/div>\n<div style=\"text-align: center\">\n<span style=\"color: #0b5394;font-family: Helvetica Neue, Arial, Helvetica, sans-serif\"><b><u><i>\u00abNUESTRO AJEDREZ EN EUROPA\u00bb&nbsp;<\/i><\/u><\/b><\/span><\/div>\n<div style=\"text-align: left\">\n<b style=\"color: #0b5394;font-family: 'Helvetica Neue', Arial, Helvetica, sans-serif\">Integrado por 5 jugadores, 3 chicos y 2 chicas, presente por 6\u00ba a\u00f1o consecutivo en la fase final de esta competici\u00f3n nacional, alinear\u00e1 a:<\/b><\/div>\n<div style=\"text-align: center\">\n<span style=\"color: #0b5394;font-family: Helvetica Neue, Arial, Helvetica, sans-serif\"><b>1.- Javier Valdepe\u00f1as Octavio<\/b><\/span><\/div>\n<div style=\"text-align: center\">\n<span style=\"color: #0b5394;font-family: Helvetica Neue, Arial, Helvetica, sans-serif\"><b>2.- Irene Sim\u00f3n Escalona<\/b><\/span><\/div>\n<div style=\"text-align: center\">\n<span style=\"color: #0b5394;font-family: Helvetica Neue, Arial, Helvetica, sans-serif\"><b>3.- Silvia Toribio Camu\u00f1as<\/b><\/span><\/div>\n<div style=\"text-align: center\">\n<span style=\"color: #0b5394;font-family: Helvetica Neue, Arial, Helvetica, sans-serif\"><b>4.- Roberto L\u00f3pez N\u00fa\u00f1ez<\/b><\/span><\/div>\n<div style=\"text-align: center\">\n<span style=\"color: #0b5394;font-family: Helvetica Neue, Arial, Helvetica, sans-serif\"><b>5.- Alfredo Amador And\u00fajar<\/b><\/span><\/div>\n<div style=\"text-align: center\">\n<span style=\"color: #0b5394;font-family: Helvetica Neue, Arial, Helvetica, sans-serif\"><b><br \/><\/b><\/span><\/div>\n<div style=\"text-align: left\">\n<span style=\"color: #0b5394;font-family: Helvetica Neue, Arial, Helvetica, sans-serif\"><b>Un bronce en 2011, 2 novenos puestos en 2010 y 2013, una 10\u00aa plaza en 2009 y un 15\u00ba lugar en 2012, es el excelente bagaje deportivo que presentamos en nuestras 5 participaciones anteriores. Con la misma convicci\u00f3n demostrada durante a\u00f1os, seguimos creyendo en el presente y futuro de nuestras escuelas y por eso todo nuestro apoyo est\u00e1 en estos jovenc\u00edsimos valores.<\/b><\/span><\/div>\n<div style=\"text-align: center\">\n<span style=\"color: #0b5394;font-family: Helvetica Neue, Arial, Helvetica, sans-serif\"><b><u>\u00abNUESTRO AJEDREZ POR LA IGUALDAD\u00bb<\/u><\/b><\/span><\/div>\n<div style=\"text-align: left\">\n<span style=\"color: #0b5394;font-family: Helvetica Neue, Arial, Helvetica, sans-serif\"><b>En su 4\u00aa participaci\u00f3n, y como parte fundamental de nuestra cantera de ajedrecistas, contar\u00e1 con muchos de los chicos y chicas que ya disputaron el CECLUB SUB-16 de 2013. El orden de fuerza que presentamos este a\u00f1o est\u00e1 formado por 3 chicas y 3 chicos:<\/b><\/span><\/div>\n<div style=\"text-align: center\">\n<span style=\"color: #0b5394;font-family: Helvetica Neue, Arial, Helvetica, sans-serif\"><b>1.- Julio M\u00e9rida Ortiz<\/b><\/span><\/div>\n<div style=\"text-align: center\">\n<span style=\"color: #0b5394;font-family: Helvetica Neue, Arial, Helvetica, sans-serif\"><b>2.- Alba P\u00edriz Fern\u00e1ndez<\/b><\/span><\/div>\n<div style=\"text-align: center\">\n<span style=\"color: #0b5394;font-family: Helvetica Neue, Arial, Helvetica, sans-serif\"><b>3.- Isabel Marcos-Alberca Lizcano<\/b><\/span><\/div>\n<div style=\"text-align: center\">\n<span style=\"color: #0b5394;font-family: Helvetica Neue, Arial, Helvetica, sans-serif\"><b>4.- Arturo Mate Mart\u00edn<\/b><\/span><\/div>\n<div style=\"text-align: center\">\n<span style=\"color: #0b5394;font-family: Helvetica Neue, Arial, Helvetica, sans-serif\"><b>5.- Enrique Velasco Aragon\u00e9s<\/b><\/span><\/div>\n<div style=\"text-align: center\">\n<span style=\"color: #0b5394;font-family: Helvetica Neue, Arial, Helvetica, sans-serif\"><b>6.- Marta Espinosa Gil<\/b><\/span><\/div>\n<div style=\"text-align: center\">\n<span style=\"color: #0b5394;font-family: Helvetica Neue, Arial, Helvetica, sans-serif\"><b><br \/><\/b><\/span><\/div>\n<table align=\"center\" cellpadding=\"0\" cellspacing=\"0\" class=\"tr-caption-container\" style=\"margin-left: auto;margin-right: auto;text-align: center\">\n<tbody>\n<tr>\n<td style=\"text-align: center\"><a href=\"https:\/\/www.bfv.cloud\/ajedrezeuropa\/wp-content\/uploads\/2014\/11\/FOTOSCECLUB2013031.jpg\" style=\"margin-left: auto;margin-right: auto\"><img decoding=\"async\" border=\"0\" src=\"https:\/\/www.bfv.cloud\/ajedrezeuropa\/wp-content\/uploads\/2014\/11\/FOTOSCECLUB2013031.jpg\" height=\"372\" width=\"640\" \/><\/a><\/td>\n<\/tr>\n<tr>\n<td class=\"tr-caption\" style=\"text-align: center\">Todos nuestros jugadores de 2013 en la entrada principal del hotel Bali de Benidorm<br \/>\njunto al presidente y al secretario general de la FEDA<\/td>\n<\/tr>\n<\/tbody>\n<\/table>\n<div style=\"text-align: center\">\n<b style=\"color: #660000;font-family: 'Helvetica Neue', Arial, Helvetica, sans-serif;text-align: left\"><u>Los torneos de Nuevas Generaciones por edades del Bali<\/u><\/b><\/div>\n<div style=\"text-align: left\">\n<span style=\"color: #0b5394;font-family: Helvetica Neue, Arial, Helvetica, sans-serif\"><b>Completando la mayor participaci\u00f3n en la historia de nuestro proyecto en Benidorm, habr\u00e1 7 alumnos m\u00e1s que participar\u00e1n en los torneos de \u00abNUEVAS GENERACIONES\u00bb que organiza el hotel Bali al m\u00e1s puro estilo de los campeonatos de Espa\u00f1a por edades. As\u00ed, distribuidos por categor\u00edas de edad, estos son los peque\u00f1os jugadores que formar\u00e1n parte del futuro pr\u00f3ximo de nuestro ajedrez:<\/b><\/span><\/div>\n<div style=\"text-align: left\">\n<span style=\"color: #0b5394;font-family: Helvetica Neue, Arial, Helvetica, sans-serif\"><b><br \/><\/b><\/span><\/div>\n<div style=\"text-align: center\">\n<span style=\"color: #0b5394;font-family: Helvetica Neue, Arial, Helvetica, sans-serif\"><b><u>X TORNEO INTERNACIONAL NUEVAS GENERACIONES SUB-8<\/u><\/b><\/span><\/div>\n<div style=\"text-align: center\">\n<span style=\"color: #0b5394;font-family: Helvetica Neue, Arial, Helvetica, sans-serif\"><b>Gabriel Amador And\u00fajar y Alonso L\u00f3pez N\u00fa\u00f1ez<\/b><\/span><\/div>\n<div style=\"text-align: center\">\n<span style=\"color: #0b5394;font-family: Helvetica Neue, Arial, Helvetica, sans-serif\"><b><br \/><\/b><\/span><\/div>\n<div style=\"text-align: center\">\n<span style=\"color: #0b5394;font-family: Helvetica Neue, Arial, Helvetica, sans-serif\"><b><u>X TORNEO INTERNACIONAL NUEVAS GENERACIONES SUB-10<\/u><\/b><\/span><\/div>\n<div style=\"text-align: center\">\n<span style=\"color: #0b5394;font-family: Helvetica Neue, Arial, Helvetica, sans-serif\"><b>Nuria Lozano Serrano y Juan Francisco Mar\u00edn Torres<\/b><\/span><\/div>\n<div style=\"text-align: center\">\n<span style=\"color: #0b5394;font-family: Helvetica Neue, Arial, Helvetica, sans-serif\"><b><br \/><\/b><\/span><\/div>\n<div style=\"text-align: center\">\n<span style=\"color: #0b5394;font-family: Helvetica Neue, Arial, Helvetica, sans-serif\"><b><u>X TORNEO INTERNACIONAL NUEVAS GENERACIONES SUB-12<\/u><\/b><\/span><\/div>\n<div style=\"text-align: center\">\n<span style=\"color: #0b5394;font-family: Helvetica Neue, Arial, Helvetica, sans-serif\"><b>Julia Meza Osorio, \u00d3scar Roncero Gonz\u00e1lez y Mar\u00eda Oliver Ropero<\/b><\/span><\/div>\n<div style=\"text-align: center\">\n<span style=\"color: #0b5394;font-family: Helvetica Neue, Arial, Helvetica, sans-serif\"><b><br \/><\/b><\/span><\/div>\n<div style=\"text-align: center\">\n<b style=\"color: #660000;font-family: 'Helvetica Neue', Arial, Helvetica, sans-serif\"><u>Otros datos importantes a tener en cuenta<\/u><\/b><\/div>\n<div style=\"text-align: left\">\n<span style=\"color: #0b5394;font-family: Helvetica Neue, Arial, Helvetica, sans-serif\"><b>Por lo tanto, 18 ajedrecistas de entre 15 y 8 a\u00f1os componen la expedici\u00f3n de nuestro proyecto a Benidorm. Con casi una distribuci\u00f3n paritaria, 10 chicos y 8 chicas, somos el \u00fanico proyecto de este pa\u00eds con una apuesta tan clara por la igualdad femenina en el mundo del deporte. Con la presencia en Benidorm del GM internacional de ajedrez Herminio Herr\u00e1iz Hidalgo para entrenar y preparar a nuestros equipos y la colaboraci\u00f3n de otros destacados jugadores de los equipos absolutos, nos caracterizamos por mejorar la cualificaci\u00f3n y formaci\u00f3n de todos los chicos y chicas que nos representan.&nbsp;<\/b><\/span><\/div>\n<div style=\"text-align: left\">\n<span style=\"color: #0b5394;font-family: Helvetica Neue, Arial, Helvetica, sans-serif\"><b>Queremos animaros a seguir la competici\u00f3n de todos nuestros chicos y chicas en uno de los eventos m\u00e1s grandes del ajedrez europeo, los n\u00fameros hablan por s\u00ed solos:&nbsp;<\/b><\/span><\/div>\n<div style=\"text-align: center\">\n<span style=\"color: #0b5394;font-family: Helvetica Neue, Arial, Helvetica, sans-serif\"><b>25 equipos de toda Espa\u00f1a con m\u00e1s de 120 jugadores,&nbsp;<\/b><\/span><\/div>\n<div style=\"text-align: center\">\n<span style=\"color: #0b5394;font-family: Helvetica Neue, Arial, Helvetica, sans-serif\"><b>cerca de 200 jugadores en los torneos individuales por edades,<\/b><\/span><\/div>\n<div style=\"text-align: center\">\n<span style=\"color: #0b5394;font-family: Helvetica Neue, Arial, Helvetica, sans-serif\"><b>M\u00e1s de 500 aficionados en los torneos absolutos.<\/b><\/span><\/div>\n<div style=\"text-align: left\">\n<span style=\"color: #0b5394;font-family: Helvetica Neue, Arial, Helvetica, sans-serif\"><b>\u00a1\u00a1Recordad del 4 al 8 de diciembre estamos en Benidorm apostando por Nuestro Ajedrez!!<\/b><\/span><\/div>\n","protected":false},"excerpt":{"rendered":"<p>2 equipos y 7 jugadores en torneos individuales avalan la fuerza de un proyecto Un total de 18 jugadores viajar\u00e1n a Benidorm para asistir a uno de los acontecimientos ajedrec\u00edsticos m\u00e1s importantes del continente. El VII Campeonato de Espa\u00f1a por Equipos de Club Sub-16 En el VII CECLUB SUB-16 estaremos participando con un total de [&hellip;]<\/p>\n","protected":false},"author":1,"featured_media":3262,"comment_status":"open","ping_status":"closed","sticky":false,"template":"","format":"standard","meta":{"footnotes":""},"categories":[1],"tags":[],"class_list":["post-3261","post","type-post","status-publish","format-standard","has-post-thumbnail","hentry","category-noticias"],"_links":{"self":[{"href":"https:\/\/www.bfv.cloud\/ajedrezeuropa\/wp-json\/wp\/v2\/posts\/3261","targetHints":{"allow":["GET"]}}],"collection":[{"href":"https:\/\/www.bfv.cloud\/ajedrezeuropa\/wp-json\/wp\/v2\/posts"}],"about":[{"href":"https:\/\/www.bfv.cloud\/ajedrezeuropa\/wp-json\/wp\/v2\/types\/post"}],"author":[{"embeddable":true,"href":"https:\/\/www.bfv.cloud\/ajedrezeuropa\/wp-json\/wp\/v2\/users\/1"}],"replies":[{"embeddable":true,"href":"https:\/\/www.bfv.cloud\/ajedrezeuropa\/wp-json\/wp\/v2\/comments?post=3261"}],"version-history":[{"count":1,"href":"https:\/\/www.bfv.cloud\/ajedrezeuropa\/wp-json\/wp\/v2\/posts\/3261\/revisions"}],"predecessor-version":[{"id":3264,"href":"https:\/\/www.bfv.cloud\/ajedrezeuropa\/wp-json\/wp\/v2\/posts\/3261\/revisions\/3264"}],"wp:featuredmedia":[{"embeddable":true,"href":"https:\/\/www.bfv.cloud\/ajedrezeuropa\/wp-json\/wp\/v2\/media\/3262"}],"wp:attachment":[{"href":"https:\/\/www.bfv.cloud\/ajedrezeuropa\/wp-json\/wp\/v2\/media?parent=3261"}],"wp:term":[{"taxonomy":"category","embeddable":true,"href":"https:\/\/www.bfv.cloud\/ajedrezeuropa\/wp-json\/wp\/v2\/categories?post=3261"},{"taxonomy":"post_tag","embeddable":true,"href":"https:\/\/www.bfv.cloud\/ajedrezeuropa\/wp-json\/wp\/v2\/tags?post=3261"}],"curies":[{"name":"wp","href":"https:\/\/api.w.org\/{rel}","templated":true}]}}