{"id":3265,"date":"2017-10-02T13:10:00","date_gmt":"2017-10-02T13:10:00","guid":{"rendered":"https:\/\/www.bfv.cloud\/ajedrezeuropa\/index.php\/2017\/10\/02\/dos-chicas-y-un-chico-de-nuestro-ajedrez-finalistas-en-la-gala-del-deporte-de-alcazar\/"},"modified":"2025-11-20T10:58:54","modified_gmt":"2025-11-20T10:58:54","slug":"dos-chicas-y-un-chico-de-nuestro-ajedrez-finalistas-en-la-gala-del-deporte-de-alcazar","status":"publish","type":"post","link":"https:\/\/www.bfv.cloud\/ajedrezeuropa\/dos-chicas-y-un-chico-de-nuestro-ajedrez-finalistas-en-la-gala-del-deporte-de-alcazar\/","title":{"rendered":"DOS CHICAS Y UN CHICO DE NUESTRO AJEDREZ FINALISTAS EN LA GALA DEL DEPORTE DE ALC\u00c1ZAR"},"content":{"rendered":"<table cellpadding=\"0\" cellspacing=\"0\" class=\"tr-caption-container\" style=\"float: left;margin-right: 1em;text-align: left\">\n<tbody>\n<tr>\n<td style=\"text-align: center\"><a href=\"https:\/\/www.bfv.cloud\/ajedrezeuropa\/wp-content\/uploads\/2017\/10\/IRENESIM25C32593NESCALONA.jpg\" style=\"clear: left;margin-bottom: 1em;margin-left: auto;margin-right: auto\"><img fetchpriority=\"high\" decoding=\"async\" border=\"0\" data-original-height=\"1332\" data-original-width=\"784\" height=\"400\" src=\"https:\/\/blogger.googleusercontent.com\/img\/b\/R29vZ2xl\/AVvXsEiWL285yGWwFtE-4zOemr7FB9xw8RoYfHxSDOJCHhAKIkuuzthp-NCxgL0JUjMccGsB53VnAJQTckQyuskWO-ZXzRe2PM7VNvAokkAjzW-IGX6bW_25Pt9fZp7fSEMe3S4esQYAaRpJGPg\/s400\/IRENE+SIM%25C3%2593N+ESCALONA.jpg\" width=\"235\" \/><\/a><\/td>\n<\/tr>\n<tr>\n<td class=\"tr-caption\" style=\"text-align: center\">Irene Sim\u00f3n Escalona<\/td>\n<\/tr>\n<\/tbody>\n<\/table>\n<p>\n<span style=\"font-family: Verdana, sans-serif;font-size: large\">Irene Sim\u00f3n Escalona, Nuria Lozano Serrano y Roberto L\u00f3pez N\u00fa\u00f1ez, son los 3 finalistas de Nuestro Ajedrez al PREMIO A LA MEJOR TEMPORADA EN DEPORTE EN EDAD ESCOLAR. La lista de 5 candidatos dentro de este apartado se completa con otros 2 j\u00f3venes jugadores del club de tenis de mesa. De entre los 5 saldr\u00e1n los 3 nominados al premio, elegidos por votaci\u00f3n popular a trav\u00e9s de la web del ayuntamiento&nbsp; de Alc\u00e1zar. El viernes 20 de octubre se celebrar\u00e1 la Gala del Deporte donde se conocer\u00e1n a los ganadores de las 4 categor\u00edas seleccionadas para resaltar la labor deportiva de los clubes y jugadores de Alc\u00e1zar de San Juan en 2017.<\/span><\/p>\n<table cellpadding=\"0\" cellspacing=\"0\" class=\"tr-caption-container\" style=\"clear: left;float: right;margin-bottom: 1em;text-align: right\">\n<tbody>\n<tr>\n<td style=\"text-align: center\"><a href=\"https:\/\/www.bfv.cloud\/ajedrezeuropa\/wp-content\/uploads\/2017\/10\/ROBERTOL25C32593PEZN25C3259A25C32591EZ.jpg\" style=\"clear: right;margin-bottom: 1em;margin-left: auto;margin-right: auto\"><img decoding=\"async\" border=\"0\" data-original-height=\"1600\" data-original-width=\"1337\" height=\"400\" src=\"https:\/\/blogger.googleusercontent.com\/img\/b\/R29vZ2xl\/AVvXsEgGQE2OsfYy4-YKPOZvSOIkxReUpnAmSxGIobNiFHdlCPoMY6gGCPc3mdkV7dj87OgMg2Pr2Nl05ZiC0iS1rELLXes6IJLTMR2f6qu4THP6ZdSJB8s8lEd_skUkiSO6E7TtFZLE7KUOri8\/s400\/ROBERTO+L%25C3%2593PEZ+N%25C3%259A%25C3%2591EZ.JPG\" width=\"333\" \/><\/a><\/td>\n<\/tr>\n<tr>\n<td class=\"tr-caption\" style=\"text-align: center\">Roberto L\u00f3pez N\u00fa\u00f1ez<\/td>\n<\/tr>\n<\/tbody>\n<\/table>\n<p><span style=\"font-family: Verdana, sans-serif;font-size: large\"><br \/><\/span><br \/>\n<span style=\"font-family: Verdana, sans-serif;font-size: large\"><br \/><\/span><br \/>\n<span style=\"font-family: Verdana, sans-serif;font-size: large\">Nosotros queremos destacar el trabajo y el esfuerzo de nuestros tres ajedrecistas y os pedimos vuestro apoyo a trav\u00e9s del voto en el siguiente enlace:<\/span><br \/>\n<span style=\"font-family: Verdana, sans-serif;font-size: large\"><br \/><\/span><br \/>\n<span style=\"font-family: Verdana, sans-serif;font-size: large\"><br \/><\/span><br \/>\n<span style=\"font-family: Verdana, sans-serif;font-size: large\"><br \/><\/span><\/p>\n<div style=\"text-align: center\">\n<span style=\"font-family: Verdana, sans-serif;font-size: large\"><a href=\"http:\/\/www.alcazardesanjuan.es:8020\/participacionciudadana\/index.php\/13-participacion-ciudadana\/9-eleccion-finalistas-gala-del-deporte-2017\"><b>ENCUESTA ELECCI\u00d3N FINALISTAS GALA DEL DEPORTE ALC\u00c1ZAR<\/b><\/a><\/span><\/div>\n<div class=\"separator\" style=\"clear: both;text-align: center\">\n<table cellpadding=\"0\" cellspacing=\"0\" class=\"tr-caption-container\" style=\"clear: right;float: left;margin-bottom: 1em;margin-right: 1em;text-align: left\">\n<tbody>\n<tr>\n<td style=\"text-align: center\"><a href=\"https:\/\/www.bfv.cloud\/ajedrezeuropa\/wp-content\/uploads\/2017\/10\/NURIALOZANOSERRANO.jpg\" style=\"clear: left;margin-bottom: 1em;margin-left: auto;margin-right: auto\"><img decoding=\"async\" border=\"0\" data-original-height=\"1200\" data-original-width=\"1600\" height=\"300\" src=\"https:\/\/blogger.googleusercontent.com\/img\/b\/R29vZ2xl\/AVvXsEjVGov_1Iv5qX0NR8nqGkBo_nnPDFXc4442U5FX6uTP87rBWa7rdtWfbsG6oYWyCGuRBcULDRoOjXMDeeZVk9ylbur4zGAt0sNPuvI1_XmpezeTlwYIUMHZXXjUk0GOh92IMmNXN46yG0w\/s400\/NURIA+LOZANO+SERRANO.JPG\" width=\"400\" \/><\/a><\/td>\n<\/tr>\n<tr>\n<td class=\"tr-caption\" style=\"text-align: center\">Nuria Lozano Serrano<\/td>\n<\/tr>\n<\/tbody>\n<\/table>\n<\/div>\n","protected":false},"excerpt":{"rendered":"<p>Irene Sim\u00f3n Escalona Irene Sim\u00f3n Escalona, Nuria Lozano Serrano y Roberto L\u00f3pez N\u00fa\u00f1ez, son los 3 finalistas de Nuestro Ajedrez al PREMIO A LA MEJOR TEMPORADA EN DEPORTE EN EDAD ESCOLAR. La lista de 5 candidatos dentro de este apartado se completa con otros 2 j\u00f3venes jugadores del club de tenis de mesa. De entre [&hellip;]<\/p>\n","protected":false},"author":1,"featured_media":3266,"comment_status":"open","ping_status":"closed","sticky":false,"template":"","format":"standard","meta":{"footnotes":""},"categories":[1],"tags":[],"class_list":["post-3265","post","type-post","status-publish","format-standard","has-post-thumbnail","hentry","category-noticias"],"_links":{"self":[{"href":"https:\/\/www.bfv.cloud\/ajedrezeuropa\/wp-json\/wp\/v2\/posts\/3265","targetHints":{"allow":["GET"]}}],"collection":[{"href":"https:\/\/www.bfv.cloud\/ajedrezeuropa\/wp-json\/wp\/v2\/posts"}],"about":[{"href":"https:\/\/www.bfv.cloud\/ajedrezeuropa\/wp-json\/wp\/v2\/types\/post"}],"author":[{"embeddable":true,"href":"https:\/\/www.bfv.cloud\/ajedrezeuropa\/wp-json\/wp\/v2\/users\/1"}],"replies":[{"embeddable":true,"href":"https:\/\/www.bfv.cloud\/ajedrezeuropa\/wp-json\/wp\/v2\/comments?post=3265"}],"version-history":[{"count":1,"href":"https:\/\/www.bfv.cloud\/ajedrezeuropa\/wp-json\/wp\/v2\/posts\/3265\/revisions"}],"predecessor-version":[{"id":3269,"href":"https:\/\/www.bfv.cloud\/ajedrezeuropa\/wp-json\/wp\/v2\/posts\/3265\/revisions\/3269"}],"wp:featuredmedia":[{"embeddable":true,"href":"https:\/\/www.bfv.cloud\/ajedrezeuropa\/wp-json\/wp\/v2\/media\/3266"}],"wp:attachment":[{"href":"https:\/\/www.bfv.cloud\/ajedrezeuropa\/wp-json\/wp\/v2\/media?parent=3265"}],"wp:term":[{"taxonomy":"category","embeddable":true,"href":"https:\/\/www.bfv.cloud\/ajedrezeuropa\/wp-json\/wp\/v2\/categories?post=3265"},{"taxonomy":"post_tag","embeddable":true,"href":"https:\/\/www.bfv.cloud\/ajedrezeuropa\/wp-json\/wp\/v2\/tags?post=3265"}],"curies":[{"name":"wp","href":"https:\/\/api.w.org\/{rel}","templated":true}]}}