{"id":3270,"date":"2014-10-16T22:16:00","date_gmt":"2014-10-16T22:16:00","guid":{"rendered":"https:\/\/www.bfv.cloud\/ajedrezeuropa\/index.php\/2014\/10\/16\/la-colaboracion-semanal-en-el-programa-de-buena-manana-ya-esta-disponible-en-facebooktwitter-y-google\/"},"modified":"2025-11-20T10:58:55","modified_gmt":"2025-11-20T10:58:55","slug":"la-colaboracion-semanal-en-el-programa-de-buena-manana-ya-esta-disponible-en-facebooktwitter-y-google","status":"publish","type":"post","link":"https:\/\/www.bfv.cloud\/ajedrezeuropa\/la-colaboracion-semanal-en-el-programa-de-buena-manana-ya-esta-disponible-en-facebooktwitter-y-google\/","title":{"rendered":"LA COLABORACI\u00d3N SEMANAL EN EL PROGRAMA \u201cDE BUENA MA\u00d1ANA\u201d YA EST\u00c1 DISPONIBLE EN FACEBOOK,TWITTER Y GOOGLE +"},"content":{"rendered":"<div class=\"separator\" style=\"clear: both;text-align: center\">\n<a href=\"https:\/\/www.bfv.cloud\/ajedrezeuropa\/wp-content\/uploads\/2014\/10\/logo_radiovillacaC3B1as-1.jpg\" style=\"clear: right;float: right;margin-bottom: 1em;margin-left: 1em\"><img fetchpriority=\"high\" decoding=\"async\" border=\"0\" src=\"https:\/\/www.bfv.cloud\/ajedrezeuropa\/wp-content\/uploads\/2014\/10\/logo_radiovillacaC3B1as-1.jpg\" height=\"240\" width=\"320\" \/><\/a><\/div>\n<div class=\"MsoTitle\" style=\"text-align: justify\">\n<span style=\"font-size: 12pt\"><span style=\"font-family: Verdana, sans-serif\"><b>Hemos empezado a colgar en las redes<br \/>\nsociales los podcast de nuestras colaboraciones en la secci\u00f3n \u201cEN JAQUE\u201d,<br \/>\ndentro del programa \u201cDE BUENA MA\u00d1ANA\u201d que dirige y presenta Rosa Aranda en<br \/>\nRadio Villaca\u00f1as. Las 3 primeras emisiones han servido para hablar sobre las<br \/>\nescuelas de ajedrez de Alc\u00e1zar y Villafranca; tambi\u00e9n sobre&nbsp; las ventajas de introducir el \u201cAJEDREZ EN LA<br \/>\nESCUELA\u201d desde el punto de vista educativo, con los avales que han<br \/>\nproporcionado estudios cient\u00edficos de primer nivel; y, en el programa de hoy,<br \/>\nhemos conversado sobre el pasado, presente y futuro del proyecto \u201cNUESTRO<br \/>\nAJEDREZ EN EUROPA\u201d. La semana pr\u00f3xima, a eso de las 8,30 de la ma\u00f1ana del<br \/>\njueves, intervendr\u00e1n Jorge e Irene Sim\u00f3n. Seguro que ser\u00e1 muy interesante<br \/>\ndisfrutar del di\u00e1logo que mantendr\u00e1n con Rosa. En cuanto est\u00e9 disponible<br \/>\ntambi\u00e9n compartiremos el podcast con todos vosotros.&nbsp;<\/b><\/span><\/span><\/div>\n","protected":false},"excerpt":{"rendered":"<p>Hemos empezado a colgar en las redes sociales los podcast de nuestras colaboraciones en la secci\u00f3n \u201cEN JAQUE\u201d, dentro del programa \u201cDE BUENA MA\u00d1ANA\u201d que dirige y presenta Rosa Aranda en Radio Villaca\u00f1as. Las 3 primeras emisiones han servido para hablar sobre las escuelas de ajedrez de Alc\u00e1zar y Villafranca; tambi\u00e9n sobre&nbsp; las ventajas de [&hellip;]<\/p>\n","protected":false},"author":1,"featured_media":3271,"comment_status":"open","ping_status":"closed","sticky":false,"template":"","format":"standard","meta":{"footnotes":""},"categories":[1],"tags":[],"class_list":["post-3270","post","type-post","status-publish","format-standard","has-post-thumbnail","hentry","category-noticias"],"_links":{"self":[{"href":"https:\/\/www.bfv.cloud\/ajedrezeuropa\/wp-json\/wp\/v2\/posts\/3270","targetHints":{"allow":["GET"]}}],"collection":[{"href":"https:\/\/www.bfv.cloud\/ajedrezeuropa\/wp-json\/wp\/v2\/posts"}],"about":[{"href":"https:\/\/www.bfv.cloud\/ajedrezeuropa\/wp-json\/wp\/v2\/types\/post"}],"author":[{"embeddable":true,"href":"https:\/\/www.bfv.cloud\/ajedrezeuropa\/wp-json\/wp\/v2\/users\/1"}],"replies":[{"embeddable":true,"href":"https:\/\/www.bfv.cloud\/ajedrezeuropa\/wp-json\/wp\/v2\/comments?post=3270"}],"version-history":[{"count":1,"href":"https:\/\/www.bfv.cloud\/ajedrezeuropa\/wp-json\/wp\/v2\/posts\/3270\/revisions"}],"predecessor-version":[{"id":3272,"href":"https:\/\/www.bfv.cloud\/ajedrezeuropa\/wp-json\/wp\/v2\/posts\/3270\/revisions\/3272"}],"wp:featuredmedia":[{"embeddable":true,"href":"https:\/\/www.bfv.cloud\/ajedrezeuropa\/wp-json\/wp\/v2\/media\/3271"}],"wp:attachment":[{"href":"https:\/\/www.bfv.cloud\/ajedrezeuropa\/wp-json\/wp\/v2\/media?parent=3270"}],"wp:term":[{"taxonomy":"category","embeddable":true,"href":"https:\/\/www.bfv.cloud\/ajedrezeuropa\/wp-json\/wp\/v2\/categories?post=3270"},{"taxonomy":"post_tag","embeddable":true,"href":"https:\/\/www.bfv.cloud\/ajedrezeuropa\/wp-json\/wp\/v2\/tags?post=3270"}],"curies":[{"name":"wp","href":"https:\/\/api.w.org\/{rel}","templated":true}]}}