{"id":3273,"date":"2018-12-10T22:43:00","date_gmt":"2018-12-10T22:43:00","guid":{"rendered":"https:\/\/www.bfv.cloud\/ajedrezeuropa\/index.php\/2018\/12\/10\/nuestro-ajedrez-en-europa-5o-de-espana-en-categoria-juvenil\/"},"modified":"2025-11-20T10:59:01","modified_gmt":"2025-11-20T10:59:01","slug":"nuestro-ajedrez-en-europa-5o-de-espana-en-categoria-juvenil","status":"publish","type":"post","link":"https:\/\/www.bfv.cloud\/ajedrezeuropa\/nuestro-ajedrez-en-europa-5o-de-espana-en-categoria-juvenil\/","title":{"rendered":"NUESTRO AJEDREZ EN EUROPA, 5\u00ba DE ESPA\u00d1A EN CATEGOR\u00cdA JUVENIL"},"content":{"rendered":"<p><\/p>\n<div align=\"center\" class=\"MsoNormal\" style=\"text-align: center\">\n<\/div>\n<div align=\"center\" class=\"MsoNormal\" style=\"text-align: center\">\n<table align=\"center\" cellpadding=\"0\" cellspacing=\"0\" class=\"tr-caption-container\" style=\"margin-left: auto;margin-right: auto;text-align: center\">\n<tbody>\n<tr>\n<td style=\"text-align: center\"><a href=\"https:\/\/www.bfv.cloud\/ajedrezeuropa\/wp-content\/uploads\/2018\/12\/GRUPOCONPANCARTA.jpg\" style=\"margin-left: auto;margin-right: auto\"><img fetchpriority=\"high\" decoding=\"async\" border=\"0\" data-original-height=\"387\" data-original-width=\"844\" height=\"290\" src=\"https:\/\/blogger.googleusercontent.com\/img\/b\/R29vZ2xl\/AVvXsEhqPRKENj9Vap9SvKGdGL3gybC7eTN_jd9x-dNZn_CPLdF9E_HcYYeTkEPP0J4_otBqLxuY6x-mR_7PSmzXwqmkMdt7beJwhB1eHB8bUpAtTok56kMWKdH1it8QeIxj1wsvVUX9OrqECKs\/s640\/GRUPO+CON+PANCARTA.jpg\" width=\"640\" \/><\/a><\/td>\n<\/tr>\n<tr>\n<td class=\"tr-caption\" style=\"text-align: center\">Todos juntos al final del torneo<\/td>\n<\/tr>\n<\/tbody>\n<\/table>\n<\/div>\n<div align=\"center\" class=\"MsoNormal\" style=\"text-align: center\">\n<b><u><span style=\",sans-serif;font-size: 14.0pt;line-height: 107%\">La<br \/>\n\u00e9lite del ajedrez juvenil espa\u00f1ol se cita en Benidorm<\/span><\/u><\/b><span style=\",sans-serif;font-size: 14.0pt;line-height: 107%\"><\/span><\/div>\n<div align=\"center\" class=\"MsoNormal\" style=\"text-align: center\">\n<b><u><span style=\",sans-serif;font-size: 14.0pt;line-height: 107%\"><br \/><\/span><\/u><\/b><\/div>\n<div class=\"MsoNormal\" style=\"text-align: justify\">\n<span style=\",sans-serif;font-size: 14.0pt;line-height: 107%\">La participaci\u00f3n del equipo<br \/>\njuvenil de Nuestro Ajedrez en Europa en la XI Copa de Espa\u00f1a, celebrada en<br \/>\nBenidorm hasta ayer domingo, se ha saldado con un magn\u00edfico 5\u00ba puesto, el<br \/>\nsegundo mejor resultado dentro de este campeonato en los 10 a\u00f1os de presencia<br \/>\ndel proyecto que une a Alc\u00e1zar y Villafranca. El torneo sub-18 se ha<br \/>\nconvertido, despu\u00e9s de 11 ediciones, en el escenario donde se miden los clubes<br \/>\nm\u00e1s importantes de Espa\u00f1a. Este a\u00f1o, 42 equipos en representaci\u00f3n de casi todas<br \/>\nlas comunidades aut\u00f3nomas iniciaban la lucha por estar entre los mejores el<br \/>\npasado 6 de diciembre. La \u00e9lite del ajedrez espa\u00f1ol, desde los 13 a los 18 a\u00f1os<br \/>\nde edad, compite en el tablero durante 4 intensos d\u00edas, requiriendo de cada<br \/>\njugador una fuerte preparaci\u00f3n psicol\u00f3gica y t\u00e9cnica. <span>&nbsp;<\/span>La gran mayor\u00eda de los campeones y campeonas<br \/>\nnacionales <span>&nbsp;<\/span>de las categor\u00edas sub-10,<br \/>\nsub-12, sub-14, sub-16 y sub-18 integran los equipos llamados a pelear por los<br \/>\npuestos de honor de esta Copa de Espa\u00f1a.<b><u><\/u><\/b><\/span><\/div>\n<div class=\"MsoNormal\" style=\"text-align: justify\">\n<span style=\",sans-serif;font-size: 14.0pt;line-height: 107%\"><br \/><\/span><\/div>\n<table align=\"center\" cellpadding=\"0\" cellspacing=\"0\" class=\"tr-caption-container\" style=\"margin-left: auto;margin-right: auto;text-align: center\">\n<tbody>\n<tr>\n<td style=\"text-align: center\"><a href=\"https:\/\/www.bfv.cloud\/ajedrezeuropa\/wp-content\/uploads\/2018\/12\/GRUPOCONMONITORESENELTABLERO.jpg\" style=\"margin-left: auto;margin-right: auto\"><img decoding=\"async\" border=\"0\" data-original-height=\"597\" data-original-width=\"1371\" height=\"274\" src=\"https:\/\/blogger.googleusercontent.com\/img\/b\/R29vZ2xl\/AVvXsEiic_KP7V0IYq0lEFa_wmQEQwfTKiip_wxm4d-5ZKtLT6YOJjbrMJhPXjv2Fyyp1ahhoICm7SYBfBJ2iPgpipw-XRqtufhp7kievuEvZaflWR8tAajrFfbUl2VO1wdQ16xG3UgGadA9zTo\/s640\/GRUPO+CON+MONITORES+EN+EL+TABLERO.jpg\" width=\"640\" \/><\/a><\/td>\n<\/tr>\n<tr>\n<td class=\"tr-caption\" style=\"text-align: center\">Jugadores y entrenadores en la sala de juego<\/td>\n<\/tr>\n<\/tbody>\n<\/table>\n<div align=\"center\" class=\"MsoNormal\" style=\"text-align: center\">\n<b><u><span style=\",sans-serif;font-size: 14.0pt;line-height: 107%\">Nuestro<br \/>\nAjedrez en Europa, 5\u00ba de Espa\u00f1a<\/span><\/u><\/b><span style=\",sans-serif;font-size: 14.0pt;line-height: 107%\"><\/span><\/div>\n<div align=\"center\" class=\"MsoNormal\" style=\"text-align: center\">\n<b><u><span style=\",sans-serif;font-size: 14.0pt;line-height: 107%\"><br \/><\/span><\/u><\/b><\/div>\n<div class=\"MsoNormal\" style=\"text-align: justify\">\n<span style=\",sans-serif;font-size: 14.0pt;line-height: 107%\">El equipo de Nuestro Ajedrez<br \/>\nen Europa de la categor\u00eda juvenil formado por: <b>\u00c1lvaro Moreno Mart\u00edn-Viveros<\/b>, <b>Adrian<br \/>\nAlonso L\u00e1zaro<\/b>, <b>Roberto L\u00f3pez N\u00fa\u00f1ez<\/b>,<br \/>\n<b>Alfredo Amador And\u00fajar<\/b>, <b>Irene Sim\u00f3n Escalona<\/b> y <b>Roberto Yeghiazaryan Petrosyan<\/b>, ha<br \/>\nsumado 19,5 puntos de partida, anot\u00e1ndose 5 victorias y 2 derrotas. Las<br \/>\nvictorias fueron conseguidas con claridad por un tanteo de 3-1 en los<br \/>\nenfrentamientos con: CECA (Baleares); Real Club Regatas de Santander y Torres Blancas<br \/>\nde Cantabria; y SRM Selecci\u00f3n Manchega (Castilla-La Mancha). En la 7\u00aa y \u00faltima<br \/>\nronda el emparejamiento depar\u00f3 al segundo del ranking inicial, el Club Escacs<br \/>\nLlinars de Catalu\u00f1a, <span>&nbsp;<\/span>que contaba en sus<br \/>\nfilas con 3 maestros FIDE y con el actual campe\u00f3n de Espa\u00f1a sub-18. El<br \/>\nresultado de este encuentro, 4-0 a favor de Nuestro Ajedrez en Europa, se<br \/>\nproduc\u00eda despu\u00e9s de la comparecencia tard\u00eda de 3 jugadores del equipo y una<br \/>\nposterior alineaci\u00f3n indebida. La 2\u00aa y 6\u00aa rondas se perdieron frente a Sant<br \/>\nAndreu de Catalu\u00f1a por 2,5 a 1,5 y contra los murcianos del Lorca por 3-1. Con<br \/>\nlos 10 puntos de encuentro conseguidos, Nuestro Ajedrez en Europa, alcanzaba la<br \/>\n5\u00aa posici\u00f3n de la clasificaci\u00f3n final, aunque la suma de puntos obtenida por<br \/>\ncada tablero ronda a ronda (19,5) le llevara a igualar al campe\u00f3n \u201cEva-Manises\u201d<br \/>\ny solo fuera superada por el tercer clasificado, el tambi\u00e9n club valenciano de<br \/>\n\u201cAjedrez Mislata\u201d. <\/span><\/div>\n<div class=\"MsoNormal\" style=\"text-align: justify\">\n<span style=\",sans-serif;font-size: 14.0pt;line-height: 107%\">&nbsp;<\/p>\n<table align=\"center\" cellpadding=\"0\" cellspacing=\"0\" class=\"tr-caption-container\" style=\"float: left;margin-right: 1em;text-align: left\">\n<tbody>\n<tr>\n<td style=\"text-align: center\"><a href=\"https:\/\/www.bfv.cloud\/ajedrezeuropa\/wp-content\/uploads\/2018\/12\/IGUALDADS12CONMADRES.jpg\" style=\"margin-left: auto;margin-right: auto\"><img decoding=\"async\" border=\"0\" data-original-height=\"828\" data-original-width=\"818\" height=\"400\" src=\"https:\/\/blogger.googleusercontent.com\/img\/b\/R29vZ2xl\/AVvXsEhpN3TN9Hz3lD7gU6VEVI_RY0q1zkKduzIDyTd2YHqkjb2n0AtacZbYVwWFI7aC0hUUHdfw6oq0NaRRDUvfpupbgUuS0RETP9veCflhxBZoqqNSEK5LJ5ogAaiaENMp0k1cFnyzUeQEDJY\/s400\/IGUALDAD+S12+CON+MADRES.jpg\" width=\"393\" \/><\/a><\/td>\n<\/tr>\n<tr>\n<td class=\"tr-caption\" style=\"text-align: center\">Los jugadores de la Igualdad sub-12 junto a sus madres<\/td>\n<\/tr>\n<\/tbody>\n<\/table>\n<p><\/span><\/div>\n<div align=\"center\" class=\"MsoNormal\" style=\"text-align: center\">\n<b><u><span style=\",sans-serif;font-size: 14.0pt;line-height: 107%\">Nuestro<br \/>\nAjedrez por la Igualdad y sus equipos juvenil e infantil<\/span><\/u><\/b><span style=\",sans-serif;font-size: 14.0pt;line-height: 107%\"><\/span><\/div>\n<div align=\"center\" class=\"MsoNormal\" style=\"text-align: center\">\n<b><u><span style=\",sans-serif;font-size: 14.0pt;line-height: 107%\"><br \/><\/span><\/u><\/b><\/div>\n<div class=\"MsoNormal\" style=\"text-align: justify\">\n<span style=\",sans-serif;font-size: 14.0pt;line-height: 107%\">En su tercera presencia<br \/>\nconsecutiva, los chicos del equipo sub-12 de Nuestro Ajedrez por la Igualdad,<br \/>\nse situaban en la 12\u00aa posici\u00f3n de entre los 28 participantes. Los 4 jugadores<br \/>\nque han formado el equipo son: <b>Alonso<br \/>\nL\u00f3pez Nu\u00f1ez<\/b>, <b>Carlos P\u00e9rez Manzanedo<\/b>,<br \/>\n<b>Gabriel Amador And\u00fajar<\/b> y <b>\u00c1ngel Collado Alcolado<\/b>. Esta ha sido su<br \/>\nmejor clasificaci\u00f3n, hasta ahora, en un torneo en el que han concurrido varios<br \/>\nequipos que eran selecciones regionales o mezclas de varios clubes de distintas<br \/>\ncomunidades. <\/span><\/div>\n<div class=\"MsoNormal\" style=\"text-align: justify\">\n<\/div>\n<div class=\"MsoNormal\" style=\"text-align: justify\">\n<span style=\",sans-serif;font-size: 14.0pt;line-height: 107%\">La actuaci\u00f3n de los m\u00e1s<br \/>\nj\u00f3venes de la Igualdad les ha llevado a sumar 8 puntos de encuentro, con 14,5<br \/>\npuntos de partida, tras 4 victorias y 3 derrotas.<\/span><\/div>\n<div class=\"MsoNormal\" style=\"text-align: justify\">\n<span style=\",sans-serif;font-size: 14.0pt;line-height: 107%\">Por su parte, el equipo<br \/>\njuvenil de Nuestro Ajedrez por la Igualdad quedaba clasificado en el puesto 40,<br \/>\ncon 3 puntos de encuentro y 10,5 puntos de partida. En esta ocasi\u00f3n, la<br \/>\nformaci\u00f3n que ha acudido al hotel Bali ha sido la siguiente: <b>Enrique Velasco Aragon\u00e9s<\/b>, <b>Isabel Marcos-Alberca Lizcano<\/b>, <b>Arsenio L\u00f3pez Ochoa<\/b>, <b>Adri\u00e1n Alhambra Rubio<\/b> y <b>Clara Vela Adri\u00e1n<\/b>. Son ya 8 las<br \/>\nparticipaciones de la Igualdad en el por equipos de Benidorm, y sigue siendo<br \/>\nuna prioridad para la formaci\u00f3n y el impulso deportivo que deben tener los<br \/>\nj\u00f3venes pertenecientes a este club. <\/span><\/div>\n<div class=\"MsoNormal\" style=\"text-align: justify\">\n<span style=\",sans-serif;font-size: 14.0pt;line-height: 107%\"><br \/><\/span><\/div>\n<table align=\"center\" cellpadding=\"0\" cellspacing=\"0\" class=\"tr-caption-container\" style=\"margin-left: auto;margin-right: auto;text-align: center\">\n<tbody>\n<tr>\n<td style=\"text-align: center\"><a href=\"https:\/\/www.bfv.cloud\/ajedrezeuropa\/wp-content\/uploads\/2018\/12\/EUROPAS18ENVERDE.jpg\" style=\"margin-left: auto;margin-right: auto\"><img loading=\"lazy\" decoding=\"async\" border=\"0\" data-original-height=\"1246\" data-original-width=\"1600\" height=\"494\" src=\"https:\/\/blogger.googleusercontent.com\/img\/b\/R29vZ2xl\/AVvXsEitmRrY8w-NXV-OqMYb20uV7y2jgcO6PUIyxyi84jMXKWPSdrBzTZh9hnrUhC9ICzoCSvjPntFftTz34RO2LG_eZHLyBqQTXgnACz1LpquCd7I_ZQr-oqH51j7QGmJYDnT3kEnPz5JmEws\/s640\/EUROPA+S18+EN+VERDE.jpg\" width=\"640\" \/><\/a><\/td>\n<\/tr>\n<tr>\n<td class=\"tr-caption\" style=\"text-align: center\">Imagen de una ronda con el juvenil de Europa en juego<\/td>\n<\/tr>\n<\/tbody>\n<\/table>\n<div class=\"MsoNormal\" style=\"text-align: justify\">\n<span style=\",sans-serif;font-size: 14.0pt;line-height: 107%\"><br \/><\/span><\/div>\n<div align=\"center\" class=\"MsoNormal\" style=\"text-align: center\">\n<b><u><span style=\",sans-serif;font-size: 14.0pt;line-height: 107%\">10<br \/>\na\u00f1os entre la \u00e9lite del ajedrez juvenil espa\u00f1ol<\/span><\/u><\/b><\/div>\n<div align=\"center\" class=\"MsoNormal\" style=\"text-align: center\">\n<b><u><span style=\",sans-serif;font-size: 14.0pt;line-height: 107%\"><br \/><\/span><\/u><\/b><\/div>\n<table cellpadding=\"0\" cellspacing=\"0\" class=\"tr-caption-container\" style=\"float: right;text-align: right\">\n<tbody>\n<tr>\n<td style=\"text-align: center\"><a href=\"https:\/\/www.bfv.cloud\/ajedrezeuropa\/wp-content\/uploads\/2018\/12\/IMG_20181206_102044.jpg\" style=\"margin-left: auto;margin-right: auto\"><img loading=\"lazy\" decoding=\"async\" border=\"0\" data-original-height=\"1600\" data-original-width=\"1463\" height=\"400\" src=\"https:\/\/blogger.googleusercontent.com\/img\/b\/R29vZ2xl\/AVvXsEi7HUPAE-7MZbj-pnzmHoH3GwzbU2gQWh1N5ZRMn7OKotymY9BduE2JxhmNRDTiONHP6SEB-RvVaiYE4EiIQhBlr_aQ5fiBsvklC3Azl9L_iBd17w7rgUaEhNepTrFowa-aByDcrq3jBNs\/s400\/IMG_20181206_102044.jpg\" width=\"365\" \/><\/a><\/td>\n<\/tr>\n<tr>\n<td class=\"tr-caption\" style=\"text-align: center\">Igualdad S-18 al comienzo de una ronda<\/td>\n<\/tr>\n<\/tbody>\n<\/table>\n<div class=\"MsoNormal\" style=\"text-align: justify\">\n<span style=\",sans-serif;font-size: 14.0pt;line-height: 107%\">Tras 10 a\u00f1os de participaci\u00f3n<br \/>\nininterrumpida en los torneos por equipos juvenil e infantil m\u00e1s importantes del<br \/>\ncalendario nacional, las escuelas de ajedrez de Alc\u00e1zar de San Juan y<br \/>\nVillafranca de los Caballeros, son ya parte integrante de la historia de este<br \/>\ndeporte en toda Espa\u00f1a. Con distintas generaciones de ajedrecistas, Nuestro<br \/>\nAjedrez en Europa, se ha mantenido entre los 15 mejores equipos nacionales, y<br \/>\nsi en 2011 se lograba el bronce entre 23 clubes participantes, en 2018 se ha<br \/>\nconseguido una impresionante 5\u00aa posici\u00f3n con 42 equipos en liza, entre los que<br \/>\nal menos 10 de ellos estaban dise\u00f1ados y preparados para ganar.<\/span><\/div>\n<div class=\"MsoNormal\" style=\"text-align: justify\">\n<span style=\",sans-serif;font-size: 14.0pt;line-height: 107%\">Gracias a las familias y a los<br \/>\nchicos y chicas que se forman en el proyecto.<\/span><\/div>\n<div class=\"MsoNormal\" style=\"text-align: justify\">\n<span style=\",sans-serif;font-size: 14.0pt;line-height: 107%\">Gracias a los entrenadores que<br \/>\nhan acompa\u00f1ado a los equipos en esta y otras ocasiones, pero especialmente al<br \/>\ngran maestro <b>Herminio Herr\u00e1iz Hidalgo <\/b>y<br \/>\na <b>Silvia Toribio Camu\u00f1as<\/b> que este<br \/>\na\u00f1o han empe\u00f1ado todo su tiempo en la preparaci\u00f3n y an\u00e1lisis de las partidas de<br \/>\nlos 15 j\u00f3venes que han participado en la XI Copa de Espa\u00f1a.<\/span><\/div>\n","protected":false},"excerpt":{"rendered":"<p>Todos juntos al final del torneo La \u00e9lite del ajedrez juvenil espa\u00f1ol se cita en Benidorm La participaci\u00f3n del equipo juvenil de Nuestro Ajedrez en Europa en la XI Copa de Espa\u00f1a, celebrada en Benidorm hasta ayer domingo, se ha saldado con un magn\u00edfico 5\u00ba puesto, el segundo mejor resultado dentro de este campeonato en [&hellip;]<\/p>\n","protected":false},"author":1,"featured_media":3274,"comment_status":"open","ping_status":"closed","sticky":false,"template":"","format":"standard","meta":{"footnotes":""},"categories":[1],"tags":[],"class_list":["post-3273","post","type-post","status-publish","format-standard","has-post-thumbnail","hentry","category-noticias"],"_links":{"self":[{"href":"https:\/\/www.bfv.cloud\/ajedrezeuropa\/wp-json\/wp\/v2\/posts\/3273","targetHints":{"allow":["GET"]}}],"collection":[{"href":"https:\/\/www.bfv.cloud\/ajedrezeuropa\/wp-json\/wp\/v2\/posts"}],"about":[{"href":"https:\/\/www.bfv.cloud\/ajedrezeuropa\/wp-json\/wp\/v2\/types\/post"}],"author":[{"embeddable":true,"href":"https:\/\/www.bfv.cloud\/ajedrezeuropa\/wp-json\/wp\/v2\/users\/1"}],"replies":[{"embeddable":true,"href":"https:\/\/www.bfv.cloud\/ajedrezeuropa\/wp-json\/wp\/v2\/comments?post=3273"}],"version-history":[{"count":1,"href":"https:\/\/www.bfv.cloud\/ajedrezeuropa\/wp-json\/wp\/v2\/posts\/3273\/revisions"}],"predecessor-version":[{"id":3279,"href":"https:\/\/www.bfv.cloud\/ajedrezeuropa\/wp-json\/wp\/v2\/posts\/3273\/revisions\/3279"}],"wp:featuredmedia":[{"embeddable":true,"href":"https:\/\/www.bfv.cloud\/ajedrezeuropa\/wp-json\/wp\/v2\/media\/3274"}],"wp:attachment":[{"href":"https:\/\/www.bfv.cloud\/ajedrezeuropa\/wp-json\/wp\/v2\/media?parent=3273"}],"wp:term":[{"taxonomy":"category","embeddable":true,"href":"https:\/\/www.bfv.cloud\/ajedrezeuropa\/wp-json\/wp\/v2\/categories?post=3273"},{"taxonomy":"post_tag","embeddable":true,"href":"https:\/\/www.bfv.cloud\/ajedrezeuropa\/wp-json\/wp\/v2\/tags?post=3273"}],"curies":[{"name":"wp","href":"https:\/\/api.w.org\/{rel}","templated":true}]}}