{"id":3280,"date":"2013-07-15T21:49:00","date_gmt":"2013-07-15T21:49:00","guid":{"rendered":"https:\/\/www.bfv.cloud\/ajedrezeuropa\/index.php\/2013\/07\/15\/abierto-el-periodo-de-inscripciones-para-el-vi-campus-de-verano\/"},"modified":"2025-11-20T10:59:03","modified_gmt":"2025-11-20T10:59:03","slug":"abierto-el-periodo-de-inscripciones-para-el-vi-campus-de-verano","status":"publish","type":"post","link":"https:\/\/www.bfv.cloud\/ajedrezeuropa\/abierto-el-periodo-de-inscripciones-para-el-vi-campus-de-verano\/","title":{"rendered":"ABIERTO EL PERIODO DE INSCRIPCIONES PARA EL VI CAMPUS DE VERANO"},"content":{"rendered":"<div class=\"separator\" style=\"clear: both;text-align: center\">\n<a href=\"https:\/\/www.bfv.cloud\/ajedrezeuropa\/wp-content\/uploads\/2013\/07\/CARTELCAMPUS2013JPG.jpg\" style=\"clear: left;float: left;margin-bottom: 1em;margin-right: 1em\"><\/a><a href=\"https:\/\/www.bfv.cloud\/ajedrezeuropa\/wp-content\/uploads\/2013\/07\/tripticodelVIcampuspartedefuera.jpg\" style=\"clear: right;float: right;margin-bottom: 1em;margin-left: 1em\"><img fetchpriority=\"high\" decoding=\"async\" border=\"0\" height=\"282\" src=\"https:\/\/blogger.googleusercontent.com\/img\/b\/R29vZ2xl\/AVvXsEgDc3ovutRVHJ6Nvbe8a2jF44vBFQ117qntWTrCnk4o1VYlM7uuwjqceR0J4YQxkYcraX74zuXky3qHQNiGwmA48ZLAWamC_t9GVRoUYNmlax59s3l_GKopq0-iQzjjZRFlY6oPJ8FxxPI\/s400\/triptico+del+VI+campus+parte++de+fuera.JPG\" width=\"400\" \/><\/a><\/div>\n<p><span style=\"color: #274e13;font-family: Verdana, sans-serif\"><b>Ya est\u00e1 abierto el periodo de inscripciones para la sexta edici\u00f3n del campus de verano. Este plazo oficial comienza el 16 de julio y se extiende hasta el pr\u00f3ximo d\u00eda 26. En el tr\u00edptico figura toda la informaci\u00f3n, aunque pueden solicitarse m\u00e1s detalles en el correo: <u>felixtoribio@terra.com<\/u><\/b><\/span><br \/>\n<a href=\"https:\/\/www.bfv.cloud\/ajedrezeuropa\/wp-content\/uploads\/2013\/07\/tripticodelVIcampuspartecentral.jpg\" style=\"clear: left;float: left;margin-bottom: 1em;margin-right: 1em\"><img decoding=\"async\" border=\"0\" height=\"282\" src=\"https:\/\/blogger.googleusercontent.com\/img\/b\/R29vZ2xl\/AVvXsEjXC-jgnK1kIpY8MXjHNBxaJ7xEB86afcNXcwEE4g0dTPEOwtWIEoKk3GQB0bopB_1phqnJyoToGVROkcALKsU_7pnemr-ycpLiiujUnaJ9U3aNYtOzjYpLigKOAo12U_GYo_gx2yFi8KY\/s400\/triptico+del+VI+campus+parte+central.JPG\" width=\"400\" \/><\/a><span style=\"color: #274e13;font-family: Verdana, sans-serif\"><b>El campus comenzar\u00e1 el lunes 29 de julio en Alc\u00e1zar de San Juan, celebr\u00e1ndose el acto inaugural ese mismo d\u00eda en el sal\u00f3n de actos del centro juvenil \u00abLa Covadonga\u00bb. Durante 2 jornadas m\u00e1s las actividades seguir\u00e1n desarroll\u00e1ndose en Alc\u00e1zar para pasar el jueves 1 de agosto a las instalaciones de la casa de la cultura en Villafranca de los Caballeros. La clausura se realizar\u00e1 el \u00faltimo d\u00eda, s\u00e1bado 3 de agosto, en la sala de conferencias de la propia casa de la cultura a partir de las 8 de la tarde.<\/b><\/span><br \/>\n<span style=\"color: #274e13;font-family: Verdana, sans-serif\"><b>&nbsp;&nbsp;<\/b><\/span><\/p>\n<div class=\"separator\" style=\"clear: both;text-align: center\">\n<a href=\"https:\/\/www.bfv.cloud\/ajedrezeuropa\/wp-content\/uploads\/2013\/07\/CARTELCAMPUS2013JPG.jpg\" style=\"margin-left: 1em;margin-right: 1em\"><img decoding=\"async\" border=\"0\" height=\"640\" src=\"https:\/\/blogger.googleusercontent.com\/img\/b\/R29vZ2xl\/AVvXsEjyleYAyEyvx_xB65fvnLubyi3gXDbI7CI-nbv5r06_WbteuOqXYR2qNXeNDXeuJE2675RnWKctbfWvaN8vZY1RtPp0jkBLzl2Qirk5ORwFJbG__IXOJXXf-jUWTiU66o2swGOt4NbhZJY\/s640\/CARTEL+CAMPUS+2013+JPG.JPG\" width=\"449\" \/><\/a><\/div>\n<p><\/p>\n","protected":false},"excerpt":{"rendered":"<p>Ya est\u00e1 abierto el periodo de inscripciones para la sexta edici\u00f3n del campus de verano. Este plazo oficial comienza el 16 de julio y se extiende hasta el pr\u00f3ximo d\u00eda 26. En el tr\u00edptico figura toda la informaci\u00f3n, aunque pueden solicitarse m\u00e1s detalles en el correo: felixtoribio@terra.com El campus comenzar\u00e1 el lunes 29 de julio [&hellip;]<\/p>\n","protected":false},"author":1,"featured_media":3281,"comment_status":"open","ping_status":"closed","sticky":false,"template":"","format":"standard","meta":{"footnotes":""},"categories":[1],"tags":[],"class_list":["post-3280","post","type-post","status-publish","format-standard","has-post-thumbnail","hentry","category-noticias"],"_links":{"self":[{"href":"https:\/\/www.bfv.cloud\/ajedrezeuropa\/wp-json\/wp\/v2\/posts\/3280","targetHints":{"allow":["GET"]}}],"collection":[{"href":"https:\/\/www.bfv.cloud\/ajedrezeuropa\/wp-json\/wp\/v2\/posts"}],"about":[{"href":"https:\/\/www.bfv.cloud\/ajedrezeuropa\/wp-json\/wp\/v2\/types\/post"}],"author":[{"embeddable":true,"href":"https:\/\/www.bfv.cloud\/ajedrezeuropa\/wp-json\/wp\/v2\/users\/1"}],"replies":[{"embeddable":true,"href":"https:\/\/www.bfv.cloud\/ajedrezeuropa\/wp-json\/wp\/v2\/comments?post=3280"}],"version-history":[{"count":1,"href":"https:\/\/www.bfv.cloud\/ajedrezeuropa\/wp-json\/wp\/v2\/posts\/3280\/revisions"}],"predecessor-version":[{"id":3284,"href":"https:\/\/www.bfv.cloud\/ajedrezeuropa\/wp-json\/wp\/v2\/posts\/3280\/revisions\/3284"}],"wp:featuredmedia":[{"embeddable":true,"href":"https:\/\/www.bfv.cloud\/ajedrezeuropa\/wp-json\/wp\/v2\/media\/3281"}],"wp:attachment":[{"href":"https:\/\/www.bfv.cloud\/ajedrezeuropa\/wp-json\/wp\/v2\/media?parent=3280"}],"wp:term":[{"taxonomy":"category","embeddable":true,"href":"https:\/\/www.bfv.cloud\/ajedrezeuropa\/wp-json\/wp\/v2\/categories?post=3280"},{"taxonomy":"post_tag","embeddable":true,"href":"https:\/\/www.bfv.cloud\/ajedrezeuropa\/wp-json\/wp\/v2\/tags?post=3280"}],"curies":[{"name":"wp","href":"https:\/\/api.w.org\/{rel}","templated":true}]}}