{"id":3285,"date":"2017-04-06T07:51:00","date_gmt":"2017-04-06T07:51:00","guid":{"rendered":"https:\/\/www.bfv.cloud\/ajedrezeuropa\/index.php\/2017\/04\/06\/nuria-lozano-y-javier-valdepenas-seran-premiados-en-la-xxii-gala-del-deporte-de-la-diputacion-de-ciudad-real\/"},"modified":"2025-11-20T10:59:05","modified_gmt":"2025-11-20T10:59:05","slug":"nuria-lozano-y-javier-valdepenas-seran-premiados-en-la-xxii-gala-del-deporte-de-la-diputacion-de-ciudad-real","status":"publish","type":"post","link":"https:\/\/www.bfv.cloud\/ajedrezeuropa\/nuria-lozano-y-javier-valdepenas-seran-premiados-en-la-xxii-gala-del-deporte-de-la-diputacion-de-ciudad-real\/","title":{"rendered":"NURIA LOZANO Y JAVIER VALDEPE\u00d1AS SER\u00c1N PREMIADOS EN LA XXII GALA DEL DEPORTE DE LA DIPUTACI\u00d3N DE CIUDAD REAL"},"content":{"rendered":"<p><\/p>\n<div class=\"separator\" style=\"clear: both;text-align: center\">\n<a href=\"https:\/\/www.bfv.cloud\/ajedrezeuropa\/wp-content\/uploads\/2017\/04\/nuevologotipodiputa4.jpg\" style=\"margin-left: 1em;margin-right: 1em\"><img fetchpriority=\"high\" decoding=\"async\" border=\"0\" height=\"210\" src=\"https:\/\/blogger.googleusercontent.com\/img\/b\/R29vZ2xl\/AVvXsEgCR_BmzbLeyJznnuI2HE3v8pOkUlI_dg6EKyttJqARLIHbsi5j_M3FxYpv8GH2qeT19Q8zpjWohT0DRbdbZRybQDH6xLeA8uXFsKMP-DSrFO33Kk3SQ8IqHPaSC_dnLhKf_OXsBSOta1s\/s400\/nuevologotipodiputa4.JPG\" width=\"400\" \/><\/a><\/div>\n<div style=\"clear: right;float: right;margin-bottom: 1em;margin-left: 1em\">\n<b><span style=\"background-color: white;text-align: center\"><span style=\"font-family: Trebuchet MS, sans-serif\">El pr\u00f3ximo jueves 27 de abril de 2017, se celebrar\u00e1 en el Auditorio Municipal Tom\u00e1s Barrera de La Solana, la XXII Gala Provincial del Deporte, en la que se pretende reconocer y premiar el trabajo desarrollado por los Mejores Deportistas Provinciales del a\u00f1o 2016, dentro de las categor\u00edas absolutas y juveniles de las modalidades deportivas federadas en la provincia de Ciudad Real<\/span><\/span><span style=\"background-color: white;, sans-serif;text-align: center\">. La Delegaci\u00f3n de Ajedrez de Ciudad Real, de acuerdo con los clubes de la provincia, va a entregar sus dos premios a los alcazare\u00f1os: Javier Valdepe\u00f1as Octavio y Nuria Lozano Serrano. Nos alegramos de que estos reconocimientos vayan a parar a dos de los jugadores de Nuestro Ajedrez en Europa con una mayor proyecci\u00f3n de los \u00faltimos a\u00f1os.Recordemos que en 2015 la criptanense, Isabel Marcos-Alberca Lizcano, tambi\u00e9n fue una de las premiadas.<\/span><\/b><\/div>\n","protected":false},"excerpt":{"rendered":"<p>El pr\u00f3ximo jueves 27 de abril de 2017, se celebrar\u00e1 en el Auditorio Municipal Tom\u00e1s Barrera de La Solana, la XXII Gala Provincial del Deporte, en la que se pretende reconocer y premiar el trabajo desarrollado por los Mejores Deportistas Provinciales del a\u00f1o 2016, dentro de las categor\u00edas absolutas y juveniles de las modalidades deportivas [&hellip;]<\/p>\n","protected":false},"author":1,"featured_media":3286,"comment_status":"open","ping_status":"closed","sticky":false,"template":"","format":"standard","meta":{"footnotes":""},"categories":[1],"tags":[],"class_list":["post-3285","post","type-post","status-publish","format-standard","has-post-thumbnail","hentry","category-noticias"],"_links":{"self":[{"href":"https:\/\/www.bfv.cloud\/ajedrezeuropa\/wp-json\/wp\/v2\/posts\/3285","targetHints":{"allow":["GET"]}}],"collection":[{"href":"https:\/\/www.bfv.cloud\/ajedrezeuropa\/wp-json\/wp\/v2\/posts"}],"about":[{"href":"https:\/\/www.bfv.cloud\/ajedrezeuropa\/wp-json\/wp\/v2\/types\/post"}],"author":[{"embeddable":true,"href":"https:\/\/www.bfv.cloud\/ajedrezeuropa\/wp-json\/wp\/v2\/users\/1"}],"replies":[{"embeddable":true,"href":"https:\/\/www.bfv.cloud\/ajedrezeuropa\/wp-json\/wp\/v2\/comments?post=3285"}],"version-history":[{"count":1,"href":"https:\/\/www.bfv.cloud\/ajedrezeuropa\/wp-json\/wp\/v2\/posts\/3285\/revisions"}],"predecessor-version":[{"id":3287,"href":"https:\/\/www.bfv.cloud\/ajedrezeuropa\/wp-json\/wp\/v2\/posts\/3285\/revisions\/3287"}],"wp:featuredmedia":[{"embeddable":true,"href":"https:\/\/www.bfv.cloud\/ajedrezeuropa\/wp-json\/wp\/v2\/media\/3286"}],"wp:attachment":[{"href":"https:\/\/www.bfv.cloud\/ajedrezeuropa\/wp-json\/wp\/v2\/media?parent=3285"}],"wp:term":[{"taxonomy":"category","embeddable":true,"href":"https:\/\/www.bfv.cloud\/ajedrezeuropa\/wp-json\/wp\/v2\/categories?post=3285"},{"taxonomy":"post_tag","embeddable":true,"href":"https:\/\/www.bfv.cloud\/ajedrezeuropa\/wp-json\/wp\/v2\/tags?post=3285"}],"curies":[{"name":"wp","href":"https:\/\/api.w.org\/{rel}","templated":true}]}}