{"id":3288,"date":"2014-07-29T09:35:00","date_gmt":"2014-07-29T09:35:00","guid":{"rendered":"https:\/\/www.bfv.cloud\/ajedrezeuropa\/index.php\/2014\/07\/29\/la-septima-edicion-de-nuestro-campus-ya-esta-en-marcha\/"},"modified":"2025-11-20T10:59:11","modified_gmt":"2025-11-20T10:59:11","slug":"la-septima-edicion-de-nuestro-campus-ya-esta-en-marcha","status":"publish","type":"post","link":"https:\/\/www.bfv.cloud\/ajedrezeuropa\/la-septima-edicion-de-nuestro-campus-ya-esta-en-marcha\/","title":{"rendered":"\u00a1\u00a1LA S\u00c9PTIMA EDICI\u00d3N DE NUESTRO CAMPUS YA EST\u00c1 EN MARCHA!!"},"content":{"rendered":"<table align=\"center\" cellpadding=\"0\" cellspacing=\"0\" class=\"tr-caption-container\" style=\"margin-left: auto;margin-right: auto;text-align: center\">\n<tbody>\n<tr>\n<td style=\"text-align: center\"><a href=\"https:\/\/www.bfv.cloud\/ajedrezeuropa\/wp-content\/uploads\/2014\/07\/SAM_0630.jpg\" style=\"margin-left: auto;margin-right: auto\"><img fetchpriority=\"high\" decoding=\"async\" border=\"0\" src=\"https:\/\/www.bfv.cloud\/ajedrezeuropa\/wp-content\/uploads\/2014\/07\/SAM_0630.jpg\" height=\"480\" width=\"640\" \/><\/a><\/td>\n<\/tr>\n<tr>\n<td class=\"tr-caption\" style=\"text-align: center\">Los alumnos y alumnas de la s\u00e9ptima edici\u00f3n del campus asistieron al acto inaugural acompa\u00f1ados<br \/>\nde un numeroso grupo de familiares<\/td>\n<\/tr>\n<\/tbody>\n<\/table>\n<h4>\n<span style=\"font-family: Verdana, sans-serif\"><span style=\"color: blue\">Con un total de 30 chicos y chicas se ha iniciado la 7\u00aa edici\u00f3n del campus de perfeccionamiento y tecnificaci\u00f3n \u00abNuestro Ajedrez en Europa\u00bb, hoy a las 10 de la ma\u00f1ana en \u00abLa Covadonga\u00bb de Alc\u00e1zar de San Juan. Esta actividad orientada a la mejora t\u00e9cnica y formativa de los alumnos y alumnas de las escuelas de ajedrez de Alc\u00e1zar y Villafranca, ha consolidado su presencia a base de ofrecer la mayor calidad en sus profesores, contando con la presencia de grandes maestros de la talla de Elizbar Ubilava y Herminio Herr\u00e1iz. Estos 2 grandes preparadores unidos a los monitores y profesores: Ana Isabel Gonz\u00e1lez, Antonio Albo, Luis Miguel Monreal, Daniel P\u00edriz y Blanca Y\u00e9benes, forman un gran grupo de entrenadores con el que este campus se enorgullece contar. Adem\u00e1s, con el paso de los a\u00f1os, nos hemos distinguido por el enfoque de alta calidad formativa hacia el que se ha encauzado el proyecto y ,con \u00e9l, todas las actividades que se realizan.&nbsp;<\/span><\/span><\/h4>\n<h3>\n<span style=\"color: blue;font-family: Verdana, sans-serif\"><u>Un proyecto con apoyo institucional<\/p>\n<table cellpadding=\"0\" cellspacing=\"0\" class=\"tr-caption-container\" style=\"float: right;margin-left: 1em;text-align: right\">\n<tbody>\n<tr>\n<td style=\"text-align: center\"><a href=\"https:\/\/www.bfv.cloud\/ajedrezeuropa\/wp-content\/uploads\/2014\/07\/SAM_0615.jpg\" style=\"clear: right;margin-bottom: 1em;margin-left: auto;margin-right: auto\"><img decoding=\"async\" border=\"0\" src=\"https:\/\/www.bfv.cloud\/ajedrezeuropa\/wp-content\/uploads\/2014\/07\/SAM_0615.jpg\" height=\"216\" width=\"400\" \/><\/a><\/td>\n<\/tr>\n<tr>\n<td class=\"tr-caption\" style=\"text-align: center\">Entre tableros y piezas se desarroll\u00f3<br \/>\n&nbsp;la rueda de prensa previa a la inauguraci\u00f3n, donde<br \/>\n&nbsp;estuvieron&nbsp;presentes: Ana Isabel Gonz\u00e1lez, <br \/>\nHerminio Herr\u00e1iz, Andr\u00e9s&nbsp;Beldad y Diego Ortega,<br \/>\nalcaldes de Alc\u00e1zar y Villafranca,<br \/>\ny F\u00e9lix Toribio.<\/td>\n<\/tr>\n<\/tbody>\n<\/table>\n<p><\/u><\/span><\/h3>\n<h4>\n<span style=\"color: blue;font-family: Verdana, sans-serif\">A la inauguraci\u00f3n oficial han asistido los alcaldes de Alc\u00e1zar y Villafranca, Diego Ortega y Andr\u00e9s Beldad. En sus presentaciones han querido subrayar el apoyo institucional con el que cuenta el proyecto \u00abNuestro Ajedrez en Europa\u00bb, destacando el valor de las actividades que se organizan y su constante impulso a las escuelas de ajedrez. Ante los medios de comunicaci\u00f3n pusieron de manifiesto el merecido reconocimiento del que se ha hecho acreedor el proyecto desde las distintas administraciones. &nbsp; &nbsp; &nbsp;<\/span><\/h4>\n<h3>\n<span style=\"color: blue;font-family: Verdana, sans-serif\"><u>Los nuevos programas en los que venimos trabajando<\/u><\/span><\/h3>\n<table align=\"center\" cellpadding=\"0\" cellspacing=\"0\" class=\"tr-caption-container\" style=\"float: right;margin-left: 1em;text-align: right\">\n<tbody>\n<tr>\n<td style=\"text-align: center\"><a href=\"https:\/\/www.bfv.cloud\/ajedrezeuropa\/wp-content\/uploads\/2014\/07\/SAM_0628.jpg\" style=\"margin-left: auto;margin-right: auto\"><img decoding=\"async\" border=\"0\" src=\"https:\/\/www.bfv.cloud\/ajedrezeuropa\/wp-content\/uploads\/2014\/07\/SAM_0628.jpg\" height=\"243\" width=\"400\" \/><\/a><\/td>\n<\/tr>\n<tr>\n<td class=\"tr-caption\" style=\"text-align: center\">Un momento de la presentaci\u00f3n en el sal\u00f3n de actos de La Covadonga<\/td>\n<\/tr>\n<\/tbody>\n<\/table>\n<h4>\n<span style=\"color: blue;font-family: Verdana, sans-serif\">Otro aspecto importante que autoridades y t\u00e9cnicos deportivos han destacado en sus intervenciones es la b\u00fasqueda que el proyecto viene realizando para lograr un espacio educativo, social y deportivo m\u00e1s amplio en el \u00e1mbito castellano-manchego. El \u00faltimo a\u00f1o ha supuesto un avance en la toma de contacto y presentaci\u00f3n de algunos de estos nuevos programas entre administraciones p\u00fablicas y empresas privadas. Esta tarea de acercamiento del ajedrez a la sociedad es, ante todo, generosa en su planteamiento y abierta en su concepci\u00f3n, integrando los valores educativos para la infancia y la juventud con los sociopedag\u00f3gicos a los que se orienta en los grupos de adultos.<\/span><\/h4>\n<h4>\n<a href=\"https:\/\/www.bfv.cloud\/ajedrezeuropa\/wp-content\/uploads\/2014\/07\/SAM_0640.jpg\" style=\"font-family: Verdana, sans-serif;margin-left: 1em;margin-right: 1em;text-align: center\"><img loading=\"lazy\" decoding=\"async\" border=\"0\" src=\"https:\/\/www.bfv.cloud\/ajedrezeuropa\/wp-content\/uploads\/2014\/07\/SAM_0640.jpg\" height=\"514\" width=\"640\" \/><\/a><\/h4>\n<h4>\n<span style=\"color: blue;font-family: Verdana, sans-serif\"> &nbsp;<\/span><\/h4>\n<div>\n<span style=\"font-family: Verdana, sans-serif\"><u><br \/><\/u><\/span><\/div>\n<div>\n<span style=\"font-family: Verdana, sans-serif\"><u><br \/><\/u><\/span><\/div>\n","protected":false},"excerpt":{"rendered":"<p>Los alumnos y alumnas de la s\u00e9ptima edici\u00f3n del campus asistieron al acto inaugural acompa\u00f1ados de un numeroso grupo de familiares Con un total de 30 chicos y chicas se ha iniciado la 7\u00aa edici\u00f3n del campus de perfeccionamiento y tecnificaci\u00f3n \u00abNuestro Ajedrez en Europa\u00bb, hoy a las 10 de la ma\u00f1ana en \u00abLa Covadonga\u00bb [&hellip;]<\/p>\n","protected":false},"author":1,"featured_media":3289,"comment_status":"open","ping_status":"closed","sticky":false,"template":"","format":"standard","meta":{"footnotes":""},"categories":[1],"tags":[],"class_list":["post-3288","post","type-post","status-publish","format-standard","has-post-thumbnail","hentry","category-noticias"],"_links":{"self":[{"href":"https:\/\/www.bfv.cloud\/ajedrezeuropa\/wp-json\/wp\/v2\/posts\/3288","targetHints":{"allow":["GET"]}}],"collection":[{"href":"https:\/\/www.bfv.cloud\/ajedrezeuropa\/wp-json\/wp\/v2\/posts"}],"about":[{"href":"https:\/\/www.bfv.cloud\/ajedrezeuropa\/wp-json\/wp\/v2\/types\/post"}],"author":[{"embeddable":true,"href":"https:\/\/www.bfv.cloud\/ajedrezeuropa\/wp-json\/wp\/v2\/users\/1"}],"replies":[{"embeddable":true,"href":"https:\/\/www.bfv.cloud\/ajedrezeuropa\/wp-json\/wp\/v2\/comments?post=3288"}],"version-history":[{"count":1,"href":"https:\/\/www.bfv.cloud\/ajedrezeuropa\/wp-json\/wp\/v2\/posts\/3288\/revisions"}],"predecessor-version":[{"id":3293,"href":"https:\/\/www.bfv.cloud\/ajedrezeuropa\/wp-json\/wp\/v2\/posts\/3288\/revisions\/3293"}],"wp:featuredmedia":[{"embeddable":true,"href":"https:\/\/www.bfv.cloud\/ajedrezeuropa\/wp-json\/wp\/v2\/media\/3289"}],"wp:attachment":[{"href":"https:\/\/www.bfv.cloud\/ajedrezeuropa\/wp-json\/wp\/v2\/media?parent=3288"}],"wp:term":[{"taxonomy":"category","embeddable":true,"href":"https:\/\/www.bfv.cloud\/ajedrezeuropa\/wp-json\/wp\/v2\/categories?post=3288"},{"taxonomy":"post_tag","embeddable":true,"href":"https:\/\/www.bfv.cloud\/ajedrezeuropa\/wp-json\/wp\/v2\/tags?post=3288"}],"curies":[{"name":"wp","href":"https:\/\/api.w.org\/{rel}","templated":true}]}}