{"id":3294,"date":"2019-12-04T11:27:00","date_gmt":"2019-12-04T11:27:00","guid":{"rendered":"https:\/\/www.bfv.cloud\/ajedrezeuropa\/index.php\/2019\/12\/04\/nuestro-ajedrez-en-europa-en-la-copa-de-espana-por-equipos\/"},"modified":"2025-11-20T10:59:16","modified_gmt":"2025-11-20T10:59:16","slug":"nuestro-ajedrez-en-europa-en-la-copa-de-espana-por-equipos","status":"publish","type":"post","link":"https:\/\/www.bfv.cloud\/ajedrezeuropa\/nuestro-ajedrez-en-europa-en-la-copa-de-espana-por-equipos\/","title":{"rendered":"NUESTRO AJEDREZ EN EUROPA EN LA COPA DE ESPA\u00d1A POR EQUIPOS"},"content":{"rendered":"<div class=\"separator\" style=\"clear: both;text-align: center\">\n<a href=\"https:\/\/www.bfv.cloud\/ajedrezeuropa\/wp-content\/uploads\/2019\/12\/CARTELXIICOPAESPA25C32591AEQUIPOSS18YS12.jpg\" style=\"clear: left;float: left;margin-bottom: 1em;margin-right: 1em\"><img fetchpriority=\"high\" decoding=\"async\" border=\"0\" data-original-height=\"1600\" data-original-width=\"1443\" height=\"400\" src=\"https:\/\/blogger.googleusercontent.com\/img\/b\/R29vZ2xl\/AVvXsEg92WvgzmjGpVTJ5vHbF_OAnf56oiA4WYqvRSmr3b0FFMfLn3agvJllJdPi1o0-7wqnvrHARuJvMpL27IDDFTzLG1cPvV7gduNXonJByejKb4H0q6N9JXfGwpck_hrNU1FJQ_KnU2hsSpQ\/s400\/CARTEL+XII+COPA+ESPA%25C3%2591A+EQUIPOS+S18+Y+S12.jpg\" width=\"357\" \/><\/a><\/div>\n<p><\/p>\n<h3 style=\"text-align: justify\">\n<span style=\"line-height: 107%\"><span style=\", sans-serif\">El jueves<br \/>\n5 de diciembre comienza en Benidorm la 12\u00aa edici\u00f3n de la Copa de Espa\u00f1a por<br \/>\nequipos en las categor\u00edas juvenil (S18) e infantil (S12), en un campeonato que<br \/>\nfinalizar\u00e1 el domingo 8 de diciembre por la tarde. El proyecto Nuestro Ajedrez<br \/>\nen Europa estar\u00e1 representado por 2 equipos juveniles y un tercero infantil. En total 15 chicos y chicas de las<br \/>\nescuelas de ajedrez de Alc\u00e1zar de San Juan y Villafranca de los Caballeros que<br \/>\nestar\u00e1n acompa\u00f1ados por el gran maestro <b>Herminio<br \/>\nHerr\u00e1iz<\/b> como entrenador, y por las preparadoras <b>Silvia Toribio e Irene Sim\u00f3n<\/b>.<\/span><\/span><\/h3>\n<table align=\"center\" cellpadding=\"0\" cellspacing=\"0\" class=\"tr-caption-container\" style=\"margin-left: auto;margin-right: auto;text-align: center\">\n<tbody>\n<tr>\n<td style=\"text-align: center\"><a href=\"https:\/\/www.bfv.cloud\/ajedrezeuropa\/wp-content\/uploads\/2019\/12\/GRUPOJUGADORESCONLOGO.jpg\" style=\"margin-left: auto;margin-right: auto\"><img decoding=\"async\" border=\"0\" data-original-height=\"726\" data-original-width=\"1600\" height=\"290\" src=\"https:\/\/blogger.googleusercontent.com\/img\/b\/R29vZ2xl\/AVvXsEg1rGok1nqHL1zA-GXoPxEk5suYYmkqDkH-HDxge8czK3hXQVyuSNH9476wfQTzFh0gRhZLOJL2poKrEdRHcelZzj2Jy9WOp15uchCfJiiLoQrsQuChwqqUQxfbXLW7aKfw8kLEqRiUtJ8\/s640\/GRUPO+JUGADORES+CON+LOGO.jpg\" width=\"640\" \/><\/a><\/td>\n<\/tr>\n<tr>\n<td class=\"tr-caption\" style=\"text-align: center\">Los jugadores de nuestros equipos en la Copa de Espa\u00f1a 2018<\/td>\n<\/tr>\n<\/tbody>\n<\/table>\n<h3 style=\"text-align: justify\">\n<span style=\"line-height: 107%\"><span style=\", sans-serif\"><br \/><\/span><\/span><span style=\"line-height: 107%\"><span style=\", sans-serif\">La Copa de Espa\u00f1a de 2019 vuelve a presentar un r\u00e9cord de<br \/>\nparticipaci\u00f3n: 52 equipos en categor\u00eda juvenil y 38 en infantil. Este a\u00f1o, la<br \/>\npresencia de todas las comunidades aut\u00f3nomas y un equipo sudamericano permite que<br \/>\nel campeonato sea de car\u00e1cter internacional y alcance un total de 90<br \/>\nformaciones con m\u00e1s de 400 ajedrecistas.<\/span><\/span><\/h3>\n<table align=\"center\" cellpadding=\"0\" cellspacing=\"0\" class=\"tr-caption-container\" style=\"margin-left: auto;margin-right: auto;text-align: center\">\n<tbody>\n<tr>\n<td style=\"text-align: center\"><a href=\"https:\/\/www.bfv.cloud\/ajedrezeuropa\/wp-content\/uploads\/2019\/12\/GRUPOCONMONITORESOTROLADO.jpg\" style=\"margin-left: auto;margin-right: auto\"><img decoding=\"async\" border=\"0\" data-original-height=\"827\" data-original-width=\"1600\" height=\"330\" src=\"https:\/\/blogger.googleusercontent.com\/img\/b\/R29vZ2xl\/AVvXsEhC4z3l8b2ROj6EMMvPPXKUnaxJWLiKKdw-6CwMhQKWqI7W4y7VyK9_nJ3LcM0cDsMjVhenL-JtW4caw2Df5ZKb-skAFgrXosQdpST4C_BXvwJB7NdjkUQWgCYxkg4TcogkMuePbuXroBk\/s640\/GRUPO+CON+MONITORES+OTRO+LADO.jpg\" width=\"640\" \/><\/a><\/td>\n<\/tr>\n<tr>\n<td class=\"tr-caption\" style=\"text-align: center\">Todos en la sala de juego<\/td>\n<\/tr>\n<\/tbody>\n<\/table>\n<div>\n<span style=\"line-height: 107%\"><span style=\", sans-serif\"><br \/><\/span><\/span><\/div>\n<h3 style=\"text-align: justify\">\n<span style=\"line-height: 107%\"><span style=\", sans-serif\">En cuanto a nuestros equipos y jugadores, decir que el sub-18<br \/>\nde Nuestro Ajedrez en Europa estar\u00e1 formado por: <b>Adrian Alonso L\u00e1zaro, Roberto L\u00f3pez N\u00fa\u00f1ez, Alfredo Amador And\u00fajar,<br \/>\nAlonso L\u00f3pez N\u00fa\u00f1ez y Roberto Yeghiazaryan Petrosyan<\/b>. Es la und\u00e9cima<br \/>\nparticipaci\u00f3n consecutiva del club manchego en la m\u00e1xima competici\u00f3n nacional por<br \/>\nequipos de categor\u00eda juvenil. Recordemos que el juvenil de Nuestro Ajedrez en<br \/>\nEuropa viene de ser 5\u00ba de Espa\u00f1a en la edici\u00f3n de 2018 y que durante todo este<br \/>\ntiempo sus resultados le han colocado entre los 15 mejores clubes de Espa\u00f1a. El<br \/>\nm\u00e9rito de mantener a diferentes generaciones entre la \u00e9lite del ajedrez<br \/>\nnacional se debe, sin duda, al esfuerzo de los j\u00f3venes jugadores manchegos y a<br \/>\nla apuesta de las instituciones locales por un proyecto de gran nivel deportivo.<\/span><\/span><\/h3>\n<h3 style=\"text-align: justify\">\n<span style=\"line-height: 107%\"><span style=\", sans-serif\"><br \/><\/span><\/span><span style=\"line-height: 107%\"><span style=\", sans-serif\">Asimismo, el club Nuestro Ajedrez por la Igualdad presentar\u00e1<br \/>\nun equipo joven y experimentado en la categor\u00eda juvenil compuesto por: <b>Arsenio L\u00f3pez Ochoa, Clara Vela Adri\u00e1n<br \/>\nIsabel Marcos-Alberca Lizcano, Adri\u00e1n Alhambra Rubio y Gabriel Amador And\u00fajar<\/b>.<br \/>\nEn los \u00faltimos 4 a\u00f1os esta formaci\u00f3n se ha consolidado, participando en todas<br \/>\nlas ediciones del campeonato ininterrumpidamente. La progresi\u00f3n de su juego sumada<br \/>\na su experiencia permite pensar en una evoluci\u00f3n positiva en sus resultados.&nbsp;<\/span><\/span><\/h3>\n<table align=\"center\" cellpadding=\"0\" cellspacing=\"0\" class=\"tr-caption-container\" style=\"margin-left: auto;margin-right: auto;text-align: center\">\n<tbody>\n<tr>\n<td style=\"text-align: center\"><a href=\"https:\/\/www.bfv.cloud\/ajedrezeuropa\/wp-content\/uploads\/2019\/12\/IMG_20181209_143045_resized_20181215_053315580.jpg\" style=\"margin-left: auto;margin-right: auto\"><img loading=\"lazy\" decoding=\"async\" border=\"0\" data-original-height=\"332\" data-original-width=\"736\" height=\"288\" src=\"https:\/\/blogger.googleusercontent.com\/img\/b\/R29vZ2xl\/AVvXsEh60Jqqcg9mtIwNhvAcYf4-fQCY68TmXOhuPsCUgKcqbibOuPR66Wuc2gMI4RzW-hkSAA2uMhC-OKjgGShLk4K9LK051n9NXZaAx5Ir0p7xDYS3pqDmP4ayChP-T8kCSDArt5hQecVHylg\/s640\/IMG_20181209_143045_resized_20181215_053315580.jpg\" width=\"640\" \/><\/a><\/td>\n<\/tr>\n<tr>\n<td class=\"tr-caption\" style=\"text-align: center\">El equipo juvenil de Nuestro Ajedrez en Europa, 5\u00ba clasificado en la Copa de Espa\u00f1a de 2018<\/td>\n<\/tr>\n<\/tbody>\n<\/table>\n<div>\n<span style=\"line-height: 107%\"><span style=\", sans-serif\"><br \/><\/span><\/span><\/div>\n<h3 style=\"text-align: justify\">\n<span style=\"line-height: 107%\"><span style=\", sans-serif\">Por \u00faltimo, en la categor\u00eda sub-12, participar\u00e1 el equipo infantil de Nuestro Ajedrez por la Igualdad. Esta temporada ha sido necesaria la pr\u00e1ctica renovaci\u00f3n de todos sus componentes y esta nueva generaci\u00f3n, con algunos chicos de 7 y 8 a\u00f1os de edad, tiene por delante una larga etapa de consolidaci\u00f3n y aprendizaje para afrontar nuevos retos de cara a futuras temporadas. En esta ocasi\u00f3n, el sub-12 estar\u00e1 formado por: \u00c1ngel Collado Alcolado, Luis Arias Riveira, Jos\u00e9 Miguel Romero Flores, Jaime Vila Castillo y \u00d3scar Ortega Olivares.<\/span><\/span><\/h3>\n","protected":false},"excerpt":{"rendered":"<p>El jueves 5 de diciembre comienza en Benidorm la 12\u00aa edici\u00f3n de la Copa de Espa\u00f1a por equipos en las categor\u00edas juvenil (S18) e infantil (S12), en un campeonato que finalizar\u00e1 el domingo 8 de diciembre por la tarde. El proyecto Nuestro Ajedrez en Europa estar\u00e1 representado por 2 equipos juveniles y un tercero infantil. [&hellip;]<\/p>\n","protected":false},"author":1,"featured_media":3295,"comment_status":"open","ping_status":"closed","sticky":false,"template":"","format":"standard","meta":{"footnotes":""},"categories":[1],"tags":[],"class_list":["post-3294","post","type-post","status-publish","format-standard","has-post-thumbnail","hentry","category-noticias"],"_links":{"self":[{"href":"https:\/\/www.bfv.cloud\/ajedrezeuropa\/wp-json\/wp\/v2\/posts\/3294","targetHints":{"allow":["GET"]}}],"collection":[{"href":"https:\/\/www.bfv.cloud\/ajedrezeuropa\/wp-json\/wp\/v2\/posts"}],"about":[{"href":"https:\/\/www.bfv.cloud\/ajedrezeuropa\/wp-json\/wp\/v2\/types\/post"}],"author":[{"embeddable":true,"href":"https:\/\/www.bfv.cloud\/ajedrezeuropa\/wp-json\/wp\/v2\/users\/1"}],"replies":[{"embeddable":true,"href":"https:\/\/www.bfv.cloud\/ajedrezeuropa\/wp-json\/wp\/v2\/comments?post=3294"}],"version-history":[{"count":1,"href":"https:\/\/www.bfv.cloud\/ajedrezeuropa\/wp-json\/wp\/v2\/posts\/3294\/revisions"}],"predecessor-version":[{"id":3299,"href":"https:\/\/www.bfv.cloud\/ajedrezeuropa\/wp-json\/wp\/v2\/posts\/3294\/revisions\/3299"}],"wp:featuredmedia":[{"embeddable":true,"href":"https:\/\/www.bfv.cloud\/ajedrezeuropa\/wp-json\/wp\/v2\/media\/3295"}],"wp:attachment":[{"href":"https:\/\/www.bfv.cloud\/ajedrezeuropa\/wp-json\/wp\/v2\/media?parent=3294"}],"wp:term":[{"taxonomy":"category","embeddable":true,"href":"https:\/\/www.bfv.cloud\/ajedrezeuropa\/wp-json\/wp\/v2\/categories?post=3294"},{"taxonomy":"post_tag","embeddable":true,"href":"https:\/\/www.bfv.cloud\/ajedrezeuropa\/wp-json\/wp\/v2\/tags?post=3294"}],"curies":[{"name":"wp","href":"https:\/\/api.w.org\/{rel}","templated":true}]}}