{"id":330,"date":"2012-03-02T15:08:00","date_gmt":"2012-03-02T15:08:00","guid":{"rendered":"https:\/\/www.bfv.cloud\/ajedrezeuropa\/index.php\/2012\/03\/02\/calendario-de-competiciones-en-marzo\/"},"modified":"2025-11-20T10:16:17","modified_gmt":"2025-11-20T10:16:17","slug":"calendario-de-competiciones-en-marzo","status":"publish","type":"post","link":"https:\/\/www.bfv.cloud\/ajedrezeuropa\/calendario-de-competiciones-en-marzo\/","title":{"rendered":"CALENDARIO DE COMPETICIONES EN MARZO"},"content":{"rendered":"<div style=\"border-bottom: medium none;border-left: medium none;border-right: medium none;border-top: medium none\"><span style=\"color: blue\"><\/span><span style=\", Arial, Helvetica, sans-serif\"><strong><span style=\"color: blue\">Llegado el mes de marzo se reanudan las competiciones oficiales provinciales y <\/span><span style=\"color: blue\">regionales.<\/span><\/strong><\/span><span style=\"color: blue\"> <strong><span style=\", Arial, Helvetica, sans-serif\">Los pr\u00f3ximo 2 fines de semana, concretamente el domingo 4, el s\u00e1bado 10 y el domingo 11, el club vecino de Tomelloso organizar\u00e1 el Campeonato Provincial de Ciudad Real por Edades en las categor\u00edas, sub-8, sub-10, sub-12, sub-14, sub-16 y sub-18. Esta competici\u00f3n es clasificatoria para el regional por edades que se celebrar\u00e1 en Almansa del viernes 30 de marzo al lunes 2 de abril, con un reparto por categor\u00edas id\u00e9ntico al detallado anteriormente. Aunque no conocemos todav\u00eda cu\u00e1l ser\u00e1 la colaboraci\u00f3n econ\u00f3mica de la delegaci\u00f3n de ajedrez de Ciudad Real para la asistencia de los respectivos campeones y campeonas al campeonato auton\u00f3mico, s\u00ed podemos adelantar que dif\u00edcilmente va a ser del 100% como en a\u00f1os anteriores. Ya tendremos tiempo de conocer y valorar las prioridades de gasto de los nuevos dirigentes&nbsp;del ajedrez regional que saldr\u00e1n de las pr\u00f3ximas elecciones en la Federaci\u00f3n de Ajedrez de Castilla-La Mancha (FACLM).<\/span><\/strong><\/span><\/div>\n<p><strong><span style=\"color: blue;font-family: Arial\">Por el momento, nos quedamos con el detalle del calendario de competiciones para este mes. Incluimos los logos de los clubes organizadores de los distintos campeonatos, ya que gracias&nbsp;a su esfuerzo se pueden desarrrollar&nbsp;estas actividades:<\/span><\/strong><\/p>\n<div style=\"border-bottom: medium none;border-left: medium none;border-right: medium none;border-top: medium none\"><a href=\"https:\/\/www.bfv.cloud\/ajedrezeuropa\/wp-content\/uploads\/2012\/03\/CLUBAJEDREZTOMELLOSO.jpg\" style=\"clear: right;float: right;margin-bottom: 1em;margin-left: 1em\"><img decoding=\"async\" border=\"0\" height=\"200\" src=\"https:\/\/blogger.googleusercontent.com\/img\/b\/R29vZ2xl\/AVvXsEgWBquqyvFz5GbE6MzCY0OTi2iFSl-tPkWQPGES9TETcy_lq5x1psP3Cfj0mWZrY94nWOGijR6Eva8E7TnKVtlqW3EqMUnAXdW_9aAa7IbYiB1rZZHYVXdlutBDDcIYxjmjUah8weSJLLM\/s200\/CLUB+AJEDREZ+TOMELLOSO.jpg\" width=\"116\" \/><\/a>&nbsp;<\/div>\n<div style=\"border-bottom: medium none;border-left: medium none;border-right: medium none;border-top: medium none\"><strong><em><u><span style=\"color: blue;font-family: Arial\">Campeonato Provincial por Edades de Ciudad Real<\/span><\/u><\/em><\/strong><\/div>\n<div style=\"border-bottom: medium none;border-left: medium none;border-right: medium none;border-top: medium none\"><strong><em><span style=\"color: blue;font-family: Arial\">Lugar: Pabell\u00f3n Colegio Jos\u00e9 Mar\u00eda del Moral; Avda. Juan Carlos I, s\/n<\/span><\/em><\/strong><\/div>\n<div style=\"border-bottom: medium none;border-left: medium none;border-right: medium none;border-top: medium none\"><strong><em><span style=\"color: blue;font-family: Arial\">TOMELLOSO<\/span><\/em><\/strong><\/div>\n<div style=\"border-bottom: medium none;border-left: medium none;border-right: medium none;border-top: medium none\"><strong><em><span style=\"color: blue;font-family: Arial\">Horarios: domingo 4 de marzo, desde las 10 de la ma\u00f1ana a las 2 de la tarde.<\/span><\/em><\/strong><\/div>\n<div style=\"border-bottom: medium none;border-left: medium none;border-right: medium none;border-top: medium none\"><strong><em><span style=\"color: blue;font-family: Arial\">s\u00e1bado 10 de marzo, desde las 4,30 de la&nbsp;tarde hasta las 8,30 de la noche.<\/span><\/em><\/strong><\/div>\n<div style=\"border-bottom: medium none;border-left: medium none;border-right: medium none;border-top: medium none\"><strong><em><span style=\"color: blue;font-family: Arial\">domingo 11 de marzo, desde las 10 de la ma\u00f1ana a las 2 de la tarde.<\/span><\/em><\/strong><\/div>\n<div style=\"border-bottom: medium none;border-left: medium none;border-right: medium none;border-top: medium none\">\n<\/div>\n<div style=\"border-bottom: medium none;border-left: medium none;border-right: medium none;border-top: medium none\">\n<\/div>\n<div style=\"border-bottom: medium none;border-left: medium none;border-right: medium none;border-top: medium none\"><strong><em><u><span style=\", sans-serif\">Campeonato Provincial por Equipos sub-16 de Ciudad Real<\/span><\/u><\/em><\/strong><\/div>\n<div class=\"separator\" style=\"clear: both;text-align: center\"><\/div>\n<div class=\"separator\" style=\"clear: both;text-align: center\"><a href=\"https:\/\/www.bfv.cloud\/ajedrezeuropa\/wp-content\/uploads\/2012\/03\/Club_CiudadReal.jpg\" style=\"clear: right;float: right;margin-bottom: 1em;margin-left: 1em\"><img decoding=\"async\" border=\"0\" src=\"https:\/\/www.bfv.cloud\/ajedrezeuropa\/wp-content\/uploads\/2012\/03\/Club_CiudadReal.jpg\" \/><\/a><\/div>\n<div style=\"border-bottom: medium none;border-left: medium none;border-right: medium none;border-top: medium none\">&nbsp;<strong><em><span style=\", sans-serif\">Lugar: Concejal\u00eda de Juventud; C\/ Barcelona s\/n de CIUDAD REAL<\/span><\/em><\/strong><\/div>\n<div style=\"border-bottom: medium none;border-left: medium none;border-right: medium none;border-top: medium none\"><strong><em><span style=\"font-family: Trebuchet MS\">Horarios: s\u00e1bado 17 de marzo, de a&nbsp;4,30&nbsp;a 7 de la tarde.<\/span><\/em><\/strong><\/div>\n<div style=\"border-bottom: medium none;border-left: medium none;border-right: medium none;border-top: medium none\"><strong><em><span style=\"font-family: Trebuchet MS\">S\u00e1bado 24 de marzo, de 4,30 a 7 de la tarde.<\/span><\/em><\/strong><\/div>\n<div style=\"border-bottom: medium none;border-left: medium none;border-right: medium none;border-top: medium none\">\n<\/div>\n<div style=\"border-bottom: medium none;border-left: medium none;border-right: medium none;border-top: medium none\">\n<\/div>\n<div style=\"border-bottom: medium none;border-left: medium none;border-right: medium none;border-top: medium none\">\n<\/div>\n<div style=\"border-bottom: medium none;border-left: medium none;border-right: medium none;border-top: medium none\">\n<\/div>\n<div style=\"border-bottom: medium none;border-left: medium none;border-right: medium none;border-top: medium none\">\n<\/div>\n<div style=\"border-bottom: medium none;border-left: medium none;border-right: medium none;border-top: medium none\">\n<\/div>\n<div style=\"border-bottom: medium none;border-left: medium none;border-right: medium none;border-top: medium none\">\n<\/div>\n<div class=\"separator\" style=\"border-bottom: medium none;border-left: medium none;border-right: medium none;border-top: medium none;clear: both;text-align: center\"><a href=\"https:\/\/www.bfv.cloud\/ajedrezeuropa\/wp-content\/uploads\/2012\/03\/CLUBAJEDREZALMANSA.jpg\" style=\"clear: right;float: right;margin-bottom: 1em;margin-left: 1em\"><img decoding=\"async\" border=\"0\" height=\"96\" src=\"https:\/\/blogger.googleusercontent.com\/img\/b\/R29vZ2xl\/AVvXsEikARZnCoj9wfLjWsmKUJ4kIAWqAZrzcJHMgUuKm_IsVvShEXSXAXwiIZ6OSN2_dUNig6uaK6dhbZ3i8Cp3-QcWqRLxb19eDMhShbYORrLNVR_HvCIeBGl37SUwab7SAgziM3pd9q5NWLo\/s320\/CLUB+AJEDREZ+ALMANSA.jpg\" width=\"320\" \/><\/a><\/div>\n<div style=\"border-bottom: medium none;border-left: medium none;border-right: medium none;border-top: medium none\"><strong><em><u><span style=\"color: red;, sans-serif\">Campeonato Regional por Edades de Castilla-La Mancha<\/span><\/u><\/em><\/strong><\/div>\n<div style=\"border-bottom: medium none;border-left: medium none;border-right: medium none;border-top: medium none\"><strong><em><span style=\"color: red;, sans-serif\">Lugar: Hotel Marquesado de Almansa<\/span><\/em><\/strong><\/div>\n<div style=\"border-bottom: medium none;border-left: medium none;border-right: medium none;border-top: medium none\"><strong><em><span style=\"color: red;font-family: Trebuchet MS\">Avda. de Madrid, 74; ALMANSA<\/span><\/em><\/strong><\/div>\n<div style=\"border-bottom: medium none;border-left: medium none;border-right: medium none;border-top: medium none\"><strong><em><span style=\"color: red;font-family: Trebuchet MS\">Horarios: viernes 30 de marzo, a las 4 de la tarde recepci\u00f3n de jugadores y a las 5 comienzo de las partidas.<\/span><\/em><\/strong><\/div>\n<div style=\"border-bottom: medium none;border-left: medium none;border-right: medium none;border-top: medium none\"><strong><em><span style=\"color: red;font-family: Trebuchet MS\">S\u00e1bado 31 de marzo, jornada de ma\u00f1ana y tarde, de 10 a 14 horas y de 16 a 20 horas.<\/span><\/em><\/strong><\/div>\n<div style=\"border-bottom: medium none;border-left: medium none;border-right: medium none;border-top: medium none\"><strong><em><span style=\"color: red;font-family: Trebuchet MS\">Domingo 1 de abril, jornada de ma\u00f1ana y tarde, de 10 a 14 horas y de 16 a 20 horas.&nbsp;<\/span><\/em><\/strong><\/div>\n<div style=\"border-bottom: medium none;border-left: medium none;border-right: medium none;border-top: medium none\"><strong><em><span style=\"color: red;font-family: Trebuchet MS\">Lunes 2 de abril, jornada de ma\u00f1ana y entrega de premios, comienzo a las 9,30 horas.<\/span><\/em><\/strong><\/div>\n<div style=\"border-bottom: medium none;border-left: medium none;border-right: medium none;border-top: medium none\">\n<\/div>\n<div style=\"border-bottom: medium none;border-left: medium none;border-right: medium none;border-top: medium none\"><strong><em><span style=\"background-color: white;font-family: Arial\">Deseamos a todos nuestros jugadores y jugadoras participantes en estos torneos un excelente juego y una feliz convivencia.<\/span><\/em><\/strong>&nbsp;<\/div>\n","protected":false},"excerpt":{"rendered":"<p>Llegado el mes de marzo se reanudan las competiciones oficiales provinciales y regionales. Los pr\u00f3ximo 2 fines de semana, concretamente el domingo 4, el s\u00e1bado 10 y el domingo 11, el club vecino de Tomelloso organizar\u00e1 el Campeonato Provincial de Ciudad Real por Edades en las categor\u00edas, sub-8, sub-10, sub-12, sub-14, sub-16 y sub-18. Esta [&hellip;]<\/p>\n","protected":false},"author":1,"featured_media":331,"comment_status":"open","ping_status":"closed","sticky":false,"template":"","format":"standard","meta":{"footnotes":""},"categories":[1],"tags":[],"class_list":["post-330","post","type-post","status-publish","format-standard","has-post-thumbnail","hentry","category-noticias"],"_links":{"self":[{"href":"https:\/\/www.bfv.cloud\/ajedrezeuropa\/wp-json\/wp\/v2\/posts\/330","targetHints":{"allow":["GET"]}}],"collection":[{"href":"https:\/\/www.bfv.cloud\/ajedrezeuropa\/wp-json\/wp\/v2\/posts"}],"about":[{"href":"https:\/\/www.bfv.cloud\/ajedrezeuropa\/wp-json\/wp\/v2\/types\/post"}],"author":[{"embeddable":true,"href":"https:\/\/www.bfv.cloud\/ajedrezeuropa\/wp-json\/wp\/v2\/users\/1"}],"replies":[{"embeddable":true,"href":"https:\/\/www.bfv.cloud\/ajedrezeuropa\/wp-json\/wp\/v2\/comments?post=330"}],"version-history":[{"count":1,"href":"https:\/\/www.bfv.cloud\/ajedrezeuropa\/wp-json\/wp\/v2\/posts\/330\/revisions"}],"predecessor-version":[{"id":334,"href":"https:\/\/www.bfv.cloud\/ajedrezeuropa\/wp-json\/wp\/v2\/posts\/330\/revisions\/334"}],"wp:featuredmedia":[{"embeddable":true,"href":"https:\/\/www.bfv.cloud\/ajedrezeuropa\/wp-json\/wp\/v2\/media\/331"}],"wp:attachment":[{"href":"https:\/\/www.bfv.cloud\/ajedrezeuropa\/wp-json\/wp\/v2\/media?parent=330"}],"wp:term":[{"taxonomy":"category","embeddable":true,"href":"https:\/\/www.bfv.cloud\/ajedrezeuropa\/wp-json\/wp\/v2\/categories?post=330"},{"taxonomy":"post_tag","embeddable":true,"href":"https:\/\/www.bfv.cloud\/ajedrezeuropa\/wp-json\/wp\/v2\/tags?post=330"}],"curies":[{"name":"wp","href":"https:\/\/api.w.org\/{rel}","templated":true}]}}