{"id":3300,"date":"2019-08-28T17:14:00","date_gmt":"2019-08-28T17:14:00","guid":{"rendered":"https:\/\/www.bfv.cloud\/ajedrezeuropa\/index.php\/2019\/08\/28\/torneo-de-feria-de-illescas\/"},"modified":"2025-11-20T10:59:19","modified_gmt":"2025-11-20T10:59:19","slug":"torneo-de-feria-de-illescas","status":"publish","type":"post","link":"https:\/\/www.bfv.cloud\/ajedrezeuropa\/torneo-de-feria-de-illescas\/","title":{"rendered":"TORNEO DE FERIA DE ILLESCAS"},"content":{"rendered":"<div class=\"separator\" style=\"clear: both;text-align: center\">\n<a href=\"https:\/\/www.bfv.cloud\/ajedrezeuropa\/wp-content\/uploads\/2019\/08\/CARTELTORNEO2019.jpg\" style=\"clear: right;float: right;margin-bottom: 1em;margin-left: 1em\"><img fetchpriority=\"high\" decoding=\"async\" border=\"0\" data-original-height=\"768\" data-original-width=\"554\" height=\"640\" src=\"https:\/\/blogger.googleusercontent.com\/img\/b\/R29vZ2xl\/AVvXsEj0ps8OQiOB6eUeIWus9ngSLqho-kY1plqCgek9LdTemQQaPOXsn8wrf7dGdPsp_5r-b_Ayx_j00xMRqj1Yvtob9-TJ7IKPGJhA0w9JJMvuGtwjI6Kxf_s0mR8ljoLpZ3WSp0BPqqCJEDE\/s640\/CARTEL+TORNEO+2019.jpg\" width=\"462\" \/><\/a><\/div>\n<p><span style=\"font-family: Helvetica Neue, Arial, Helvetica, sans-serif;font-size: large\"><b><br \/><\/b><\/span><br \/>\n<span style=\"font-family: Helvetica Neue, Arial, Helvetica, sans-serif;font-size: large\"><b><br \/><\/b><\/span><br \/>\n<span style=\"font-family: Helvetica Neue, Arial, Helvetica, sans-serif;font-size: large\"><b><br \/><\/b><\/span><br \/>\n<span style=\"font-family: Helvetica Neue, Arial, Helvetica, sans-serif;font-size: large\"><b><br \/><\/b><\/span><br \/>\n<span style=\"font-family: Helvetica Neue, Arial, Helvetica, sans-serif;font-size: large\"><b><br \/><\/b><\/span><br \/>\n<span style=\"font-family: Helvetica Neue, Arial, Helvetica, sans-serif;font-size: large\"><b>El s\u00e1bado 7 de septiembre la ciudad de Illescas celebrar\u00e1 su Torneo de Feria de Ajedrez, regresando al lugar donde empez\u00f3 a jugarse: el Centro Joven.<\/b><\/span><br \/>\n<span style=\"font-family: Helvetica Neue, Arial, Helvetica, sans-serif;font-size: large\"><b><br \/><\/b><\/span><br \/>\n<span style=\"font-family: Helvetica Neue, Arial, Helvetica, sans-serif;font-size: large\"><b><br \/><\/b><\/span><br \/>\n<span style=\"font-family: Helvetica Neue, Arial, Helvetica, sans-serif;font-size: large\"><b><br \/><\/b><\/span><br \/>\n<span style=\"font-family: Helvetica Neue, Arial, Helvetica, sans-serif;font-size: large\"><b><br \/><\/b><\/span><br \/>\n<span style=\"font-family: Helvetica Neue, Arial, Helvetica, sans-serif;font-size: large\"><b>El torneo comenzar\u00e1 a las 16,30 y las inscripciones pueden realizarse en el Complejo Deportivo del Parque o a trav\u00e9s del correo:&nbsp;<\/b><\/span><\/p>\n<div style=\"text-align: center\">\n<span style=\"font-family: Helvetica Neue, Arial, Helvetica, sans-serif;font-size: large\"><b><a href=\"mailto:felixtoribio@nuestroajedrezeneuropa.com\">felixtoribio@nuestroajedrezeneuropa.com<\/a><\/b><\/span><\/div>\n<div style=\"text-align: left\">\n<span style=\"font-family: Helvetica Neue, Arial, Helvetica, sans-serif;font-size: large\"><br \/><\/span><\/div>\n<div style=\"text-align: left\">\n<span style=\"font-family: Helvetica Neue, Arial, Helvetica, sans-serif;font-size: large\">Se jugar\u00e1 un sistema suizo individual a 5 rondas a un ritmo de 15 minutos por jugador + 5 seg de incremento por movimiento.<\/span><\/div>\n<div style=\"text-align: left\">\n<span style=\"font-family: Helvetica Neue, Arial, Helvetica, sans-serif;font-size: large\">Las bases completas pod\u00e9is consultarlas aqu\u00ed:<\/span><\/div>\n<div class=\"separator\" style=\"clear: both;text-align: center\">\n<a href=\"https:\/\/www.bfv.cloud\/ajedrezeuropa\/wp-content\/uploads\/2019\/08\/BASESDELIVTORNEODEFERIADEILLESCAS2019_001.jpg\" style=\"margin-left: 1em;margin-right: 1em\"><img decoding=\"async\" border=\"0\" data-original-height=\"1600\" data-original-width=\"1131\" height=\"640\" src=\"https:\/\/blogger.googleusercontent.com\/img\/b\/R29vZ2xl\/AVvXsEgoMJVWomoa6IKjPEM02nszXr8FJzQRwdz0ZT9M8n1IwRyrEddH5aX5vOYFibrBqiByM58sJbfOgJLll-eqk2MvZTlAwyeFULHftkzncL7jJ9xS0TJWNp6ZtpMSCSDkMFhc3qmwYwnDGQQ\/s640\/BASES+DEL+IV+TORNEO+DE+FERIA+DE+ILLESCAS+2019_001.jpg\" width=\"450\" \/><\/a><\/div>\n<div class=\"separator\" style=\"clear: both;text-align: center\">\n<\/div>\n<div style=\"text-align: left\">\n<span style=\"font-family: Helvetica Neue, Arial, Helvetica, sans-serif;font-size: large\"><br \/><\/span><\/div>\n","protected":false},"excerpt":{"rendered":"<p>El s\u00e1bado 7 de septiembre la ciudad de Illescas celebrar\u00e1 su Torneo de Feria de Ajedrez, regresando al lugar donde empez\u00f3 a jugarse: el Centro Joven. El torneo comenzar\u00e1 a las 16,30 y las inscripciones pueden realizarse en el Complejo Deportivo del Parque o a trav\u00e9s del correo:&nbsp; felixtoribio@nuestroajedrezeneuropa.com Se jugar\u00e1 un sistema suizo individual [&hellip;]<\/p>\n","protected":false},"author":1,"featured_media":3301,"comment_status":"open","ping_status":"closed","sticky":false,"template":"","format":"standard","meta":{"footnotes":""},"categories":[1],"tags":[],"class_list":["post-3300","post","type-post","status-publish","format-standard","has-post-thumbnail","hentry","category-noticias"],"_links":{"self":[{"href":"https:\/\/www.bfv.cloud\/ajedrezeuropa\/wp-json\/wp\/v2\/posts\/3300","targetHints":{"allow":["GET"]}}],"collection":[{"href":"https:\/\/www.bfv.cloud\/ajedrezeuropa\/wp-json\/wp\/v2\/posts"}],"about":[{"href":"https:\/\/www.bfv.cloud\/ajedrezeuropa\/wp-json\/wp\/v2\/types\/post"}],"author":[{"embeddable":true,"href":"https:\/\/www.bfv.cloud\/ajedrezeuropa\/wp-json\/wp\/v2\/users\/1"}],"replies":[{"embeddable":true,"href":"https:\/\/www.bfv.cloud\/ajedrezeuropa\/wp-json\/wp\/v2\/comments?post=3300"}],"version-history":[{"count":1,"href":"https:\/\/www.bfv.cloud\/ajedrezeuropa\/wp-json\/wp\/v2\/posts\/3300\/revisions"}],"predecessor-version":[{"id":3303,"href":"https:\/\/www.bfv.cloud\/ajedrezeuropa\/wp-json\/wp\/v2\/posts\/3300\/revisions\/3303"}],"wp:featuredmedia":[{"embeddable":true,"href":"https:\/\/www.bfv.cloud\/ajedrezeuropa\/wp-json\/wp\/v2\/media\/3301"}],"wp:attachment":[{"href":"https:\/\/www.bfv.cloud\/ajedrezeuropa\/wp-json\/wp\/v2\/media?parent=3300"}],"wp:term":[{"taxonomy":"category","embeddable":true,"href":"https:\/\/www.bfv.cloud\/ajedrezeuropa\/wp-json\/wp\/v2\/categories?post=3300"},{"taxonomy":"post_tag","embeddable":true,"href":"https:\/\/www.bfv.cloud\/ajedrezeuropa\/wp-json\/wp\/v2\/tags?post=3300"}],"curies":[{"name":"wp","href":"https:\/\/api.w.org\/{rel}","templated":true}]}}