{"id":3304,"date":"2018-08-13T17:09:00","date_gmt":"2018-08-13T17:09:00","guid":{"rendered":"https:\/\/www.bfv.cloud\/ajedrezeuropa\/index.php\/2018\/08\/13\/xvi-torneo-de-feria-de-alcazar-de-san-juan\/"},"modified":"2025-11-20T10:59:23","modified_gmt":"2025-11-20T10:59:23","slug":"xvi-torneo-de-feria-de-alcazar-de-san-juan","status":"publish","type":"post","link":"https:\/\/www.bfv.cloud\/ajedrezeuropa\/xvi-torneo-de-feria-de-alcazar-de-san-juan\/","title":{"rendered":"XVI TORNEO DE FERIA DE ALC\u00c1ZAR DE SAN JUAN"},"content":{"rendered":"<div class=\"separator\" style=\"clear: both;text-align: center\">\n<\/div>\n<div class=\"separator\" style=\"clear: both;text-align: center\">\n<\/div>\n<div class=\"separator\" style=\"clear: both;text-align: center\">\n<\/div>\n<div class=\"separator\" style=\"clear: both;text-align: center\">\n<\/div>\n<div class=\"separator\" style=\"clear: both;text-align: center\">\n<a href=\"https:\/\/www.bfv.cloud\/ajedrezeuropa\/wp-content\/uploads\/2018\/08\/carteltorneodealc25C325A1zar2018.jpg\" style=\"clear: left;float: left;margin-bottom: 1em;margin-right: 1em\"><img fetchpriority=\"high\" decoding=\"async\" border=\"0\" data-original-height=\"1600\" data-original-width=\"1154\" height=\"640\" src=\"https:\/\/blogger.googleusercontent.com\/img\/b\/R29vZ2xl\/AVvXsEjB8kKCLYQhKk3s6Ds-tNrX-um8cuIrWPafhwFusmKLWvPCV9GDHDlb7bo51firDWtpoUQZyFHKY2Wb4lGbIr81QbJ7BVZ0y7aAPuFSfWwIrh_k4tZLLxqG_TxfrqK_p6JqlPvbbG5FzgQ\/s640\/cartel+torneo+de+alc%25C3%25A1zar+2018.jpg\" width=\"460\" \/><\/a><\/div>\n<p><span style=\", sans-serif;font-size: large\"><b>El S\u00c1BADO 25 de agosto, en horario de ma\u00f1ana, se celebrar\u00e1 la 16\u00aa edici\u00f3n del Torneo de Feria de Alc\u00e1zar de San Juan. El sal\u00f3n principal del Centro C\u00edvico de la Plaza de Espa\u00f1a acoger\u00e1 de nuevo en la preferia alcazare\u00f1a este encuentro tradicional con el juego del ajedrez.&nbsp;<\/b><\/span><br \/>\n<span style=\", sans-serif;font-size: large\"><b>Volver\u00e1 a existir un torneo para categor\u00eda absoluta y otro para los j\u00f3venes sub-18 con trofeos por equipos, complementado con un recuerdo para cada uno de los participantes. El ritmo de juego en ambas categor\u00edas ser\u00e1 de 15 minutos por jugador + 5 segundos de incremento por jugada, con emparejamientos mediante un sistema suizo individual.<\/b><\/span><br \/>\n<span style=\", sans-serif;font-size: large\"><b>Las inscripciones pod\u00e9is hacerlas por tel\u00e9fono o a la direcci\u00f3n de correo electr\u00f3nico que figura en el cartel y en las bases.<\/b><\/span><\/p>\n<div class=\"separator\" style=\"clear: both;text-align: center\">\n<span style=\", sans-serif;font-size: large\"><b><a href=\"https:\/\/www.bfv.cloud\/ajedrezeuropa\/wp-content\/uploads\/2018\/08\/BASESDELXVITORNEOFERIA20182528IIITORNEOABSOLUTO2529_001.jpg\" style=\"margin-left: 1em;margin-right: 1em\"><img decoding=\"async\" border=\"0\" data-original-height=\"842\" data-original-width=\"595\" height=\"640\" src=\"https:\/\/blogger.googleusercontent.com\/img\/b\/R29vZ2xl\/AVvXsEj5rjqHRDOoEcxZa3NBvi_4j254GYVKHv6jVIsaHTgYFZXb9LWjGwDdj-JsPf7Ao9V9SG0-FSgG5H4NAjpnqZtUg8KLIH2zaHSiYdn8DIo997NXsqGUo8-zuT4j4BK-Y27xS3zH9-aUMgU\/s640\/BASES+DEL+XVI+TORNEO+FERIA+2018+%2528III+TORNEO+ABSOLUTO%2529_001.jpg\" width=\"450\" \/><\/a><\/b><\/span><\/div>\n<p><\/p>\n<div class=\"separator\" style=\"clear: both;text-align: center\">\n<a href=\"https:\/\/www.bfv.cloud\/ajedrezeuropa\/wp-content\/uploads\/2018\/08\/BASESDELXVITORNEOFERIA20182528XITORNEOS-182529_001.jpg\" style=\"margin-left: 1em;margin-right: 1em\"><img decoding=\"async\" border=\"0\" data-original-height=\"842\" data-original-width=\"595\" height=\"640\" src=\"https:\/\/blogger.googleusercontent.com\/img\/b\/R29vZ2xl\/AVvXsEiYpDJkEF66OR2LikInQX_TORYvUdHj4d1icH44QSB_e_4Lr1y-sNw1jvbeDQ2TWjkyycvvev2A7ifkM1s6xMLpIIHMtN52XN3BaPx5NdFhG9dRTdqGeCn4A1GLniyqTZqVixUyr3FV2gc\/s640\/BASES+DEL+XVI+TORNEO+FERIA+2018+%2528XI+TORNEO+S-18%2529_001.jpg\" width=\"450\" \/><\/a><\/div>\n<p><span style=\", sans-serif;font-size: large\"><b><br \/><\/b><\/span><br \/>\n<span style=\", sans-serif;font-size: large\"><b>En esta ocasi\u00f3n, el torneo servir\u00e1 de pre\u00e1mbulo para el Campeonato Regional por Equipos Rel\u00e1mpago que se jugar\u00e1 ese mismo s\u00e1bado por la tarde en Tomelloso.<\/b><\/span><br \/>\n<span style=\", sans-serif;font-size: large\"><b>\u00a1\u00a1Os esperamos!!<\/b><\/span><\/p>\n","protected":false},"excerpt":{"rendered":"<p>El S\u00c1BADO 25 de agosto, en horario de ma\u00f1ana, se celebrar\u00e1 la 16\u00aa edici\u00f3n del Torneo de Feria de Alc\u00e1zar de San Juan. El sal\u00f3n principal del Centro C\u00edvico de la Plaza de Espa\u00f1a acoger\u00e1 de nuevo en la preferia alcazare\u00f1a este encuentro tradicional con el juego del ajedrez.&nbsp; Volver\u00e1 a existir un torneo para [&hellip;]<\/p>\n","protected":false},"author":1,"featured_media":3305,"comment_status":"open","ping_status":"closed","sticky":false,"template":"","format":"standard","meta":{"footnotes":""},"categories":[1],"tags":[],"class_list":["post-3304","post","type-post","status-publish","format-standard","has-post-thumbnail","hentry","category-noticias"],"_links":{"self":[{"href":"https:\/\/www.bfv.cloud\/ajedrezeuropa\/wp-json\/wp\/v2\/posts\/3304","targetHints":{"allow":["GET"]}}],"collection":[{"href":"https:\/\/www.bfv.cloud\/ajedrezeuropa\/wp-json\/wp\/v2\/posts"}],"about":[{"href":"https:\/\/www.bfv.cloud\/ajedrezeuropa\/wp-json\/wp\/v2\/types\/post"}],"author":[{"embeddable":true,"href":"https:\/\/www.bfv.cloud\/ajedrezeuropa\/wp-json\/wp\/v2\/users\/1"}],"replies":[{"embeddable":true,"href":"https:\/\/www.bfv.cloud\/ajedrezeuropa\/wp-json\/wp\/v2\/comments?post=3304"}],"version-history":[{"count":1,"href":"https:\/\/www.bfv.cloud\/ajedrezeuropa\/wp-json\/wp\/v2\/posts\/3304\/revisions"}],"predecessor-version":[{"id":3308,"href":"https:\/\/www.bfv.cloud\/ajedrezeuropa\/wp-json\/wp\/v2\/posts\/3304\/revisions\/3308"}],"wp:featuredmedia":[{"embeddable":true,"href":"https:\/\/www.bfv.cloud\/ajedrezeuropa\/wp-json\/wp\/v2\/media\/3305"}],"wp:attachment":[{"href":"https:\/\/www.bfv.cloud\/ajedrezeuropa\/wp-json\/wp\/v2\/media?parent=3304"}],"wp:term":[{"taxonomy":"category","embeddable":true,"href":"https:\/\/www.bfv.cloud\/ajedrezeuropa\/wp-json\/wp\/v2\/categories?post=3304"},{"taxonomy":"post_tag","embeddable":true,"href":"https:\/\/www.bfv.cloud\/ajedrezeuropa\/wp-json\/wp\/v2\/tags?post=3304"}],"curies":[{"name":"wp","href":"https:\/\/api.w.org\/{rel}","templated":true}]}}