{"id":3309,"date":"2022-11-09T10:22:00","date_gmt":"2022-11-09T10:22:00","guid":{"rendered":"https:\/\/www.bfv.cloud\/ajedrezeuropa\/index.php\/2022\/11\/09\/nuestro-proyecto-el-ajedrez-en-la-escuela-una-estrategia-educativa-presentado-en-el-xvi-congreso-de-ciudades-educadoras\/"},"modified":"2025-11-20T10:59:28","modified_gmt":"2025-11-20T10:59:28","slug":"nuestro-proyecto-el-ajedrez-en-la-escuela-una-estrategia-educativa-presentado-en-el-xvi-congreso-de-ciudades-educadoras","status":"publish","type":"post","link":"https:\/\/www.bfv.cloud\/ajedrezeuropa\/nuestro-proyecto-el-ajedrez-en-la-escuela-una-estrategia-educativa-presentado-en-el-xvi-congreso-de-ciudades-educadoras\/","title":{"rendered":"NUESTRO PROYECTO \u00abEL AJEDREZ EN LA ESCUELA, UNA ESTRATEGIA EDUCATIVA\u00bb PRESENTADO EN EL XVI CONGRESO DE CIUDADES EDUCADORAS"},"content":{"rendered":"<\/p>\n<table cellpadding=\"0\" cellspacing=\"0\" class=\"tr-caption-container\" style=\"float: left\">\n<tbody>\n<tr>\n<td style=\"text-align: center\"><a href=\"https:\/\/www.bfv.cloud\/ajedrezeuropa\/wp-content\/uploads\/2022\/11\/820PONENCIA20AJEDREZ.jpg\" style=\"clear: left;margin-bottom: 1em;margin-left: auto;margin-right: auto\"><img fetchpriority=\"high\" decoding=\"async\" border=\"0\" data-original-height=\"1200\" data-original-width=\"1600\" height=\"301\" src=\"https:\/\/blogger.googleusercontent.com\/img\/b\/R29vZ2xl\/AVvXsEi5AtOKkXq4gNY0UQGES2rToLLD34n4DDktRtjA2xSu6xVqsbUTEIzwS_J4kmOI0XuCrS8xRW6sRq-18qa0__WxqVEhYqiieLR4--En8GPlE0cfe2T1wKPxQ84R1yD0GL-JomADJuNK8zlxKg8XbuP2M4mHKsKZdiYgJQ_VuQ7QWsNlmESaGGjjU0qz\/w400-h301\/8%20PONENCIA%20AJEDREZ.jpg\" width=\"400\" \/><\/a><\/td>\n<\/tr>\n<tr>\n<td class=\"tr-caption\" style=\"text-align: center\">Imagen durante la presentaci\u00f3n del proyecto por Bel\u00e9n&nbsp;<br \/>Beamud, concejala de Illescas, y F\u00e9lix Toribio<\/td>\n<\/tr>\n<\/tbody>\n<\/table>\n<h2 style=\"text-align: left\"><span style=\"font-family: arial\">La ciudad coreana de Andong ha acogido el XVI Congreso de la Asociaci\u00f3n Internacional de Ciudades Educadoras (IAEC) en el que han participado ciudades de 36 pa\u00edses del mundo. Nuestro proyecto de ajedrez educativo, desarrollado en Illescas desde 2017 y seleccionado por el comit\u00e9 cient\u00edfico, se ha presentado en Andong entre los programas m\u00e1s destacados puestos en marcha por las ciudades miembro de la IAEC en los \u00faltimos 4 a\u00f1os. Los organizadores del congreso han ofrecido a los m\u00e1s de 2.000 participantes una amplia selecci\u00f3n de actividades art\u00edsticas de la cultura coreana, que junto a las experiencias reconocidas por el comit\u00e9 cient\u00edfico integrado por los 3 rectores de las universidades de Andong y varios miembros de comit\u00e9s evaluadores de la UNESCO, han dotado de un gran valor a los d\u00edas vividos en Corea del Sur.&nbsp;<\/span><\/h2>\n<\/p>\n<div class=\"separator\" style=\"clear: both;text-align: center\"><iframe allowfullscreen=\"\" class=\"BLOG_video_class\" height=\"370\" src=\"https:\/\/www.youtube.com\/embed\/HkulIm9eRcA\" width=\"444\" youtube-src-id=\"HkulIm9eRcA\"><\/iframe><\/div>\n<p><span>&nbsp;&nbsp; &nbsp;<\/span><span>&nbsp;&nbsp; &nbsp;<\/span><span>&nbsp;&nbsp; &nbsp;<\/span><span>&nbsp;&nbsp; &nbsp;<\/span><span>&nbsp;&nbsp; &nbsp;<\/span><span>&nbsp;&nbsp; &nbsp;<\/span><span>&nbsp;&nbsp; &nbsp;<\/span><span>&nbsp;&nbsp; &nbsp;<\/span><span>&nbsp;&nbsp; &nbsp;<\/span><span>&nbsp;&nbsp; &nbsp;<\/span><span>&nbsp;&nbsp; &nbsp;<\/span><span>&nbsp; &nbsp; &nbsp; V\u00eddeo final del XVI Congreso de Andong<\/span><\/p>\n<p><\/p>\n<h2 style=\"text-align: left\">Para nuestra asociaci\u00f3n, este reconocimiento al proyecto de ajedrez educativo, nacido ya hace 8 a\u00f1os, ha supuesto un gran honor. Que el Congreso Internacional de Ciudades Educadoras haya distinguido a \u00abEl ajedrez en la escuela, una estrategia educativa\u00bb con su selecci\u00f3n y, posteriormente, con la presentaci\u00f3n en Andong junto a los otros 2 proyectos m\u00e1s destacados, es un gran acontecimiento para todos los que trabajamos en Nuestro Ajedrez en Europa y para la ciudad de Illescas. Tambi\u00e9n aporta una nueva perspectiva para la visi\u00f3n del ajedrez desde la propia comunidad educativa, lo que conlleva un nuevo beneficio para el mundo del ajedrez. La presencia del ajedrez en un contexto en el que participan 500 ciudades, y estrictamente pensado para resaltar los trabajos elaborados para la Educaci\u00f3n es un hecho muy relevante.&nbsp;<\/h2>\n<table align=\"center\" cellpadding=\"0\" cellspacing=\"0\" class=\"tr-caption-container\" style=\"margin-left: auto;margin-right: auto\">\n<tbody>\n<tr>\n<td style=\"text-align: center\"><a href=\"https:\/\/www.bfv.cloud\/ajedrezeuropa\/wp-content\/uploads\/2022\/11\/220DILOGO20PONENTES.jpg\" style=\"margin-left: auto;margin-right: auto\"><img decoding=\"async\" border=\"0\" data-original-height=\"1091\" data-original-width=\"1371\" height=\"510\" src=\"https:\/\/blogger.googleusercontent.com\/img\/b\/R29vZ2xl\/AVvXsEh0AHavn4D6z9aGyDkw3dwgf05UGc30x5Se3pSvE74OxB4l7xCFjNoEOilTwZusoQPVtGoNSqbVeb7SSKufmC6BBlIzUCHRx-eFWFI1V2ohHG-c2559lR3fcm0XiLtvCQYt0pfujXGZizh4WGaN1wjzzpyt4nKX3efKIVI5sHI76hDJgcyqMysEaBg7\/w640-h510\/2%20DILOGO%20PONENTES.jpg\" width=\"640\" \/><\/a><\/td>\n<\/tr>\n<tr>\n<td class=\"tr-caption\" style=\"text-align: center\">Los ponentes de los 3 proyectos presentados el viernes 28 de octubre en Andong<\/td>\n<\/tr>\n<\/tbody>\n<\/table>\n<p><\/p>\n<div class=\"separator\" style=\"clear: both;text-align: center\"><a href=\"https:\/\/www.bfv.cloud\/ajedrezeuropa\/wp-content\/uploads\/2022\/11\/TEMPLO20BUDA202.jpg\" style=\"clear: left;float: left;margin-bottom: 1em;margin-right: 1em\"><img decoding=\"async\" border=\"0\" data-original-height=\"1280\" data-original-width=\"1486\" height=\"552\" src=\"https:\/\/blogger.googleusercontent.com\/img\/b\/R29vZ2xl\/AVvXsEgzt2vpsd_YcTQ6Rx8mBUfkkIW2gxJ5-kpGWZbPrumuLeT7JRS23R5yVMDMuLLT9D0XGIvWGy0tLj-lwx4A852x93BCH481HWDqR-sj6Rj6fD-zChdrTYv_QkAyVZu6o9Bu2HzLrJHMYe64h-9Aik5l9vE_RgliNl6IznvJHh8zmQt9dVwJUb2iANZI\/w640-h552\/TEMPLO%20BUDA%20(2).jpg\" width=\"640\" \/><\/a><\/div>\n<p><\/p>\n<div class=\"separator\" style=\"clear: both;text-align: center\"><a href=\"https:\/\/www.bfv.cloud\/ajedrezeuropa\/wp-content\/uploads\/2022\/11\/320VISITA20PASADO.jpg\" style=\"clear: right;float: right;margin-bottom: 1em;margin-left: 1em\"><img loading=\"lazy\" decoding=\"async\" border=\"0\" data-original-height=\"1241\" data-original-width=\"937\" height=\"478\" src=\"https:\/\/blogger.googleusercontent.com\/img\/b\/R29vZ2xl\/AVvXsEhbtLJ6b-t5JDLypnjY07M5Kr7oM06g1pLJSqY4YKT3rFbr7-gw2vCrmo2mqktZFMrdTpVw9P4NoTN1-GcM47OF4xDIfAiQitcfa_f9hG_SJz4CqvlHtZRo9iQG9jdm32TAu8f3p49MSuTiwEfx55my-gK6kXUJsIo3jyc0SiTs5TPOgJA7b6JnCm0r\/w361-h478\/3%20VISITA%20PASADO.jpg\" width=\"361\" \/><\/a><\/div>\n<p><\/p>\n<div><\/div>\n<p><\/p>\n","protected":false},"excerpt":{"rendered":"<p>Imagen durante la presentaci\u00f3n del proyecto por Bel\u00e9n&nbsp;Beamud, concejala de Illescas, y F\u00e9lix Toribio La ciudad coreana de Andong ha acogido el XVI Congreso de la Asociaci\u00f3n Internacional de Ciudades Educadoras (IAEC) en el que han participado ciudades de 36 pa\u00edses del mundo. Nuestro proyecto de ajedrez educativo, desarrollado en Illescas desde 2017 y seleccionado [&hellip;]<\/p>\n","protected":false},"author":1,"featured_media":3310,"comment_status":"open","ping_status":"closed","sticky":false,"template":"","format":"standard","meta":{"footnotes":""},"categories":[1],"tags":[],"class_list":["post-3309","post","type-post","status-publish","format-standard","has-post-thumbnail","hentry","category-noticias"],"_links":{"self":[{"href":"https:\/\/www.bfv.cloud\/ajedrezeuropa\/wp-json\/wp\/v2\/posts\/3309","targetHints":{"allow":["GET"]}}],"collection":[{"href":"https:\/\/www.bfv.cloud\/ajedrezeuropa\/wp-json\/wp\/v2\/posts"}],"about":[{"href":"https:\/\/www.bfv.cloud\/ajedrezeuropa\/wp-json\/wp\/v2\/types\/post"}],"author":[{"embeddable":true,"href":"https:\/\/www.bfv.cloud\/ajedrezeuropa\/wp-json\/wp\/v2\/users\/1"}],"replies":[{"embeddable":true,"href":"https:\/\/www.bfv.cloud\/ajedrezeuropa\/wp-json\/wp\/v2\/comments?post=3309"}],"version-history":[{"count":1,"href":"https:\/\/www.bfv.cloud\/ajedrezeuropa\/wp-json\/wp\/v2\/posts\/3309\/revisions"}],"predecessor-version":[{"id":3314,"href":"https:\/\/www.bfv.cloud\/ajedrezeuropa\/wp-json\/wp\/v2\/posts\/3309\/revisions\/3314"}],"wp:featuredmedia":[{"embeddable":true,"href":"https:\/\/www.bfv.cloud\/ajedrezeuropa\/wp-json\/wp\/v2\/media\/3310"}],"wp:attachment":[{"href":"https:\/\/www.bfv.cloud\/ajedrezeuropa\/wp-json\/wp\/v2\/media?parent=3309"}],"wp:term":[{"taxonomy":"category","embeddable":true,"href":"https:\/\/www.bfv.cloud\/ajedrezeuropa\/wp-json\/wp\/v2\/categories?post=3309"},{"taxonomy":"post_tag","embeddable":true,"href":"https:\/\/www.bfv.cloud\/ajedrezeuropa\/wp-json\/wp\/v2\/tags?post=3309"}],"curies":[{"name":"wp","href":"https:\/\/api.w.org\/{rel}","templated":true}]}}