{"id":3315,"date":"2024-06-09T06:30:00","date_gmt":"2024-06-09T06:30:00","guid":{"rendered":"https:\/\/www.bfv.cloud\/ajedrezeuropa\/index.php\/2024\/06\/09\/la-fide-premia-la-labor-de-nuestro-proyecto-en-el-ajedrez-para-la-educacion\/"},"modified":"2025-11-20T10:59:31","modified_gmt":"2025-11-20T10:59:31","slug":"la-fide-premia-la-labor-de-nuestro-proyecto-en-el-ajedrez-para-la-educacion","status":"publish","type":"post","link":"https:\/\/www.bfv.cloud\/ajedrezeuropa\/la-fide-premia-la-labor-de-nuestro-proyecto-en-el-ajedrez-para-la-educacion\/","title":{"rendered":"\u00a1\u00a1LA FIDE PREMIA LA LABOR DE NUESTRO PROYECTO EN EL AJEDREZ PARA LA EDUCACI\u00d3N!!"},"content":{"rendered":"<p>&nbsp;<a href=\"https:\/\/www.bfv.cloud\/ajedrezeuropa\/wp-content\/uploads\/2024\/06\/FIDE20Certificate20Silver_Nuestro20Ajedrez20En20Europa_001.jpg\" style=\"margin-left: 1em;margin-right: 1em;text-align: center\"><img fetchpriority=\"high\" decoding=\"async\" border=\"0\" data-original-height=\"595\" data-original-width=\"842\" height=\"452\" src=\"https:\/\/blogger.googleusercontent.com\/img\/b\/R29vZ2xl\/AVvXsEiJ3-vSM0j6hK4wt8eY-ra4rpqXVUo0HehZx4BIucGI2g55ddCsDV9G70vpHaknUEZGxu-Xw30USPXHNvJBRIl1fyKStTqzpCcNoTjDXWpf08sJY8-d5rmvVf2DfAMri2cGyk6EXGKu9iNj5egL_HTcVxKiYRM8Y7E9J4kEul-uz2AQqRLAtoTtzMIs2fs\/w640-h452\/FIDE%20Certificate%20Silver_Nuestro%20Ajedrez%20En%20Europa_001.jpg\" width=\"640\" \/><\/a><span style=\"font-family: georgia;font-size: large\"><\/span><\/p>\n<p><span style=\"font-family: georgia;font-size: large\">La Comisi\u00f3n del Ajedrez en la Educaci\u00f3n de la Federaci\u00f3n Internacional de Ajedrez (FIDE) ha dado a conocer a los ganadores de la primera edici\u00f3n de los premios mundiales que reconocen el trabajo de universidades, institutos, colegios y proyectos en el campo del ajedrez educativo. <b>Para Nuestro Ajedrez en Europa es un gran honor estar entre los 22 primeros elegidos<\/b>, tan solo otro colegio en Espa\u00f1a y 6 m\u00e1s en el resto del continente europeo han logrado esta distinci\u00f3n.&nbsp;<\/span><\/p>\n<div class=\"separator\" style=\"clear: both;text-align: center\"><span style=\"font-family: georgia;font-size: large\"><a href=\"https:\/\/www.bfv.cloud\/ajedrezeuropa\/wp-content\/uploads\/2024\/06\/FIDE20Emblem20Silver_Nuestro20Ajedrez20En20Europa_001.jpg\" style=\"margin-left: 1em;margin-right: 1em\"><img decoding=\"async\" border=\"0\" data-original-height=\"595\" data-original-width=\"595\" height=\"400\" src=\"https:\/\/blogger.googleusercontent.com\/img\/b\/R29vZ2xl\/AVvXsEidlrNj4_J4hidpiz8AOPcIbMQhYDjWKc2iKbSSpAHTgMr4UA2RhUMhatf04i5CY1NjThlb6jqbwSaXdmYSw2eA8fYFn7bft7xbeSpeO9rLY5l-AUmyB9kXCoRynSi_L7lQEiKTuvyjtg3dFzHBD_9XXTpP0IHnLp5FZejWzGPnNFZrPbCm2dTcpe27t5I\/w400-h400\/FIDE%20Emblem%20Silver_Nuestro%20Ajedrez%20En%20Europa_001.jpg\" width=\"400\" \/><\/a><\/span><\/div>\n<p><span style=\"font-family: georgia;font-size: large\"><\/p>\n<p><b>L<\/b>a<b> Medalla de Plata<\/b>, concedida al proyecto castellano manchego, <b>la compartimos con los 7 colegios de primaria illescanos donde est\u00e1 implantado \u00abEl ajedrez en la escuela, una estrategia educativa\u00bb desde el curso 2016\/17. Tambi\u00e9n con el ayuntamiento de Illescas y con todas las instituciones locales y regionales<\/b> que de una forma directa o indirecta colaboran en hacer de este programa una realidad dentro de las aulas.&nbsp;<\/p>\n<p><b>El premio ser\u00e1 entregado en Budapest (Hungr\u00eda)<\/b>, en una ceremonia oficial enmarcada <b>en la Olimpiada de Ajedrez<\/b>&nbsp; que se celebrar\u00e1 a mediados de septiembre. La Olimpiada de Ajedrez, que tiene car\u00e1cter bienal, es el mayor acontecimiento mundial de este deporte, reuniendo a 200 pa\u00edses y m\u00e1s de 350 equipos nacionales, lo que engrandece todav\u00eda m\u00e1s la obtenci\u00f3n de la Medalla de Plata al Premio \u00abEscuelas de Ajedrez\u00bb 2024.<\/p>\n<p>Para finalizar, queremos agradecer muy especialmente la colaboraci\u00f3n y dedicaci\u00f3n de los equipos directivos y del personal docente de los colegios p\u00fablicos de Educaci\u00f3n Primaria de Illescas: <b>Mart\u00edn Chico, La Constituci\u00f3n, Ilarcuris, Clara Campoamor, El Greco, Libertad y Rosa Chacel. <\/b>Un agradecimiento que debemos hacer extensivo a las personas que d\u00eda a d\u00eda piensan y dise\u00f1an actividades para hacer m\u00e1s interesantes y divertidos los contenidos curriculares: <b>M\u00aa Luisa Camu\u00f1as, Ana Isabel Gonz\u00e1lez, Blanca Y\u00e9benes, Ismael P\u00e9rez, Sergio Y\u00e9benes y Paula Rodr\u00edguez.<\/b><\/p>\n<\/p>\n<p><\/span><\/p>\n<div class=\"separator\" style=\"clear: both;text-align: center\"><a href=\"https:\/\/www.bfv.cloud\/ajedrezeuropa\/wp-content\/uploads\/2024\/06\/FIDE2020CEI.jpeg\" style=\"margin-left: 1em;margin-right: 1em\"><img decoding=\"async\" border=\"0\" data-original-height=\"185\" data-original-width=\"671\" height=\"176\" src=\"https:\/\/blogger.googleusercontent.com\/img\/b\/R29vZ2xl\/AVvXsEjxQi_S0dgtyn5qXqik0GG1hkf3xmTsESmLZBs1jlgbbkxoC3Eya2YiBuwhABs-sE2g4dZsxOwA6-Z2rB2CK1tn9Wo3XCyn3YH4gyV0ME6OFTEwCh6dyEOntK7CpkGUQfkRkGPWfYrL4OrZLM70C0YhyphenhyphenfvfsRIjS59R49xvRv5E_fs4zX9zstppYfWszfs\/w640-h176\/FIDE%20+%20CEI.jpeg\" width=\"640\" \/><\/a><\/div>\n<p><\/p>\n","protected":false},"excerpt":{"rendered":"<p>&nbsp; La Comisi\u00f3n del Ajedrez en la Educaci\u00f3n de la Federaci\u00f3n Internacional de Ajedrez (FIDE) ha dado a conocer a los ganadores de la primera edici\u00f3n de los premios mundiales que reconocen el trabajo de universidades, institutos, colegios y proyectos en el campo del ajedrez educativo. Para Nuestro Ajedrez en Europa es un gran honor [&hellip;]<\/p>\n","protected":false},"author":1,"featured_media":3316,"comment_status":"open","ping_status":"closed","sticky":false,"template":"","format":"standard","meta":{"footnotes":""},"categories":[1],"tags":[],"class_list":["post-3315","post","type-post","status-publish","format-standard","has-post-thumbnail","hentry","category-noticias"],"_links":{"self":[{"href":"https:\/\/www.bfv.cloud\/ajedrezeuropa\/wp-json\/wp\/v2\/posts\/3315","targetHints":{"allow":["GET"]}}],"collection":[{"href":"https:\/\/www.bfv.cloud\/ajedrezeuropa\/wp-json\/wp\/v2\/posts"}],"about":[{"href":"https:\/\/www.bfv.cloud\/ajedrezeuropa\/wp-json\/wp\/v2\/types\/post"}],"author":[{"embeddable":true,"href":"https:\/\/www.bfv.cloud\/ajedrezeuropa\/wp-json\/wp\/v2\/users\/1"}],"replies":[{"embeddable":true,"href":"https:\/\/www.bfv.cloud\/ajedrezeuropa\/wp-json\/wp\/v2\/comments?post=3315"}],"version-history":[{"count":1,"href":"https:\/\/www.bfv.cloud\/ajedrezeuropa\/wp-json\/wp\/v2\/posts\/3315\/revisions"}],"predecessor-version":[{"id":3319,"href":"https:\/\/www.bfv.cloud\/ajedrezeuropa\/wp-json\/wp\/v2\/posts\/3315\/revisions\/3319"}],"wp:featuredmedia":[{"embeddable":true,"href":"https:\/\/www.bfv.cloud\/ajedrezeuropa\/wp-json\/wp\/v2\/media\/3316"}],"wp:attachment":[{"href":"https:\/\/www.bfv.cloud\/ajedrezeuropa\/wp-json\/wp\/v2\/media?parent=3315"}],"wp:term":[{"taxonomy":"category","embeddable":true,"href":"https:\/\/www.bfv.cloud\/ajedrezeuropa\/wp-json\/wp\/v2\/categories?post=3315"},{"taxonomy":"post_tag","embeddable":true,"href":"https:\/\/www.bfv.cloud\/ajedrezeuropa\/wp-json\/wp\/v2\/tags?post=3315"}],"curies":[{"name":"wp","href":"https:\/\/api.w.org\/{rel}","templated":true}]}}