{"id":3320,"date":"2010-06-06T23:10:00","date_gmt":"2010-06-06T23:10:00","guid":{"rendered":"https:\/\/www.bfv.cloud\/ajedrezeuropa\/index.php\/2010\/06\/06\/i-encuentro-comarcal-de-escuelas-y-resultados-de-competiciones\/"},"modified":"2025-11-20T10:59:34","modified_gmt":"2025-11-20T10:59:34","slug":"i-encuentro-comarcal-de-escuelas-y-resultados-de-competiciones","status":"publish","type":"post","link":"https:\/\/www.bfv.cloud\/ajedrezeuropa\/i-encuentro-comarcal-de-escuelas-y-resultados-de-competiciones\/","title":{"rendered":"I ENCUENTRO COMARCAL DE ESCUELAS Y RESULTADOS DE COMPETICIONES"},"content":{"rendered":"<p>El centro c\u00edvico de Alc\u00e1zar de San Juan ha acogido la primera edici\u00f3n del \u00abEncuentro Comarcal de Escuelas\u00bb que ha contado con la participaci\u00f3n de las EDM de Campo de Criptana, Pedro Mu\u00f1oz, Villafranca y Alc\u00e1zar, adem\u00e1s del AMPA del colegio de las Trinitarias de Alc\u00e1zar. Los cerca de 60 chicos y chicas que han disfrutado de su jornada matinal de ajedrez han estado distribuidos en&nbsp;dos categor\u00edas, S-16 y S-14,&nbsp; a la hora de disputar sus partidas. Los 21 participantes de nuestras escuelas, integrados en 5 equipos distintos,&nbsp;han obtenido las tres primeras plazas en el torneo S-16 y la 4\u00aa y&nbsp;5\u00aa plaza en&nbsp;el S-14. Durante el transcurso&nbsp;de la competici\u00f3n estuvieron presentes el alcalde de Alc\u00e1zar, Jos\u00e9 Fernando S\u00e1nchez B\u00f3dalo, y el concejal de deportes, Mat\u00edas L\u00f3pez, as\u00ed como distintos medios de comunicaci\u00f3n local.<a href=\"https:\/\/www.bfv.cloud\/ajedrezeuropa\/wp-content\/uploads\/2010\/06\/PREMIOVILLAFRANCA.jpg\" style=\"clear: right;float: right;margin-bottom: 1em;margin-left: 1em\"><img decoding=\"async\" border=\"0\" src=\"https:\/\/blogger.googleusercontent.com\/img\/b\/R29vZ2xl\/AVvXsEidVmObB1xj1f5Cn44Jp0GXupghQNgxPODLfk4zX7my7_vAXdtzfNJ2LOjQe-UrhjqYHUSv7XejWoAlxpQbb2oN_LwX2xKAiuGFHH0sc6rYxfQr56_q6_HdWNyh8rm0CEkLuAvWLKoXAUo\/s320\/PREMIO+VILLAFRANCA.jpg\" \/><\/a> <\/p>\n<div class=\"separator\" style=\"border-bottom: medium none;border-left: medium none;border-right: medium none;border-top: medium none;clear: both;text-align: center\"><a href=\"https:\/\/www.bfv.cloud\/ajedrezeuropa\/wp-content\/uploads\/2010\/06\/GRUPOS-16.jpg\" style=\"clear: left;float: left;margin-bottom: 1em;margin-right: 1em\"><img decoding=\"async\" border=\"0\" src=\"https:\/\/blogger.googleusercontent.com\/img\/b\/R29vZ2xl\/AVvXsEg8rIPRtS1-pEgZutGRfKqXgt_B7Vf3lX5imzogHB63Lf9Bllk7GmCOWjsqBufS8qFc2NhIXn_AJOiR-yQwPsjSwXI9oXcoySONi9cRHdht_N88Fyec49pY1TP-YZ5hYTK7zr6K4Suhyphenhyphen8M\/s320\/GRUPO+S-16.jpg\" \/><\/a>Por otro lado, el pasado s\u00e1bado se disput\u00f3 en Mora el noveno \u00abTorneo del Aceite\u00bb con 85 jugadores de un gran nivel, lo que&nbsp;convierte de nuevo a&nbsp;este torneo en el m\u00e1s numeroso y disputado de la provincia de Toledo. A lo largo de los a\u00f1os, el trabajo de los monitores de la escuela deportiva municipal de Mora, Mart\u00edn Sanz, C\u00e9sar Jim\u00e9nez y Cristina Maestro ha servido para potenciar y mejorar este excelente encuentro del ajedrez castellano-manchego. En el apartado de resultados caben destacar los premios obtenidos por Santiago Talavera, campe\u00f3n del S-16, y de Daniel P\u00edriz y Jorge Sim\u00f3n, 2\u00ba y 3\u00ba respectivamente en la misma categor\u00eda. Tambi\u00e9n nuestra jugadora Irene Sim\u00f3n obtuvo una destacada actuaci\u00f3n con su segunda plaza del S-10.<\/div>\n<div class=\"separator\" style=\"border-bottom: medium none;border-left: medium none;border-right: medium none;border-top: medium none;clear: both;text-align: center\">Muy pronto podremos informaros del calendario de actividades previsto, donde destacar\u00e1 el <\/div>\n<div class=\"separator\" style=\"border-bottom: medium none;border-left: medium none;border-right: medium none;border-top: medium none;clear: both;text-align: center\">III campus de verano \u00abNuestro Ajedrez en Europa\u00bb, que tendr\u00e1 lugar del 2 al 7 de agosto y que contar\u00e1 con la presencia de varios de los mejores preparadores del mundo del ajedrez.<\/div>\n","protected":false},"excerpt":{"rendered":"<p>El centro c\u00edvico de Alc\u00e1zar de San Juan ha acogido la primera edici\u00f3n del \u00abEncuentro Comarcal de Escuelas\u00bb que ha contado con la participaci\u00f3n de las EDM de Campo de Criptana, Pedro Mu\u00f1oz, Villafranca y Alc\u00e1zar, adem\u00e1s del AMPA del colegio de las Trinitarias de Alc\u00e1zar. Los cerca de 60 chicos y chicas que han [&hellip;]<\/p>\n","protected":false},"author":1,"featured_media":3321,"comment_status":"open","ping_status":"closed","sticky":false,"template":"","format":"standard","meta":{"footnotes":""},"categories":[1],"tags":[],"class_list":["post-3320","post","type-post","status-publish","format-standard","has-post-thumbnail","hentry","category-noticias"],"_links":{"self":[{"href":"https:\/\/www.bfv.cloud\/ajedrezeuropa\/wp-json\/wp\/v2\/posts\/3320","targetHints":{"allow":["GET"]}}],"collection":[{"href":"https:\/\/www.bfv.cloud\/ajedrezeuropa\/wp-json\/wp\/v2\/posts"}],"about":[{"href":"https:\/\/www.bfv.cloud\/ajedrezeuropa\/wp-json\/wp\/v2\/types\/post"}],"author":[{"embeddable":true,"href":"https:\/\/www.bfv.cloud\/ajedrezeuropa\/wp-json\/wp\/v2\/users\/1"}],"replies":[{"embeddable":true,"href":"https:\/\/www.bfv.cloud\/ajedrezeuropa\/wp-json\/wp\/v2\/comments?post=3320"}],"version-history":[{"count":1,"href":"https:\/\/www.bfv.cloud\/ajedrezeuropa\/wp-json\/wp\/v2\/posts\/3320\/revisions"}],"predecessor-version":[{"id":3323,"href":"https:\/\/www.bfv.cloud\/ajedrezeuropa\/wp-json\/wp\/v2\/posts\/3320\/revisions\/3323"}],"wp:featuredmedia":[{"embeddable":true,"href":"https:\/\/www.bfv.cloud\/ajedrezeuropa\/wp-json\/wp\/v2\/media\/3321"}],"wp:attachment":[{"href":"https:\/\/www.bfv.cloud\/ajedrezeuropa\/wp-json\/wp\/v2\/media?parent=3320"}],"wp:term":[{"taxonomy":"category","embeddable":true,"href":"https:\/\/www.bfv.cloud\/ajedrezeuropa\/wp-json\/wp\/v2\/categories?post=3320"},{"taxonomy":"post_tag","embeddable":true,"href":"https:\/\/www.bfv.cloud\/ajedrezeuropa\/wp-json\/wp\/v2\/tags?post=3320"}],"curies":[{"name":"wp","href":"https:\/\/api.w.org\/{rel}","templated":true}]}}