{"id":3324,"date":"2012-11-04T23:41:00","date_gmt":"2012-11-04T23:41:00","guid":{"rendered":"https:\/\/www.bfv.cloud\/ajedrezeuropa\/index.php\/2012\/11\/04\/presentados-los-equipos-que-nos-representaran-en-el-provincial-de-toledo-por-clubes-2013\/"},"modified":"2025-11-20T10:59:35","modified_gmt":"2025-11-20T10:59:35","slug":"presentados-los-equipos-que-nos-representaran-en-el-provincial-de-toledo-por-clubes-2013","status":"publish","type":"post","link":"https:\/\/www.bfv.cloud\/ajedrezeuropa\/presentados-los-equipos-que-nos-representaran-en-el-provincial-de-toledo-por-clubes-2013\/","title":{"rendered":"PRESENTADOS LOS EQUIPOS QUE NOS REPRESENTAR\u00c1N EN EL PROVINCIAL DE TOLEDO POR CLUBES 2013"},"content":{"rendered":"<div class=\"separator\" style=\"clear: both;text-align: left\">\n<a href=\"https:\/\/www.bfv.cloud\/ajedrezeuropa\/wp-content\/uploads\/2012\/11\/NUESTROAJEDREZSINFRONTERAS2.jpg\" style=\"clear: right;float: right;margin-bottom: 1em;margin-left: 1em\"><img fetchpriority=\"high\" decoding=\"async\" border=\"0\" height=\"300\" src=\"https:\/\/blogger.googleusercontent.com\/img\/b\/R29vZ2xl\/AVvXsEhCPWQVhN_rY6N_mKxCJZXdWsph1HSFlhnpoe1i-6ByZ71k6StW9KjA0sv59JZ4MaVfOAUH4FGoAqVv5fhXKj-xCc4ljZik-GKBSAZ-RUc2Y8OCKUb8nHOyiztDxVgXo_RplVwCSw0sjoo\/s400\/NUESTRO+AJEDREZ+SIN+FRONTERAS+2.jpg\" width=\"400\" \/><\/a><span style=\"font-size: large\">Ya est\u00e1n inscritos los 3 equipos que nos representar\u00e1n en el pr\u00f3ximo Campeonato Provincial por Equipos de Toledo 2013 en la categor\u00eda absoluta. Las 2 formaciones que hemos presentado por el Club Nuestro Ajedrez en Europa son:&nbsp;&nbsp;&nbsp;&nbsp;&nbsp;&nbsp;&nbsp;&nbsp;&nbsp;&nbsp;&nbsp;&nbsp;&nbsp;&nbsp; <u>NUESTRO AJEDREZ EN EUROPA&nbsp;\u00abA\u00bb:<\/u>&nbsp;&nbsp;1.- Daniel P\u00edriz; 2.- Luismi Monreal; 3.- Sergio Valencia; 4.-Jos\u00e9 \u00c1ngel Vela; 5.- Leo de Giorgi; 6.- Irene Sim\u00f3n y 7.- Silvia Toribio.&nbsp;&nbsp;&nbsp;&nbsp;&nbsp;&nbsp;&nbsp;&nbsp;&nbsp;&nbsp;&nbsp;&nbsp;&nbsp;&nbsp;&nbsp;&nbsp;&nbsp;&nbsp;&nbsp;&nbsp;&nbsp;&nbsp;&nbsp;&nbsp;&nbsp;&nbsp;&nbsp;&nbsp;&nbsp;&nbsp;&nbsp;&nbsp;&nbsp;&nbsp;&nbsp;&nbsp;<\/span><\/div>\n<div class=\"separator\" style=\"clear: both;text-align: left\">\n<span style=\"font-size: large\">&nbsp;<u>NUESTRO AJEDREZ EN EUROPA \u00abB\u00bb:<\/u>&nbsp;&nbsp;1.- Santiago Talavera; 2.- Jorge Sim\u00f3n; 3.- Isaac Lozano; 4.- Jos\u00e9 M\u00aa Pastrana; 5.- Jes\u00fas M\u00aa Bricio; 6.- Javier Valdepe\u00f1as y 7.- Arturo Mate.&nbsp;&nbsp;&nbsp;&nbsp;&nbsp;&nbsp;&nbsp;&nbsp;&nbsp;&nbsp;&nbsp;&nbsp;&nbsp;&nbsp;&nbsp;&nbsp;&nbsp;&nbsp;&nbsp;&nbsp;&nbsp;&nbsp;&nbsp;&nbsp;&nbsp;&nbsp;&nbsp;&nbsp;&nbsp;&nbsp;&nbsp;&nbsp;&nbsp;&nbsp;&nbsp;&nbsp;&nbsp;&nbsp;&nbsp;&nbsp;&nbsp;&nbsp;&nbsp;&nbsp;&nbsp;&nbsp;&nbsp;&nbsp;&nbsp;&nbsp;&nbsp;&nbsp;&nbsp;&nbsp;&nbsp;&nbsp;&nbsp;&nbsp;&nbsp;&nbsp;&nbsp;&nbsp;&nbsp;&nbsp;&nbsp;&nbsp;&nbsp;&nbsp;&nbsp;&nbsp;&nbsp;&nbsp;&nbsp;&nbsp;&nbsp;&nbsp;&nbsp;&nbsp;&nbsp;&nbsp;&nbsp; <\/span><\/div>\n<div class=\"separator\" style=\"clear: both;text-align: left\">\n<span style=\"font-size: large\">Por parte del CLUB NUESTRO AJEDREZ&nbsp;POR LA IGUALDAD, el orden de fuerza del \u00fanico equipo que disputar\u00e1 el campeonato ser\u00e1:&nbsp;1.- Antonio Albo; 2.- Daniel Salas; 3.-Jos\u00e9 Luis D\u00edaz; 4.- Carlos Romo; 5.- Ra\u00fal D\u00edaz; 6.- Julio M\u00e9rida; 7.- Enrique Velasco; 8.- Samuel Ortiz; 9.- Julia Meza; 10.- Mar\u00eda Oliver y 11.- -Isabel Marcos.&nbsp;&nbsp;&nbsp;&nbsp;&nbsp;&nbsp;&nbsp;&nbsp;&nbsp;&nbsp;&nbsp;&nbsp;&nbsp;&nbsp;&nbsp;&nbsp;&nbsp;&nbsp;&nbsp;&nbsp;&nbsp;&nbsp;&nbsp;&nbsp;&nbsp;&nbsp;&nbsp;&nbsp;&nbsp;&nbsp;&nbsp;&nbsp;&nbsp;&nbsp;&nbsp;&nbsp;&nbsp;&nbsp;&nbsp;&nbsp;&nbsp;&nbsp;&nbsp;&nbsp;&nbsp;&nbsp;&nbsp;&nbsp;&nbsp;&nbsp;&nbsp;&nbsp;&nbsp;&nbsp;&nbsp;&nbsp;&nbsp;&nbsp;&nbsp;&nbsp;&nbsp;&nbsp;&nbsp;&nbsp;&nbsp;&nbsp;&nbsp;&nbsp;&nbsp;&nbsp;&nbsp;&nbsp;&nbsp;&nbsp;&nbsp;&nbsp;&nbsp;&nbsp;&nbsp;&nbsp;&nbsp;&nbsp;&nbsp;&nbsp;&nbsp;&nbsp;&nbsp;&nbsp;&nbsp;&nbsp;&nbsp;&nbsp;&nbsp;&nbsp;&nbsp;&nbsp;&nbsp;&nbsp;&nbsp;&nbsp;&nbsp;&nbsp;&nbsp;&nbsp;&nbsp;&nbsp;&nbsp;&nbsp;&nbsp;&nbsp;&nbsp;&nbsp; La competici\u00f3n tendr\u00e1 lugar en el Centro Social del Pol\u00edgono de Toledo durante los pr\u00f3ximos 4 fines de semana. En concreto, los domingos de noviembre, 11, 18 y 25, finalizando el 2 de diciembre, tras haberse disputado las 7 rondas previstas a un ritmo de juego de 90 minutos + 30 segundos de incremento por movimiento y para cada jugador. Les deseamos a todos nuestros jugadores y jugadoras un estupendo campeonato. Desde esta p\u00e1gina os iremos informando de todas las noticias que vaya generando.<\/span>\ufeff<\/div>\n","protected":false},"excerpt":{"rendered":"<p>Ya est\u00e1n inscritos los 3 equipos que nos representar\u00e1n en el pr\u00f3ximo Campeonato Provincial por Equipos de Toledo 2013 en la categor\u00eda absoluta. Las 2 formaciones que hemos presentado por el Club Nuestro Ajedrez en Europa son:&nbsp;&nbsp;&nbsp;&nbsp;&nbsp;&nbsp;&nbsp;&nbsp;&nbsp;&nbsp;&nbsp;&nbsp;&nbsp;&nbsp; NUESTRO AJEDREZ EN EUROPA&nbsp;\u00abA\u00bb:&nbsp;&nbsp;1.- Daniel P\u00edriz; 2.- Luismi Monreal; 3.- Sergio Valencia; 4.-Jos\u00e9 \u00c1ngel Vela; 5.- Leo de [&hellip;]<\/p>\n","protected":false},"author":1,"featured_media":3325,"comment_status":"open","ping_status":"closed","sticky":false,"template":"","format":"standard","meta":{"footnotes":""},"categories":[1],"tags":[],"class_list":["post-3324","post","type-post","status-publish","format-standard","has-post-thumbnail","hentry","category-noticias"],"_links":{"self":[{"href":"https:\/\/www.bfv.cloud\/ajedrezeuropa\/wp-json\/wp\/v2\/posts\/3324","targetHints":{"allow":["GET"]}}],"collection":[{"href":"https:\/\/www.bfv.cloud\/ajedrezeuropa\/wp-json\/wp\/v2\/posts"}],"about":[{"href":"https:\/\/www.bfv.cloud\/ajedrezeuropa\/wp-json\/wp\/v2\/types\/post"}],"author":[{"embeddable":true,"href":"https:\/\/www.bfv.cloud\/ajedrezeuropa\/wp-json\/wp\/v2\/users\/1"}],"replies":[{"embeddable":true,"href":"https:\/\/www.bfv.cloud\/ajedrezeuropa\/wp-json\/wp\/v2\/comments?post=3324"}],"version-history":[{"count":1,"href":"https:\/\/www.bfv.cloud\/ajedrezeuropa\/wp-json\/wp\/v2\/posts\/3324\/revisions"}],"predecessor-version":[{"id":3326,"href":"https:\/\/www.bfv.cloud\/ajedrezeuropa\/wp-json\/wp\/v2\/posts\/3324\/revisions\/3326"}],"wp:featuredmedia":[{"embeddable":true,"href":"https:\/\/www.bfv.cloud\/ajedrezeuropa\/wp-json\/wp\/v2\/media\/3325"}],"wp:attachment":[{"href":"https:\/\/www.bfv.cloud\/ajedrezeuropa\/wp-json\/wp\/v2\/media?parent=3324"}],"wp:term":[{"taxonomy":"category","embeddable":true,"href":"https:\/\/www.bfv.cloud\/ajedrezeuropa\/wp-json\/wp\/v2\/categories?post=3324"},{"taxonomy":"post_tag","embeddable":true,"href":"https:\/\/www.bfv.cloud\/ajedrezeuropa\/wp-json\/wp\/v2\/tags?post=3324"}],"curies":[{"name":"wp","href":"https:\/\/api.w.org\/{rel}","templated":true}]}}