{"id":3327,"date":"2012-07-22T18:39:00","date_gmt":"2012-07-22T18:39:00","guid":{"rendered":"https:\/\/www.bfv.cloud\/ajedrezeuropa\/index.php\/2012\/07\/22\/salobrena-nos-da-otra-buena-noticia-en-el-sub-16\/"},"modified":"2025-11-20T10:59:37","modified_gmt":"2025-11-20T10:59:37","slug":"salobrena-nos-da-otra-buena-noticia-en-el-sub-16","status":"publish","type":"post","link":"https:\/\/www.bfv.cloud\/ajedrezeuropa\/salobrena-nos-da-otra-buena-noticia-en-el-sub-16\/","title":{"rendered":"SALOBRE\u00d1A NOS DA OTRA BUENA NOTICIA EN EL SUB-16"},"content":{"rendered":"<table cellpadding=\"0\" cellspacing=\"0\" class=\"tr-caption-container\" style=\"float: left;margin-right: 1em;text-align: left\">\n<tbody>\n<tr>\n<td style=\"text-align: center\"><a href=\"https:\/\/www.bfv.cloud\/ajedrezeuropa\/wp-content\/uploads\/2012\/07\/CarlosAlvarezS16-2012.jpg\" style=\"clear: left;margin-bottom: 1em;margin-left: auto;margin-right: auto\"><img fetchpriority=\"high\" decoding=\"async\" border=\"0\" height=\"240\" src=\"https:\/\/blogger.googleusercontent.com\/img\/b\/R29vZ2xl\/AVvXsEgg1QYU68VIT9bz__DLX3sR4U2ECZhbUjksiav1YAqxqSvChtYuXl1WfOni-LtNy6Gm4wVnCzajdzWTQZbzB2t67Bz8l_88UyiGdUFq-z13rE1bTwplV8wVhm-YV_p34voKIRyalW9ec9Q\/s320\/Carlos+Alvarez+S16-2012.jpg\" width=\"320\" \/><\/a><\/td>\n<\/tr>\n<tr>\n<td class=\"tr-caption\" style=\"text-align: center\">Carlos \u00c1lvarez suma 5,5 puntos<br \/>\nFoto: FEDA<\/td>\n<\/tr>\n<\/tbody>\n<\/table>\n<p>&nbsp;<span style=\"color: blue;font-family: Verdana, sans-serif\">Ayer se clausuraba en Salobre\u00f1a el Campeonato de Espa\u00f1a Sub-16 despu\u00e9s de 6 d\u00edas de intensas y disputadas partidas. Nuestros 2 jugadores, Carlos \u00c1lvarez Serrano e Isaac Lozano Osorio, part\u00edan con distintos objetivos que cumplir y en ambos casos se han obtenido. Por una parte, Carlos, ha&nbsp;jugado con un gran nivel la mayor\u00eda de las 9 rondas, obteniendo&nbsp;el&nbsp;mejor resultado de entre sus&nbsp;participaciones en los campeonatos nacionales por edades. Los 5,5 puntos le han llevado a mejorar 19 puestos sobre su ranking inicial, sumando 19 puntos m\u00e1s en su valoraci\u00f3n internacional (ELO FIDE).<\/span><\/p>\n<table cellpadding=\"0\" cellspacing=\"0\" class=\"tr-caption-container\" style=\"float: right;margin-left: 1em;text-align: right\">\n<tbody>\n<tr>\n<td style=\"text-align: center\"><a href=\"https:\/\/www.bfv.cloud\/ajedrezeuropa\/wp-content\/uploads\/2012\/07\/IsaacLozanoS162012.jpg\" style=\"clear: right;margin-bottom: 1em;margin-left: auto;margin-right: auto\"><img decoding=\"async\" border=\"0\" height=\"240\" src=\"https:\/\/blogger.googleusercontent.com\/img\/b\/R29vZ2xl\/AVvXsEgVNDVn1po5y_rIOuF7oszCXoDdPDRCB8a86JV56XHca15FkURCosE74MszqyciWu1JQDbptPNhWIWnNJPT5IP2G5wf28z5NT6dreGHtzmlMaMAUKoVICE4KpjpHLDExgI1K8KrSAQE2Jw\/s320\/Isaac+Lozano+S16+2012.jpg\" width=\"320\" \/><\/a><\/td>\n<\/tr>\n<tr>\n<td class=\"tr-caption\" style=\"text-align: center\">Isaac Lozano en su primer campeonato de Espa\u00f1a<br \/>\nindividual logra 3,5 puntos<br \/>\nFoto: FEDA<\/td>\n<\/tr>\n<\/tbody>\n<\/table>\n<p><span style=\"color: blue;font-family: Verdana, sans-serif\">Por su parte, Isaac, debutaba en la competici\u00f3n nacional despu\u00e9s de una brillante trayectoria en los \u00faltimos a\u00f1os de su afici\u00f3n ajedrec\u00edstica. Su experiencia en este campeonato&nbsp;es muy importante para \u00e9l y tambi\u00e9n lo ser\u00e1 para&nbsp;los pr\u00f3ximos retos&nbsp;que tendr\u00e1 que&nbsp;afrontar representando a nuestro equipo sub-16. Finalmente, ha logrado 3,5 puntos en partidas muy&nbsp;trabajadas de m\u00e1s de 3 horas de duraci\u00f3n.<\/span><br \/>\n<span style=\"color: blue;font-family: Verdana\">\u00a1Enhorabuena para ambos!<\/span><\/p>\n","protected":false},"excerpt":{"rendered":"<p>Carlos \u00c1lvarez suma 5,5 puntos Foto: FEDA &nbsp;Ayer se clausuraba en Salobre\u00f1a el Campeonato de Espa\u00f1a Sub-16 despu\u00e9s de 6 d\u00edas de intensas y disputadas partidas. Nuestros 2 jugadores, Carlos \u00c1lvarez Serrano e Isaac Lozano Osorio, part\u00edan con distintos objetivos que cumplir y en ambos casos se han obtenido. Por una parte, Carlos, ha&nbsp;jugado con [&hellip;]<\/p>\n","protected":false},"author":1,"featured_media":3328,"comment_status":"open","ping_status":"closed","sticky":false,"template":"","format":"standard","meta":{"footnotes":""},"categories":[1],"tags":[],"class_list":["post-3327","post","type-post","status-publish","format-standard","has-post-thumbnail","hentry","category-noticias"],"_links":{"self":[{"href":"https:\/\/www.bfv.cloud\/ajedrezeuropa\/wp-json\/wp\/v2\/posts\/3327","targetHints":{"allow":["GET"]}}],"collection":[{"href":"https:\/\/www.bfv.cloud\/ajedrezeuropa\/wp-json\/wp\/v2\/posts"}],"about":[{"href":"https:\/\/www.bfv.cloud\/ajedrezeuropa\/wp-json\/wp\/v2\/types\/post"}],"author":[{"embeddable":true,"href":"https:\/\/www.bfv.cloud\/ajedrezeuropa\/wp-json\/wp\/v2\/users\/1"}],"replies":[{"embeddable":true,"href":"https:\/\/www.bfv.cloud\/ajedrezeuropa\/wp-json\/wp\/v2\/comments?post=3327"}],"version-history":[{"count":1,"href":"https:\/\/www.bfv.cloud\/ajedrezeuropa\/wp-json\/wp\/v2\/posts\/3327\/revisions"}],"predecessor-version":[{"id":3330,"href":"https:\/\/www.bfv.cloud\/ajedrezeuropa\/wp-json\/wp\/v2\/posts\/3327\/revisions\/3330"}],"wp:featuredmedia":[{"embeddable":true,"href":"https:\/\/www.bfv.cloud\/ajedrezeuropa\/wp-json\/wp\/v2\/media\/3328"}],"wp:attachment":[{"href":"https:\/\/www.bfv.cloud\/ajedrezeuropa\/wp-json\/wp\/v2\/media?parent=3327"}],"wp:term":[{"taxonomy":"category","embeddable":true,"href":"https:\/\/www.bfv.cloud\/ajedrezeuropa\/wp-json\/wp\/v2\/categories?post=3327"},{"taxonomy":"post_tag","embeddable":true,"href":"https:\/\/www.bfv.cloud\/ajedrezeuropa\/wp-json\/wp\/v2\/tags?post=3327"}],"curies":[{"name":"wp","href":"https:\/\/api.w.org\/{rel}","templated":true}]}}