{"id":3331,"date":"2016-05-16T22:59:00","date_gmt":"2016-05-16T22:59:00","guid":{"rendered":"https:\/\/www.bfv.cloud\/ajedrezeuropa\/index.php\/2016\/05\/16\/nuestro-ajedrez-en-europa-6o-clasificado-en-el-regional-por-equipos\/"},"modified":"2025-11-20T10:59:42","modified_gmt":"2025-11-20T10:59:42","slug":"nuestro-ajedrez-en-europa-6o-clasificado-en-el-regional-por-equipos","status":"publish","type":"post","link":"https:\/\/www.bfv.cloud\/ajedrezeuropa\/nuestro-ajedrez-en-europa-6o-clasificado-en-el-regional-por-equipos\/","title":{"rendered":"NUESTRO AJEDREZ EN EUROPA, 6\u00ba CLASIFICADO EN EL REGIONAL POR EQUIPOS"},"content":{"rendered":"<p><b style=\"text-align: justify\"><u><span style=\"font-size: 13.5pt\"><span style=\"font-family: Georgia, Times New Roman, serif\">BUENA<br \/>\nEXPERIENCIA DE LOS EQUIPOS DEL PROYECTO EN LA FINAL&nbsp;<\/span><\/span><\/u><\/b><b style=\"font-family: Georgia, 'Times New Roman', serif;text-align: justify\"><u><span style=\"font-size: 13.5pt\">REGIONAL<br \/>\nDE LA CATEGOR\u00cdA ABSOLUTA.<\/span><\/u><\/b><span style=\"font-family: Georgia, 'Times New Roman', serif;font-size: 14pt;text-align: justify\">&nbsp;<\/span><\/p>\n<table cellpadding=\"0\" cellspacing=\"0\" class=\"tr-caption-container\" style=\"float: right;text-align: right\">\n<tbody>\n<tr>\n<td style=\"text-align: center\"><a href=\"https:\/\/www.bfv.cloud\/ajedrezeuropa\/wp-content\/uploads\/2016\/05\/IMG-20160513-WA002.jpg\" style=\"clear: right;margin-bottom: 1em;margin-left: auto;margin-right: auto\"><img fetchpriority=\"high\" decoding=\"async\" border=\"0\" height=\"308\" src=\"https:\/\/blogger.googleusercontent.com\/img\/b\/R29vZ2xl\/AVvXsEhkqzshTnNj8FBAOsTKTSQwllNhBNZ8_f03mLmMdKQQWIVQzMEEeoVoE8U18kvptPepkOUzQjiHVHzF9Zhke7tHlA65HGVZnPsJZkuPk_Qg-_RsGdBula5UsJiEJH1VhjnvyanfmItoDjg\/s400\/IMG-20160513-WA002.jpg\" width=\"400\" \/><\/a><\/td>\n<\/tr>\n<tr>\n<td class=\"tr-caption\" style=\"text-align: center\">NUESTRO AJEDREZ EN EUROPA ha estado formado por:<br \/>Carlos \u00c1lvarez, Ana Isabel Gonz\u00e1lez, Isaac Lozano, Javier Valdepe\u00f1as,<br \/>Roberto L\u00f3pez e Irene Sim\u00f3n<\/td>\n<\/tr>\n<\/tbody>\n<\/table>\n<div style=\"margin-bottom: .0001pt;margin: 0cm;text-align: justify\">\n<span style=\"font-size: 14pt\"><span style=\"font-family: Georgia, Times New Roman, serif\">Finalizada<br \/>\nla competici\u00f3n regional por equipos, <span style=\"color: blue\">NUESTRO AJEDREZ<br \/>\nEN EUROPA, <\/span>logra la 6\u00aa plaza de la clasificaci\u00f3n, que significa obtener<br \/>\nel segundo mejor resultado de sus 12 participaciones en este campeonato. Para<br \/>\nel otro club del proyecto, <span style=\"color: blue\">NUESTRO AJEDREZ POR LA<br \/>\nIGUALDAD, <\/span>debutante en una final de esta entidad, ha quedado la 10\u00aa<br \/>\nplaza, posici\u00f3n de partida inicial de este equipo. <\/span><\/span><\/div>\n<div style=\"margin-bottom: .0001pt;margin: 0cm;text-align: justify\">\n<span style=\"font-size: 14pt\"><span style=\"font-family: Georgia, Times New Roman, serif\">Los<br \/>\n13 ajedrecistas que han afrontado la representaci\u00f3n de los dos clubes han<br \/>\nvalorado muy positivamente la experiencia y el juego desarrollado durante el<br \/>\ntorneo. En algunos encuentros bastante equilibrados hasta la fase final de las<br \/>\npartidas, los errores cometidos en los apuros de tiempo despu\u00e9s de m\u00e1s de 4<br \/>\nhoras de juego, han decidido el resultado, a veces con abultados tanteos en<br \/>\ncontra. Estas situaciones no han impedido observar una notable evoluci\u00f3n en los<br \/>\nplanteamientos estrat\u00e9gicos y t\u00e1cticos de varios de los j\u00f3venes ajedrecistas de<br \/>\n<span style=\"color: blue\">Europa <\/span>y <span style=\"color: blue\">La Igualdad.<\/span><\/span><\/span><\/div>\n<div style=\"margin-bottom: .0001pt;margin: 0cm;text-align: justify\">\n<\/div>\n<div style=\"margin-bottom: .0001pt;margin: 0cm;text-align: justify\">\n<span style=\"font-family: Georgia, Times New Roman, serif\"><b><u><span style=\"font-size: 14pt\">NUESTRO<br \/>\nAJEDREZ EN EUROPA ALCANZA SU SEGUNDO MEJOR RESULTADO EN UNA FINAL DEL REGIONAL<br \/>\nPOR EQUIPOS<\/span><\/u><\/b><span style=\"font-size: 14pt\">&nbsp;<\/p>\n<table cellpadding=\"0\" cellspacing=\"0\" class=\"tr-caption-container\" style=\"float: right;margin-left: 1em;text-align: right\">\n<tbody>\n<tr>\n<td style=\"text-align: center\"><a href=\"https:\/\/www.bfv.cloud\/ajedrezeuropa\/wp-content\/uploads\/2016\/05\/IMG-20160514-WA005.jpg\" style=\"clear: right;margin-bottom: 1em;margin-left: auto;margin-right: auto\"><img decoding=\"async\" border=\"0\" height=\"305\" src=\"https:\/\/blogger.googleusercontent.com\/img\/b\/R29vZ2xl\/AVvXsEiUG_jHG9ZDXkFwS_BCjKkBTHiknHzFxnD19D7PhK_dZquvZHYbCqVE3Vr3MODyaGk5dpjm0OPkQpGLgKwqJWGxRI7oi58ckqFpSdWqLKNXQNIFCFjGmA6PYgaU47uIugBAJO3eysRCv40\/s320\/IMG-20160514-WA005.jpg\" width=\"320\" \/><\/a><\/td>\n<\/tr>\n<tr>\n<td class=\"tr-caption\" style=\"text-align: center\">Europa al comienzo de una de las rondas del<br \/>s\u00e1bado<\/td>\n<\/tr>\n<\/tbody>\n<\/table>\n<p><\/span><\/span><\/div>\n<div style=\"margin-bottom: .0001pt;margin: 0cm;text-align: justify\">\n<span style=\"font-size: 14pt\"><span style=\"font-family: Georgia, Times New Roman, serif\">Con<br \/>\n3 victorias sobre: Todom\u00f3vil de Talavera de la Reina (3-1), Pe\u00f3n Avanzado de<br \/>\nCuenca (3-1) y La Igualdad (4-0), y otras tantas derrotas frente a: Zugzwang de<br \/>\nCiudad Real, Tomelloso y Tarazona, el equipo absoluto de <span style=\"color: blue\">Nuestro Ajedrez en Europa <\/span>logra la 6\u00aa plaza tras<br \/>\nsumar 6 puntos de encuentro y 13 de partidas, empatando a puntos y al primer<br \/>\ndesempate con el 5\u00ba clasificado, Tarazona, decidiendo a favor de los<br \/>\nalbacete\u00f1os el segundo desempate. En el hist\u00f3rico de resultados esta 6\u00aa<br \/>\nposici\u00f3n se sit\u00faa como la segunda mejor actuaci\u00f3n del equipo de Alc\u00e1zar y<br \/>\nVillafranca, s\u00f3lo superada por la 5\u00aa plaza de 2011. <\/span><\/span><\/div>\n<div style=\"margin-bottom: .0001pt;margin: 0cm;text-align: justify\">\n<\/div>\n<div style=\"margin-bottom: .0001pt;margin: 0cm;text-align: justify\">\n<b><u><span style=\"font-size: 14pt\"><span style=\"font-family: Georgia, Times New Roman, serif\">ESTRENO<br \/>\nDE NUESTRO AJEDREZ POR LA IGUALDAD<\/span><\/span><\/u><\/b><\/div>\n<table align=\"center\" cellpadding=\"0\" cellspacing=\"0\" class=\"tr-caption-container\" style=\"clear: left;float: left;margin-bottom: 1em;margin-right: 1em;text-align: left\">\n<tbody>\n<tr>\n<td style=\"text-align: center\"><a href=\"https:\/\/www.bfv.cloud\/ajedrezeuropa\/wp-content\/uploads\/2016\/05\/IMG-20160513-WA012.jpg\" style=\"clear: left;margin-bottom: 1em;margin-left: auto;margin-right: auto\"><img decoding=\"async\" border=\"0\" height=\"400\" src=\"https:\/\/blogger.googleusercontent.com\/img\/b\/R29vZ2xl\/AVvXsEjMWX9kUHHRcB78_Cp1VrwyNJJ_vBkWx-xfHj7xSInb75Dv_AhnwBNXinGxBvAoA24voGX9KuO1Z6tCacldpV3keUjXxPfGTOXs_dPlVNHFU8TZjyWKR2dbamsfASnT1WcOx2BbRVcXYnM\/s400\/IMG-20160513-WA012.jpg\" width=\"380\" \/><\/a><\/td>\n<\/tr>\n<tr>\n<td class=\"tr-caption\" style=\"text-align: center\">El equipo de LA IGUALDAD se complet\u00f3 con:<br \/>Jos\u00e9 M\u00aa Redondo, Antonio Albo y Carlos Romo<\/td>\n<\/tr>\n<\/tbody>\n<\/table>\n<table cellpadding=\"0\" cellspacing=\"0\" class=\"tr-caption-container\" style=\"clear: right;float: right;margin-bottom: 1em;text-align: left\">\n<tbody>\n<tr>\n<td style=\"text-align: center\"><a href=\"https:\/\/www.bfv.cloud\/ajedrezeuropa\/wp-content\/uploads\/2016\/05\/IMG-20160514-WA010.jpg\" style=\"clear: left;margin-bottom: 1em;margin-left: auto;margin-right: auto\"><img loading=\"lazy\" decoding=\"async\" border=\"0\" height=\"400\" src=\"https:\/\/blogger.googleusercontent.com\/img\/b\/R29vZ2xl\/AVvXsEj7sLphHqoNs8tyHbpyEX7B3ijz-uTEPnKiAoQ8_jdSxosSCUwWI69VStpq335qB4Qx9RORcfJbXKNC5-YuLjhGX1KFeEJoTQt8JHn3tBevoYVGaDLiYDZVTVB3SiS95MFyWn_WA9981kM\/s400\/IMG-20160514-WA010.jpg\" width=\"363\" \/><\/a><\/td>\n<\/tr>\n<tr>\n<td class=\"tr-caption\" style=\"text-align: center\">NUESTRO AJEDREZ POR LA IGUALDAD present\u00f3 en una<br \/>ronda su equipo m\u00e1s joven: Alonso L\u00f3pez, Enrique Velasco,<br \/>Nuria Lozano e Isabel Marcos-Alberca<\/td>\n<\/tr>\n<\/tbody>\n<\/table>\n<div style=\"margin-bottom: .0001pt;margin: 0cm;text-align: justify\">\n<span style=\"font-family: Georgia, Times New Roman, serif\"><span style=\"font-size: 14pt\">El \u00fanico club que ha debutado este a\u00f1o en la fase<br \/>\nfinal regional de este campeonato ha sido <\/span><span style=\"color: blue;font-size: 14pt\">Nuestro<br \/>\nAjedrez por la Igualdad. <\/span><span style=\"font-size: 14pt\">Para esta primera participaci\u00f3n se ha<br \/>\npresentado con unos jugadores que mezclan, por un lado, experiencia y<br \/>\ndedicaci\u00f3n a la formaci\u00f3n deportiva, y por otro, una gran proyecci\u00f3n en el<br \/>\nfuturo inmediato a pesar de su enorme juventud. En lo que a resultados se<br \/>\nrefiere, ha conseguido puntuar y muy cerca ha estado de vencer en alg\u00fan otro<br \/>\nenfrentamiento, aunque la sustancial diferencia en el ELO medio con respecto al<br \/>\nresto de formaciones presagiaba una mayor distancia en la elaboraci\u00f3n del juego<br \/>\nde la que en realidad se ha producido.<\/span><span style=\"font-size: 14pt\">&nbsp;<\/span><\/span><\/div>\n<div style=\"margin-bottom: .0001pt;margin: 0cm;text-align: justify\">\n<\/div>\n<div style=\"margin-bottom: .0001pt;margin: 0cm;text-align: justify\">\n<span style=\"font-size: 14pt\"><span style=\"font-family: Georgia, Times New Roman, serif\">Existen<br \/>\notras valoraciones a tener en cuenta aparte de los resultados. Una de las m\u00e1s<br \/>\nimportantes es la formaci\u00f3n deportiva y humana a trav\u00e9s de la competici\u00f3n. Bajo<br \/>\neste prisma, <span style=\"color: blue\">La Igualdad y Europa, <\/span>mantienen desde<br \/>\nsiempre esa orientaci\u00f3n eminentemente formativa. Basta decir que entre ambos<br \/>\nclubes han sido 7 los chicos y chicas de 10 a 17 a\u00f1os de edad que han tenido la<br \/>\noportunidad de formar parte de estos equipos senior.<\/span><span style=\"font-family: Arial, sans-serif\"><\/span><\/span><\/div>\n<div class=\"separator\" style=\"clear: both;text-align: center\">\n<\/div>\n","protected":false},"excerpt":{"rendered":"<p>BUENA EXPERIENCIA DE LOS EQUIPOS DEL PROYECTO EN LA FINAL&nbsp;REGIONAL DE LA CATEGOR\u00cdA ABSOLUTA.&nbsp; NUESTRO AJEDREZ EN EUROPA ha estado formado por:Carlos \u00c1lvarez, Ana Isabel Gonz\u00e1lez, Isaac Lozano, Javier Valdepe\u00f1as,Roberto L\u00f3pez e Irene Sim\u00f3n Finalizada la competici\u00f3n regional por equipos, NUESTRO AJEDREZ EN EUROPA, logra la 6\u00aa plaza de la clasificaci\u00f3n, que significa obtener el [&hellip;]<\/p>\n","protected":false},"author":1,"featured_media":3332,"comment_status":"open","ping_status":"closed","sticky":false,"template":"","format":"standard","meta":{"footnotes":""},"categories":[1],"tags":[],"class_list":["post-3331","post","type-post","status-publish","format-standard","has-post-thumbnail","hentry","category-noticias"],"_links":{"self":[{"href":"https:\/\/www.bfv.cloud\/ajedrezeuropa\/wp-json\/wp\/v2\/posts\/3331","targetHints":{"allow":["GET"]}}],"collection":[{"href":"https:\/\/www.bfv.cloud\/ajedrezeuropa\/wp-json\/wp\/v2\/posts"}],"about":[{"href":"https:\/\/www.bfv.cloud\/ajedrezeuropa\/wp-json\/wp\/v2\/types\/post"}],"author":[{"embeddable":true,"href":"https:\/\/www.bfv.cloud\/ajedrezeuropa\/wp-json\/wp\/v2\/users\/1"}],"replies":[{"embeddable":true,"href":"https:\/\/www.bfv.cloud\/ajedrezeuropa\/wp-json\/wp\/v2\/comments?post=3331"}],"version-history":[{"count":1,"href":"https:\/\/www.bfv.cloud\/ajedrezeuropa\/wp-json\/wp\/v2\/posts\/3331\/revisions"}],"predecessor-version":[{"id":3336,"href":"https:\/\/www.bfv.cloud\/ajedrezeuropa\/wp-json\/wp\/v2\/posts\/3331\/revisions\/3336"}],"wp:featuredmedia":[{"embeddable":true,"href":"https:\/\/www.bfv.cloud\/ajedrezeuropa\/wp-json\/wp\/v2\/media\/3332"}],"wp:attachment":[{"href":"https:\/\/www.bfv.cloud\/ajedrezeuropa\/wp-json\/wp\/v2\/media?parent=3331"}],"wp:term":[{"taxonomy":"category","embeddable":true,"href":"https:\/\/www.bfv.cloud\/ajedrezeuropa\/wp-json\/wp\/v2\/categories?post=3331"},{"taxonomy":"post_tag","embeddable":true,"href":"https:\/\/www.bfv.cloud\/ajedrezeuropa\/wp-json\/wp\/v2\/tags?post=3331"}],"curies":[{"name":"wp","href":"https:\/\/api.w.org\/{rel}","templated":true}]}}