{"id":3337,"date":"2019-04-16T10:42:00","date_gmt":"2019-04-16T10:42:00","guid":{"rendered":"https:\/\/www.bfv.cloud\/ajedrezeuropa\/index.php\/2019\/04\/16\/roberto-lopez-e-isabel-marcos-alberca-campeones-de-castilla-la-mancha\/"},"modified":"2025-11-20T10:59:52","modified_gmt":"2025-11-20T10:59:52","slug":"roberto-lopez-e-isabel-marcos-alberca-campeones-de-castilla-la-mancha","status":"publish","type":"post","link":"https:\/\/www.bfv.cloud\/ajedrezeuropa\/roberto-lopez-e-isabel-marcos-alberca-campeones-de-castilla-la-mancha\/","title":{"rendered":"\u00a1\u00a1ROBERTO L\u00d3PEZ E ISABEL MARCOS-ALBERCA, CAMPEONES DE CASTILLA-LA MANCHA!!"},"content":{"rendered":"<table align=\"center\" cellpadding=\"0\" cellspacing=\"0\" class=\"tr-caption-container\" style=\"margin-left: auto;margin-right: auto;text-align: center\">\n<tbody>\n<tr>\n<td style=\"text-align: center\"><a href=\"https:\/\/www.bfv.cloud\/ajedrezeuropa\/wp-content\/uploads\/2019\/04\/GRUPONUESTROAJEDREZ1.jpg\" style=\"margin-left: auto;margin-right: auto\"><img fetchpriority=\"high\" decoding=\"async\" border=\"0\" data-original-height=\"809\" data-original-width=\"1600\" height=\"322\" src=\"https:\/\/blogger.googleusercontent.com\/img\/b\/R29vZ2xl\/AVvXsEhiy97n6fySpzkA2no6V_P-HDbgpyWNz2i9Xp2z4jRV045Qb-bBLQ1ITgsDgdlJvYhhUsr54qv7fYNmCjWVCDpCJskwuVfv96X69glBhSsGEv9bNGGb7Sg5Xuh0R_hOWbKen3vv55x5p90\/s640\/GRUPO+NUESTRO+AJEDREZ+1.jpg\" width=\"640\" \/><\/a><\/td>\n<\/tr>\n<tr>\n<td class=\"tr-caption\" style=\"text-align: center\">La delegaci\u00f3n de Nuestro Ajedrez en Europa y Nuestro Ajedrez por la Igualdad al completo<\/td>\n<\/tr>\n<\/tbody>\n<\/table>\n<p><span style=\"font-family: Arial, Helvetica, sans-serif;font-size: large\">El Campeonato Regional por Edades vuelve a situar a los jugadores de Nuestro Ajedrez en Europa en la cima del deporte de Castilla-La Mancha. Los 19 participantes del proyecto de Alc\u00e1zar y Villafranca culminan una gran actuaci\u00f3n en un campeonato marcado por la amplia representaci\u00f3n de todos los clubes de la comunidad.<\/span><br \/>\n<span style=\"font-family: Arial, Helvetica, sans-serif;font-size: large\"><br \/><\/span><br \/>\n<span style=\"font-family: Arial, Helvetica, sans-serif;font-size: large\"><b><u>Los t\u00edtulos regionales juveniles para Roberto L\u00f3pez e Isabel Marcos-Alberca<\/u><\/b><\/span><\/p>\n<table cellpadding=\"0\" cellspacing=\"0\" class=\"tr-caption-container\" style=\"float: right;margin-left: 1em;text-align: right\">\n<tbody>\n<tr>\n<td style=\"text-align: center\"><a href=\"https:\/\/www.bfv.cloud\/ajedrezeuropa\/wp-content\/uploads\/2019\/04\/ROBERTOPODIOTOTAL.jpg\" style=\"clear: right;margin-bottom: 1em;margin-left: auto;margin-right: auto\"><img decoding=\"async\" border=\"0\" data-original-height=\"960\" data-original-width=\"764\" height=\"320\" src=\"https:\/\/blogger.googleusercontent.com\/img\/b\/R29vZ2xl\/AVvXsEjlxIF4uO3WpZTrnElG0pxUuiDJPhpPNAlEQnOqZzYguP5fHM1ni89DV2XCWCS3G2LArSE5obd9RhApSq-sr26FP7bQrpQ82hm3L8adSRK8FAlpJ_O4ZmdjrsRRbShJvJkF9DGzM0_CrsE\/s320\/ROBERTO+PODIO+TOTAL.jpg\" width=\"252\" \/><\/a><\/td>\n<\/tr>\n<tr>\n<td class=\"tr-caption\" style=\"text-align: center\">Roberto L\u00f3pez, medalla de oro juvenil<\/td>\n<\/tr>\n<\/tbody>\n<\/table>\n<table cellpadding=\"0\" cellspacing=\"0\" class=\"tr-caption-container\" style=\"float: left;text-align: left\">\n<tbody>\n<tr>\n<td style=\"text-align: center\"><a href=\"https:\/\/www.bfv.cloud\/ajedrezeuropa\/wp-content\/uploads\/2019\/04\/ISABELPODIOTOTAL.jpg\" style=\"clear: left;margin-bottom: 1em;margin-left: auto;margin-right: auto\"><img decoding=\"async\" border=\"0\" data-original-height=\"767\" data-original-width=\"787\" height=\"311\" src=\"https:\/\/blogger.googleusercontent.com\/img\/b\/R29vZ2xl\/AVvXsEjQp6lq2XekSVkx9fVAqR6-D4MPtiNB3N9JZ5T0XxAXkqkYwrlCuzBO6YCZcd8Mf1TA-hpCj2mBOw1YZyjCMim7mASBUy9F7vc2a5bZU7Vw_tTASF0X4SWE_bvZJzX8NMVJ7kdhKETIefE\/s320\/ISABEL+PODIO+TOTAL.jpg\" width=\"320\" \/><\/a><\/td>\n<\/tr>\n<tr>\n<td class=\"tr-caption\" style=\"text-align: center\">Isabel Marcos-Alberca, campeona juvenil<\/td>\n<\/tr>\n<\/tbody>\n<\/table>\n<p><span style=\"font-family: Arial, Helvetica, sans-serif;font-size: large\"><br \/><\/span><br \/>\n<span style=\"font-family: Arial, Helvetica, sans-serif;font-size: large\"><br \/><\/span><br \/>\n<span style=\"font-family: Arial, Helvetica, sans-serif;font-size: large\"><br \/><\/span><br \/>\n<span style=\"font-family: Arial, Helvetica, sans-serif;font-size: large\"><br \/><\/span><br \/>\n<span style=\"font-family: Arial, Helvetica, sans-serif;font-size: large\"><br \/><\/span><br \/>\n<span style=\"font-family: Arial, Helvetica, sans-serif;font-size: large\"><br \/><\/span><br \/>\n<span style=\"font-family: Arial, Helvetica, sans-serif;font-size: large\"><br \/><\/span><br \/>\n<span style=\"font-family: Arial, Helvetica, sans-serif;font-size: large\"><br \/><\/span><br \/>\n<span style=\"font-family: Arial, Helvetica, sans-serif;font-size: large\"><br \/><\/span><br \/>\n<span style=\"font-family: Arial, Helvetica, sans-serif;font-size: large\"><br \/><\/span><br \/>\n<span style=\"font-family: Arial, Helvetica, sans-serif;font-size: large\"><br \/><\/span><br \/>\n<span style=\"font-family: Arial, Helvetica, sans-serif;font-size: large\"><br \/><\/span><br \/>\n<span style=\"font-family: Arial, Helvetica, sans-serif;font-size: large\"><br \/><\/span><br \/>\n<span style=\"font-family: Arial, Helvetica, sans-serif;font-size: large\"><br \/><\/span><br \/>\n<span style=\"font-family: Arial, Helvetica, sans-serif;font-size: large\">En la categor\u00eda juvenil (sub-18), <b>Isabel Marcos-Alberca Lizcano<\/b> y <b>Roberto L\u00f3pez N\u00fa\u00f1ez<\/b>, se proclaman campeones regionales tras aventajar claramente a sus rivales en las 6 rondas disputadas. Es la primera ocasi\u00f3n en la que coinciden dos ajedrecistas de un mismo club en la consecuci\u00f3n de los t\u00edtulos juveniles masculino y femenino castellano-manchegos. Adem\u00e1s, <b>Adri\u00e1n Alonso<\/b>, lograba la 4\u00aa plaza de esta categor\u00eda empatado con el 3er. clasificado. El cuarto participante del proyecto en la categor\u00eda de mayor edad y de mayor nivel de juego en la comunidad aut\u00f3noma ha sido el alcazare\u00f1o:<b> Pablo Vela <\/b>en el puesto 17\u00ba.<\/span><br \/>\n<span style=\"font-family: Arial, Helvetica, sans-serif;font-size: large\"><b><u><br \/><\/u><\/b><\/span><br \/>\n<span style=\"font-family: Arial, Helvetica, sans-serif;font-size: large\"><b><u>Alfredo Amador y Clara Vela logran la 5\u00aa posici\u00f3n en el sub-16<\/u><\/b><\/span><\/p>\n<table cellpadding=\"0\" cellspacing=\"0\" class=\"tr-caption-container\" style=\"float: left;margin-right: 1em;text-align: left\">\n<tbody>\n<tr>\n<td style=\"text-align: center\"><a href=\"https:\/\/www.bfv.cloud\/ajedrezeuropa\/wp-content\/uploads\/2019\/04\/S16YS18.jpg\" style=\"clear: left;margin-bottom: 1em;margin-left: auto;margin-right: auto\"><img loading=\"lazy\" decoding=\"async\" border=\"0\" data-original-height=\"1233\" data-original-width=\"1072\" height=\"320\" src=\"https:\/\/blogger.googleusercontent.com\/img\/b\/R29vZ2xl\/AVvXsEhVMN21Y_Zj_Z-YXiCNwXPUBnH_x1FsvwFVpQURDjIMF-CCCPHvtc3MOh9wxXDs5OXRgruu5KKPf67v4Gdfho3TODsU23RQkPTFaUj_fuQeZHbj9CyMMJZefUyZsJia_shL1PWdgHR0qtA\/s320\/S16+Y+S18.jpg\" width=\"277\" \/><\/a><\/td>\n<\/tr>\n<tr>\n<td class=\"tr-caption\" style=\"text-align: center\">Alfredo, Adri\u00e1n y Roberto en los tableros de<br \/>retransmisi\u00f3n<\/td>\n<\/tr>\n<\/tbody>\n<\/table>\n<p><span style=\"font-family: Arial, Helvetica, sans-serif;font-size: large\">En el sub-16, Alfredo y Clara, se han quedado al borde de la medalla, situ\u00e1ndose en el 5\u00ba puesto marculino y femenino, respectivamente. <b>Alfredo Amador<\/b> ha afrontado el campeonato con una gran preparaci\u00f3n que le ha llevado a disputar todas las rondas en los primeros tableros de la categor\u00eda. En el femenino, <b>Clara Vela<\/b>, quedaba empatada a 3 puntos con la 2\u00aa y la 3\u00aa clasificadas, aunque un menor desempate la dejaba 5\u00aa. La representaci\u00f3n de Nuestro Ajedrez se completaba con: <b>Roberto Yeghiazaryan<\/b>, 25\u00ba, y <b>Arsenio L\u00f3pez<\/b>, 26\u00ba.<\/span><br \/>\n<span style=\"font-family: Arial, Helvetica, sans-serif;font-size: large\"><br \/><\/span><br \/>\n<span style=\"font-family: Arial, Helvetica, sans-serif;font-size: large\"><b><u>Bronce para Carlos P\u00e9rez en el sub-14<\/u><\/b><\/span><\/p>\n<table cellpadding=\"0\" cellspacing=\"0\" class=\"tr-caption-container\" style=\"float: right;margin-left: 1em;text-align: right\">\n<tbody>\n<tr>\n<td style=\"text-align: center\"><a href=\"https:\/\/www.bfv.cloud\/ajedrezeuropa\/wp-content\/uploads\/2019\/04\/CARLOSPEREZ325C225BA.jpg\" style=\"clear: right;margin-bottom: 1em;margin-left: auto;margin-right: auto\"><img loading=\"lazy\" decoding=\"async\" border=\"0\" data-original-height=\"1289\" data-original-width=\"535\" height=\"400\" src=\"https:\/\/blogger.googleusercontent.com\/img\/b\/R29vZ2xl\/AVvXsEg-23CpKYu6k7cO7UhodS2qUKuEm1sHDz-rI70BnEacvITCnNYlt2oc4z8qU1CNRnkb3EbwzO4KXoZn5rZYEiXU0BOpNKYdSQQyrK6Pmp4Fi71IjqNKzVMEmk3XhQcPq8mUJz_qoNrztjY\/s400\/CARLOS+PEREZ+3%25C2%25BA.jpg\" width=\"165\" \/><\/a><\/td>\n<\/tr>\n<tr>\n<td class=\"tr-caption\" style=\"text-align: center\">Carlos P\u00e9rez, 3\u00ba sub-14<\/td>\n<\/tr>\n<\/tbody>\n<\/table>\n<p><span style=\"font-family: Arial, Helvetica, sans-serif;font-size: large\">La categor\u00eda sub-14 se caracterizaba por una m\u00e1xima igualdad entre, al menos, 7 de los jugadores que la disputaban. De esta manera, la \u00faltima ronda se convert\u00eda en decisiva para situar a los 3 medallistas en los puestos de honor. En ese momento el control de los nervios y una adecuada tensi\u00f3n en el juego deben controlar la presi\u00f3n del resultado. Aunque no resulta nada f\u00e1cil gestionar estos tres elementos entre jugadores de entre 13 y 14 a\u00f1os de edad. Al final, los cruces en la ronda 6 deparaban un enfrentamiento en la mesa 2 de nuestros jugadores, Carlos y Alonso, decant\u00e1ndose la victoria por el primero, lo que le situaba entre el grupo de jugadores con 5 puntos. As\u00ed, <b>Carlos P\u00e9rez Manzanedo<\/b>, consegu\u00eda el bronce regional y enviaba a <b>Alonso L\u00f3pez<\/b> a la 7\u00aa plaza, aunque ambos se hab\u00edan hecho merecedores de un mejor resultado. La representaci\u00f3n de las escuelas alcazare\u00f1a y villafranquera se completaba con: <b>Adri\u00e1n Alhambra<\/b>, 20\u00ba; <b>Gabriel Amador<\/b>, 31\u00ba; <b>Marta Vela<\/b>, 9\u00aa femenina y <b>Aurora Corrales<\/b>, 10\u00aa femenina.<\/span><br \/>\n<span style=\"font-family: Arial, Helvetica, sans-serif;font-size: large\"><br \/><\/span><br \/>\n<span style=\"font-family: Arial, Helvetica, sans-serif;font-size: large\">Las 3 categor\u00edas de edad reservadas a los m\u00e1s peque\u00f1os (S-12, S-10 y S-8) quedaban en manos de los 5 jugadores que formar\u00e1n el equipo sub-12 de Nuestro Ajedrez por la Igualdad en las competiciones de clubes de 2019.<\/span><\/p>\n<table cellpadding=\"0\" cellspacing=\"0\" class=\"tr-caption-container\" style=\"float: left;margin-right: 1em;text-align: left\">\n<tbody>\n<tr>\n<td style=\"text-align: center\"><a href=\"https:\/\/www.bfv.cloud\/ajedrezeuropa\/wp-content\/uploads\/2019\/04\/AngelyAngelJavier.jpg\" style=\"clear: left;margin-bottom: 1em;margin-left: auto;margin-right: auto\"><img loading=\"lazy\" decoding=\"async\" border=\"0\" data-original-height=\"829\" data-original-width=\"240\" height=\"400\" src=\"https:\/\/blogger.googleusercontent.com\/img\/b\/R29vZ2xl\/AVvXsEjIdM-OQmrDFX5er1CIuaFQR86KosuUDYC3jigSdSQ_rpnGjSt4x6oqmIS0uyDGK_RKOuRb_36RzvULQGqBjEDQxIuiI1F2Z_b0Qmm5vyQEbtRz-kVoTJ71_XRFmBMd1tE9sKRVjC33atA\/s400\/Angel+y+Angel+Javier.jpg\" width=\"113\" \/><\/a><\/td>\n<\/tr>\n<tr>\n<td class=\"tr-caption\" style=\"text-align: center\">\u00c1ngel y \u00c1ngel Javier<\/td>\n<\/tr>\n<\/tbody>\n<\/table>\n<p><span style=\"font-family: Arial, Helvetica, sans-serif;font-size: large\"><b><u><br \/><\/u><\/b><\/span><br \/>\n<span style=\"font-family: Arial, Helvetica, sans-serif;font-size: large\"><b><u>\u00c1ngel Collado roza el bronce en el sub-12 y queda 5\u00ba<\/u><\/b><\/span><br \/>\n<span style=\"font-family: Arial, Helvetica, sans-serif;font-size: large\">Era la segunda vez en la que <b>\u00c1ngel Collado<\/b> participaba en un regional individual sub-12 y su juego ha resultado tan bueno que le ha permitido luchar, hasta el final, por un puesto de honor. Las tablas que acordaba en la \u00faltima ronda lo situaban en la 5\u00aa posici\u00f3n, al p\u00ede de las medallas, empatado a 4,5 puntos con el 3er. clasificado y a medio punto del desempate. Por su parte, <b>\u00c1ngel Javier Pozos<\/b>, quedaba en el puesto 19\u00ba tras sumar 3 puntos en las 6 rondas disputadas.<\/span><br \/>\n<span style=\"font-family: Arial, Helvetica, sans-serif;font-size: large\">Los dos tienen por delante una larga temporada en la que ir\u00e1n creciendo en experiencia y en conocimientos.<\/span><br \/>\n<span style=\"font-family: Arial, Helvetica, sans-serif;font-size: large\"><br \/><\/span><br \/>\n<span style=\"font-family: Arial, Helvetica, sans-serif;font-size: large\"><b><u>Los 3 noveles del proyecto, en el sub-10 y el sub-8, a una gran altura<\/u><\/b><\/span><\/p>\n<table cellpadding=\"0\" cellspacing=\"0\" class=\"tr-caption-container\" style=\"float: right;margin-left: 1em;text-align: right\">\n<tbody>\n<tr>\n<td style=\"text-align: center\"><a href=\"https:\/\/www.bfv.cloud\/ajedrezeuropa\/wp-content\/uploads\/2019\/04\/JOSEMIGUELROMERO.jpg\" style=\"clear: right;margin-bottom: 1em;margin-left: auto;margin-right: auto\"><img loading=\"lazy\" decoding=\"async\" border=\"0\" data-original-height=\"1150\" data-original-width=\"1009\" height=\"320\" src=\"https:\/\/blogger.googleusercontent.com\/img\/b\/R29vZ2xl\/AVvXsEg1o7-tRFhtkcAi3CWWJHKXAZkGNglK4ab1bBYWc5cXmktlvlEAtXlECraqp0kQHO7ujXUQmjLJYdpBOvlcny4dqVeIXF0bGTjAtlxBKJqPsHy1u0aeEiKQ-0LqOR1jKWiGRt1hctbffe8\/s320\/JOSE+MIGUEL+ROMERO.jpg\" width=\"280\" \/><\/a><\/td>\n<\/tr>\n<tr>\n<td class=\"tr-caption\" style=\"text-align: center\">Jos\u00e9 Miguel ante el tablero<\/td>\n<\/tr>\n<\/tbody>\n<\/table>\n<p><span style=\"font-family: Arial, Helvetica, sans-serif;font-size: large\">Este campeonato ha servido para que 3 peque\u00f1os ajedrecistas de la escuela de Alc\u00e1zar de San Juan hagan sus primeros movimientos en el tablero dentro de un torneo de \u00e1mbito regional. <b>Luis Arias <\/b>en el sub-10, <b>Jos\u00e9 Miguel Romero<\/b>&nbsp;en sub-8 y <b>Jaime Vila<\/b>&nbsp;tambi\u00e9n en sub-8, completaban un gran torneo despu\u00e9s de jugar 9 rondas en las que han tenido oportunidad de mejorar su forma de afrontar las partidas y mejorar sus conocimientos t\u00e9cnicos.<\/span><\/p>\n<table cellpadding=\"0\" cellspacing=\"0\" class=\"tr-caption-container\" style=\"float: left;margin-right: 1em;text-align: left\">\n<tbody>\n<tr>\n<td style=\"text-align: center\"><a href=\"https:\/\/www.bfv.cloud\/ajedrezeuropa\/wp-content\/uploads\/2019\/04\/LUISARIAS.jpg\" style=\"clear: left;margin-bottom: 1em;margin-left: auto;margin-right: auto\"><img loading=\"lazy\" decoding=\"async\" border=\"0\" data-original-height=\"1129\" data-original-width=\"748\" height=\"320\" src=\"https:\/\/blogger.googleusercontent.com\/img\/b\/R29vZ2xl\/AVvXsEi30K6q-FbulW4NFpcqFiklRE7u7xoPn505obL2OexErib5QKUxpp2F60PaQp-MQNMlHa3iADcC3Do3-rXBeXNQtrlKWHVM368Dp-7Ucz8_UfoGWI6khHUYMJdMsNtx-QRgBUxDNKA34Gc\/s320\/LUIS+ARIAS.jpg\" width=\"210\" \/><\/a><\/td>\n<\/tr>\n<tr>\n<td class=\"tr-caption\" style=\"text-align: center\">Luis Arias<\/td>\n<\/tr>\n<\/tbody>\n<\/table>\n<p><span style=\"font-family: Arial, Helvetica, sans-serif;font-size: large\">En sub-10, Luis, sumaba 4 puntos y alcanzaba la 31\u00aa plaza de 48 jugadores.<\/span><\/p>\n<table cellpadding=\"0\" cellspacing=\"0\" class=\"tr-caption-container\" style=\"float: right;margin-left: 1em;text-align: right\">\n<tbody>\n<tr>\n<td style=\"text-align: center\"><a href=\"https:\/\/www.bfv.cloud\/ajedrezeuropa\/wp-content\/uploads\/2019\/04\/JAIMEVILA1.jpg\" style=\"clear: right;margin-bottom: 1em;margin-left: auto;margin-right: auto\"><img loading=\"lazy\" decoding=\"async\" border=\"0\" data-original-height=\"1471\" data-original-width=\"1083\" height=\"320\" src=\"https:\/\/blogger.googleusercontent.com\/img\/b\/R29vZ2xl\/AVvXsEi9N67nuzYVfLyF0QD_H3bO4p2hYChKOCvvLstPZgHPZp-5_7OmKXqzgXjonmtLifYjHASwGRoEIJh9fwp2z_UjSEwZFhLjHHav2gnOZaWYi6aNeDGrpngre1dcWmo5nvDjajxiHnQUNrs\/s320\/JAIME+VILA+1.jpg\" width=\"235\" \/><\/a><\/td>\n<\/tr>\n<tr>\n<td class=\"tr-caption\" style=\"text-align: center\">Jaime Vila<\/td>\n<\/tr>\n<\/tbody>\n<\/table>\n<p><span style=\"font-family: Arial, Helvetica, sans-serif;font-size: large\">En sub-8, Jos\u00e9 Miguel, lograba 5,5 puntos y quedaba 7\u00ba a tan solo 1 punto del 3er. clasificado. Mientras, Jaime, con 4 puntos se situaba 19\u00ba de un total de 27 ni\u00f1os.<\/span><br \/>\n<span style=\"font-family: Arial, Helvetica, sans-serif;font-size: large\"><br \/><\/span><br \/>\n<span style=\"font-family: Arial, Helvetica, sans-serif;font-size: large\">Agradecemos a los 3 j\u00f3venes preparadores que hemos tenido en este campeonato todo su trabajo y esfuerzo: <b>Isaac Lozano, Irene Sim\u00f3n <\/b>y <b>Silvia Toribio<\/b>&nbsp;contin\u00faan con la colaboraci\u00f3n que siempre han tenido nuestros jugadores al superar la edad juvenil. Tambi\u00e9n queremos agradecer su ayuda a <b>Jorge Sim\u00f3n<\/b>, as\u00ed como a los familiares de los 19 chicos y chicas que los han acompa\u00f1ado en la estancia en Torrijos y en los viajes de ida y vuelta.<\/span><br \/>\n<span style=\"font-family: Arial, Helvetica, sans-serif;font-size: large\">\u00a1\u00a1Enhorabuena a todos!!<\/span><\/p>\n<div class=\"separator\" style=\"clear: both;text-align: center\">\n<\/div>\n<p><\/p>\n<table align=\"center\" cellpadding=\"0\" cellspacing=\"0\" class=\"tr-caption-container\" style=\"margin-left: auto;margin-right: auto;text-align: center\">\n<tbody>\n<tr>\n<td style=\"text-align: center\"><a href=\"https:\/\/www.bfv.cloud\/ajedrezeuropa\/wp-content\/uploads\/2019\/04\/IMG_20190415_142234_resized_20190415_064228344.jpg\" style=\"margin-left: auto;margin-right: auto\"><img loading=\"lazy\" decoding=\"async\" border=\"0\" data-original-height=\"928\" data-original-width=\"1600\" height=\"370\" src=\"https:\/\/blogger.googleusercontent.com\/img\/b\/R29vZ2xl\/AVvXsEipZLHf4KRB_CXlGRo6nDmzJXPgdIxmOz57wFsEom9epm9RGz3NFN_YdqgqOaSiKWum_8J1Qvf5J9hFrZyijDXpkUf2A0OzCphnmJ7-sJOt8KpbJ9KKFVHq_MyxyE1-XRP5OZiGD_NjJNQ\/s640\/IMG_20190415_142234_resized_20190415_064228344.jpg\" width=\"640\" \/><\/a><\/td>\n<\/tr>\n<tr>\n<td class=\"tr-caption\" style=\"text-align: center\">El grupo de jugadores junto a las autoridades que acompa\u00f1aron la clausura del campeonato<\/td>\n<\/tr>\n<\/tbody>\n<\/table>\n<p><span style=\"font-family: Arial, Helvetica, sans-serif;font-size: large\"><br \/><\/span><br \/><\/p>\n","protected":false},"excerpt":{"rendered":"<p>La delegaci\u00f3n de Nuestro Ajedrez en Europa y Nuestro Ajedrez por la Igualdad al completo El Campeonato Regional por Edades vuelve a situar a los jugadores de Nuestro Ajedrez en Europa en la cima del deporte de Castilla-La Mancha. Los 19 participantes del proyecto de Alc\u00e1zar y Villafranca culminan una gran actuaci\u00f3n en un campeonato [&hellip;]<\/p>\n","protected":false},"author":1,"featured_media":3338,"comment_status":"open","ping_status":"closed","sticky":false,"template":"","format":"standard","meta":{"footnotes":""},"categories":[1],"tags":[],"class_list":["post-3337","post","type-post","status-publish","format-standard","has-post-thumbnail","hentry","category-noticias"],"_links":{"self":[{"href":"https:\/\/www.bfv.cloud\/ajedrezeuropa\/wp-json\/wp\/v2\/posts\/3337","targetHints":{"allow":["GET"]}}],"collection":[{"href":"https:\/\/www.bfv.cloud\/ajedrezeuropa\/wp-json\/wp\/v2\/posts"}],"about":[{"href":"https:\/\/www.bfv.cloud\/ajedrezeuropa\/wp-json\/wp\/v2\/types\/post"}],"author":[{"embeddable":true,"href":"https:\/\/www.bfv.cloud\/ajedrezeuropa\/wp-json\/wp\/v2\/users\/1"}],"replies":[{"embeddable":true,"href":"https:\/\/www.bfv.cloud\/ajedrezeuropa\/wp-json\/wp\/v2\/comments?post=3337"}],"version-history":[{"count":1,"href":"https:\/\/www.bfv.cloud\/ajedrezeuropa\/wp-json\/wp\/v2\/posts\/3337\/revisions"}],"predecessor-version":[{"id":3348,"href":"https:\/\/www.bfv.cloud\/ajedrezeuropa\/wp-json\/wp\/v2\/posts\/3337\/revisions\/3348"}],"wp:featuredmedia":[{"embeddable":true,"href":"https:\/\/www.bfv.cloud\/ajedrezeuropa\/wp-json\/wp\/v2\/media\/3338"}],"wp:attachment":[{"href":"https:\/\/www.bfv.cloud\/ajedrezeuropa\/wp-json\/wp\/v2\/media?parent=3337"}],"wp:term":[{"taxonomy":"category","embeddable":true,"href":"https:\/\/www.bfv.cloud\/ajedrezeuropa\/wp-json\/wp\/v2\/categories?post=3337"},{"taxonomy":"post_tag","embeddable":true,"href":"https:\/\/www.bfv.cloud\/ajedrezeuropa\/wp-json\/wp\/v2\/tags?post=3337"}],"curies":[{"name":"wp","href":"https:\/\/api.w.org\/{rel}","templated":true}]}}