{"id":335,"date":"2012-06-24T21:03:00","date_gmt":"2012-06-24T21:03:00","guid":{"rendered":"https:\/\/www.bfv.cloud\/ajedrezeuropa\/index.php\/2012\/06\/24\/clasificados-para-el-regional-por-equipos-sub-16\/"},"modified":"2025-11-20T10:16:23","modified_gmt":"2025-11-20T10:16:23","slug":"clasificados-para-el-regional-por-equipos-sub-16","status":"publish","type":"post","link":"https:\/\/www.bfv.cloud\/ajedrezeuropa\/clasificados-para-el-regional-por-equipos-sub-16\/","title":{"rendered":"CLASIFICADOS PARA EL REGIONAL POR EQUIPOS SUB-16"},"content":{"rendered":"<table cellpadding=\"0\" cellspacing=\"0\" class=\"tr-caption-container\" style=\"float: right;margin-left: 1em;text-align: right\">\n<tbody>\n<tr>\n<td style=\"text-align: center\"><a href=\"https:\/\/www.bfv.cloud\/ajedrezeuropa\/wp-content\/uploads\/2012\/06\/provincialequiposToledoS-16001.jpg\" style=\"clear: right;margin-bottom: 1em;margin-left: auto;margin-right: auto\"><img fetchpriority=\"high\" decoding=\"async\" border=\"0\" height=\"300\" src=\"https:\/\/blogger.googleusercontent.com\/img\/b\/R29vZ2xl\/AVvXsEhMSvFUn34KK3hcxFMtG22DLYFdQiscZJD6OM09OjqI3s4N9G-2lWZD2Tl7Jio-79ug9Z0o0wcKtXNMOP3R-erTSBguQZF_midrHYs1RHutJcgF80WCb3L1jL_6367rPPo9KFhXz66d6Gg\/s400\/provincial+equipos+Toledo+S-16+001.jpg\" width=\"400\" \/><\/a><\/td>\n<\/tr>\n<tr>\n<td class=\"tr-caption\" style=\"text-align: center\">La 1\u00aa ronda enfrent\u00f3 a los equipos de nuestros 2 clubes<\/td>\n<\/tr>\n<\/tbody>\n<\/table>\n<p>&nbsp;<span style=\"color: blue;font-family: Verdana, sans-serif\">El magn\u00edfico edificio de la Fundaci\u00f3n CCM de Toledo alberg\u00f3 esta competici\u00f3n por equipos S-16 en la que 2 clubes han logrado clasificarse para la fase regional. Este regional ha modificado su lugar de celebraci\u00f3n, pasando a ser la residencia universitaria Alonso de Ojeda en Cuenca,&nbsp;aunque permanecen las fechas del 23 al 26 de julio. <\/span><br \/>\n<span style=\"color: blue;font-family: Verdana, sans-serif\">Los equipos clasificados para el Campeonato de Castilla-La Mancha son:<\/span><\/p>\n<table cellpadding=\"0\" cellspacing=\"0\" class=\"tr-caption-container\" style=\"float: left;margin-right: 1em;text-align: left\">\n<tbody>\n<tr>\n<td style=\"text-align: center\"><a href=\"https:\/\/www.bfv.cloud\/ajedrezeuropa\/wp-content\/uploads\/2012\/06\/provincialequiposToledoS-16004.jpg\" style=\"clear: left;margin-bottom: 1em;margin-left: auto;margin-right: auto\"><img decoding=\"async\" border=\"0\" height=\"320\" src=\"https:\/\/blogger.googleusercontent.com\/img\/b\/R29vZ2xl\/AVvXsEjwhWorIVtQ_stuWyqK4AeAHTNYDcGE6BpcJ_vFX8sK6ID1V6ei3O6fGOGVQq0LA_quIcKCLppG0z6jDVq6qexJisiKvmfqm10U3iUHVm1RfTzOLzufRDfPJDUj8kKuT3_Jnmq6vPUbo6U\/s320\/provincial+equipos+Toledo+S-16+004.jpg\" width=\"240\" \/><\/a><\/td>\n<\/tr>\n<tr>\n<td class=\"tr-caption\" style=\"text-align: center\">Muy cerca de la impresionante catedral de Toledo<br \/>\nse encuentra el remodelado edificio de la<br \/>\nFundaci\u00f3n CCM<\/td>\n<\/tr>\n<\/tbody>\n<\/table>\n<p>\ufeff\ufeff<\/p>\n<div style=\"text-align: center\"><span style=\"color: blue;font-family: Verdana\">&#8211; Club Ajedrez Tomelloso<\/span><\/div>\n<div style=\"text-align: center\"><span style=\"color: blue;font-family: Verdana\">&#8211; Club Ajedrez Almagro<\/span><\/div>\n<div style=\"text-align: center\"><span style=\"color: blue;font-family: Verdana\">&#8211; Club Ajedrez Bargas<\/span><\/div>\n<div style=\"text-align: center\"><span style=\"color: blue;font-family: Verdana\">&#8211; Club Nuestro Ajedrez en Europa<\/span><\/div>\n<div style=\"text-align: center\"><span style=\"color: blue;font-family: Verdana\">&#8211; Club Ajedrez Ateneo de Albacete<\/span><\/div>\n<div style=\"text-align: center\"><span style=\"color: blue;font-family: Verdana\">&#8211; Club Ajedrez Almansa<\/span><\/div>\n<div style=\"text-align: center\"><span style=\"color: blue;font-family: Verdana\">&#8211; CDE Cuenca 2016<\/span><\/div>\n<div style=\"text-align: center\"><\/div>\n<table cellpadding=\"0\" cellspacing=\"0\" class=\"tr-caption-container\" style=\"float: left;margin-right: 1em;text-align: left\">\n<tbody>\n<tr>\n<td style=\"text-align: center\"><a href=\"https:\/\/www.bfv.cloud\/ajedrezeuropa\/wp-content\/uploads\/2012\/06\/provincialequiposToledoS-16005.jpg\" style=\"clear: left;margin-bottom: 1em;margin-left: auto;margin-right: auto\"><img decoding=\"async\" border=\"0\" height=\"300\" src=\"https:\/\/blogger.googleusercontent.com\/img\/b\/R29vZ2xl\/AVvXsEjsSNH2UcsnCu6HP9eTah6GhE2oVrb2KRsjauUjxm1jc9EbMS7KgsjSuOnHKPaHvUw45q_7dL7tppCC4PimpPUABC7RyTZC-yrNF2wl9EBNaMIG1SCO8m8EmLNZPaxCuQaIq71SFGH6WS4\/s400\/provincial+equipos+Toledo+S-16+005.jpg\" width=\"400\" \/><\/a><\/td>\n<\/tr>\n<tr>\n<td class=\"tr-caption\" style=\"text-align: center\">Un equipo totalmente renovado, pero con grandes ambiciones<\/td>\n<\/tr>\n<\/tbody>\n<\/table>\n<p><span style=\"color: blue;font-family: Verdana, sans-serif\">Como hemos indicado en alguna ocasi\u00f3n anterior, la temporada de este a\u00f1o es todo un reto para el proyecto conjunto de las escuelas de ajedrez de Alc\u00e1zar y Villafranca, no s\u00f3lo por la renovaci\u00f3n absoluta de nuestros 2&nbsp;equipos sub-16, tambi\u00e9n por los objetivos deportivos basados en el mantenimiento de un alto nivel competitivo y en la potenciaci\u00f3n de los grupos de iniciaci\u00f3n. Basta decir que 6 de los 10 jugadores que nos representaron en la fase final del Campeonato de Espa\u00f1a por Equipos de Club S-16 han superado la edad para jugar en esta categor\u00eda y que en la actualidad son un total de 8 chicos los que se han incorporado a nuestras formaciones. Aunque los que nos segu\u00eds habitualmente conoc\u00e9is&nbsp;nuestro pensamiento acerca&nbsp;del valor de las cosas&nbsp;cuando las dificultades crecen, porque seguro que ese ser\u00e1 el momento para lograr mejorar y ampliar nuestra visi\u00f3n del horizonte.<\/span><\/p>\n<table align=\"center\" cellpadding=\"0\" cellspacing=\"0\" class=\"tr-caption-container\" style=\"margin-left: auto;margin-right: auto;text-align: center\">\n<tbody>\n<tr>\n<td style=\"text-align: center\"><a href=\"https:\/\/www.bfv.cloud\/ajedrezeuropa\/wp-content\/uploads\/2012\/06\/provincialequiposToledoS-16006.jpg\" style=\"margin-left: auto;margin-right: auto\"><img loading=\"lazy\" decoding=\"async\" border=\"0\" height=\"300\" src=\"https:\/\/blogger.googleusercontent.com\/img\/b\/R29vZ2xl\/AVvXsEhMbRVda7nPuWUWawZMh8jzvulqjDawZRh1HtHMPaoGPEYR-mlKLLnOGnpQU8b6GyE_b9hvadQnH0pkHaumtiwptJiE4qk7bNVBb2A3J_w4Y0cMj0l71tSoFaeRQ2zODgaKU5OwCd2gctM\/s400\/provincial+equipos+Toledo+S-16+006.jpg\" width=\"400\" \/><\/a><\/td>\n<\/tr>\n<tr>\n<td class=\"tr-caption\" style=\"text-align: center\">5 de los jugadores de Nuestro por Ajedrez por la Igualdad, todos<br \/>\n&nbsp;ellos debutantes en esta competici\u00f3n<\/td>\n<\/tr>\n<\/tbody>\n<\/table>\n","protected":false},"excerpt":{"rendered":"<p>La 1\u00aa ronda enfrent\u00f3 a los equipos de nuestros 2 clubes &nbsp;El magn\u00edfico edificio de la Fundaci\u00f3n CCM de Toledo alberg\u00f3 esta competici\u00f3n por equipos S-16 en la que 2 clubes han logrado clasificarse para la fase regional. Este regional ha modificado su lugar de celebraci\u00f3n, pasando a ser la residencia universitaria Alonso de Ojeda [&hellip;]<\/p>\n","protected":false},"author":1,"featured_media":336,"comment_status":"open","ping_status":"closed","sticky":false,"template":"","format":"standard","meta":{"footnotes":""},"categories":[1],"tags":[],"class_list":["post-335","post","type-post","status-publish","format-standard","has-post-thumbnail","hentry","category-noticias"],"_links":{"self":[{"href":"https:\/\/www.bfv.cloud\/ajedrezeuropa\/wp-json\/wp\/v2\/posts\/335","targetHints":{"allow":["GET"]}}],"collection":[{"href":"https:\/\/www.bfv.cloud\/ajedrezeuropa\/wp-json\/wp\/v2\/posts"}],"about":[{"href":"https:\/\/www.bfv.cloud\/ajedrezeuropa\/wp-json\/wp\/v2\/types\/post"}],"author":[{"embeddable":true,"href":"https:\/\/www.bfv.cloud\/ajedrezeuropa\/wp-json\/wp\/v2\/users\/1"}],"replies":[{"embeddable":true,"href":"https:\/\/www.bfv.cloud\/ajedrezeuropa\/wp-json\/wp\/v2\/comments?post=335"}],"version-history":[{"count":1,"href":"https:\/\/www.bfv.cloud\/ajedrezeuropa\/wp-json\/wp\/v2\/posts\/335\/revisions"}],"predecessor-version":[{"id":340,"href":"https:\/\/www.bfv.cloud\/ajedrezeuropa\/wp-json\/wp\/v2\/posts\/335\/revisions\/340"}],"wp:featuredmedia":[{"embeddable":true,"href":"https:\/\/www.bfv.cloud\/ajedrezeuropa\/wp-json\/wp\/v2\/media\/336"}],"wp:attachment":[{"href":"https:\/\/www.bfv.cloud\/ajedrezeuropa\/wp-json\/wp\/v2\/media?parent=335"}],"wp:term":[{"taxonomy":"category","embeddable":true,"href":"https:\/\/www.bfv.cloud\/ajedrezeuropa\/wp-json\/wp\/v2\/categories?post=335"},{"taxonomy":"post_tag","embeddable":true,"href":"https:\/\/www.bfv.cloud\/ajedrezeuropa\/wp-json\/wp\/v2\/tags?post=335"}],"curies":[{"name":"wp","href":"https:\/\/api.w.org\/{rel}","templated":true}]}}