{"id":3353,"date":"2015-02-26T14:27:00","date_gmt":"2015-02-26T14:27:00","guid":{"rendered":"https:\/\/www.bfv.cloud\/ajedrezeuropa\/index.php\/2015\/02\/26\/hablando-con-los-protagonistas-en-la-seccion-en-jaque-de-radio-villacanas\/"},"modified":"2025-11-20T11:00:02","modified_gmt":"2025-11-20T11:00:02","slug":"hablando-con-los-protagonistas-en-la-seccion-en-jaque-de-radio-villacanas","status":"publish","type":"post","link":"https:\/\/www.bfv.cloud\/ajedrezeuropa\/hablando-con-los-protagonistas-en-la-seccion-en-jaque-de-radio-villacanas\/","title":{"rendered":"HABLANDO CON LOS PROTAGONISTAS EN LA SECCI\u00d3N \u00abEN JAQUE\u00bb DE RADIO VILLACA\u00d1AS"},"content":{"rendered":"<p>Hoy &nbsp;la secci\u00f3n \u00abEn jaque\u00bb de radio Villaca\u00f1as ha estado dedicada a conversar con los chicos y chicas de nuestra escuela reci\u00e9n llegados del CRDEE de Toledo. La grabaci\u00f3n tuvo lugar &nbsp;el s\u00e1bado 21 de febrero en la escuela de ajedrez de Villafranca por v\u00eda telef\u00f3nica. Ellos nos cuentan a trav\u00e9s de las preguntas de Rosa su visi\u00f3n del ajedrez &nbsp;y hablan de sus resultados en los campeonatos provinciales .\u00a1\u00a1Esperamos que os guste!!<br \/>\n<iframe allowfullscreen=\"\" frameborder=\"0\" height=\"200\" src=\"http:\/\/www.ivoox.com\/player_ej_4136625_4_1.html?c1=ff6600\"><\/iframe><\/p>\n<p><\/p>\n<table cellpadding=\"0\" cellspacing=\"0\" class=\"tr-caption-container\" style=\"float: left;margin-right: 1em;text-align: left\">\n<tbody>\n<tr>\n<td style=\"text-align: center\"><a href=\"https:\/\/www.bfv.cloud\/ajedrezeuropa\/wp-content\/uploads\/2015\/02\/SAM_1528.jpg\" style=\"clear: left;margin-bottom: 1em;margin-left: auto;margin-right: auto\"><img fetchpriority=\"high\" decoding=\"async\" border=\"0\" src=\"https:\/\/www.bfv.cloud\/ajedrezeuropa\/wp-content\/uploads\/2015\/02\/SAM_1528.jpg\" height=\"240\" width=\"320\" \/><\/a><\/td>\n<\/tr>\n<tr>\n<td class=\"tr-caption\" style=\"text-align: center\">Irene Sim\u00f3n y Roberto L\u00f3pez fueron los primeros en intervenir<\/td>\n<\/tr>\n<\/tbody>\n<\/table>\n<table align=\"center\" cellpadding=\"0\" cellspacing=\"0\" class=\"tr-caption-container\" style=\"float: right;margin-left: 1em;text-align: right\">\n<tbody>\n<tr>\n<td style=\"text-align: center\"><a href=\"https:\/\/www.bfv.cloud\/ajedrezeuropa\/wp-content\/uploads\/2015\/02\/SAM_1531.jpg\" style=\"margin-left: auto;margin-right: auto\"><img decoding=\"async\" border=\"0\" src=\"https:\/\/www.bfv.cloud\/ajedrezeuropa\/wp-content\/uploads\/2015\/02\/SAM_1531.jpg\" height=\"300\" width=\"320\" \/><\/a><\/td>\n<\/tr>\n<tr>\n<td class=\"tr-caption\" style=\"text-align: center\">Roberto al habla y &nbsp;a su lado Alfredo Amador esperando su turno<\/td>\n<\/tr>\n<\/tbody>\n<\/table>\n<p><\/p>\n<div class=\"separator\" style=\"clear: both;text-align: center\">\n<\/div>\n<table cellpadding=\"0\" cellspacing=\"0\" class=\"tr-caption-container\" style=\"float: right;text-align: left\">\n<tbody>\n<tr>\n<td style=\"text-align: center\"><a href=\"https:\/\/www.bfv.cloud\/ajedrezeuropa\/wp-content\/uploads\/2015\/02\/SAM_1532.jpg\" style=\"clear: right;margin-bottom: 1em;margin-left: auto;margin-right: auto\"><img decoding=\"async\" border=\"0\" src=\"https:\/\/www.bfv.cloud\/ajedrezeuropa\/wp-content\/uploads\/2015\/02\/SAM_1532.jpg\" height=\"263\" width=\"320\" \/><\/a><\/td>\n<\/tr>\n<tr>\n<td class=\"tr-caption\" style=\"text-align: center\">Juanfran Mar\u00edn y Mar\u00eda Oliver esperan a &nbsp;ser llamados para<br \/>\nhablar con Rosa<\/td>\n<\/tr>\n<\/tbody>\n<\/table>\n<p><\/p>\n<table cellpadding=\"0\" cellspacing=\"0\" class=\"tr-caption-container\" style=\"float: left;margin-right: 1em;text-align: left\">\n<tbody>\n<tr>\n<td style=\"text-align: center\"><a href=\"https:\/\/www.bfv.cloud\/ajedrezeuropa\/wp-content\/uploads\/2015\/02\/SAM_1537.jpg\" style=\"clear: left;margin-bottom: 1em;margin-left: auto;margin-right: auto\"><img loading=\"lazy\" decoding=\"async\" border=\"0\" src=\"https:\/\/www.bfv.cloud\/ajedrezeuropa\/wp-content\/uploads\/2015\/02\/SAM_1537.jpg\" height=\"240\" width=\"320\" \/><\/a><\/td>\n<\/tr>\n<tr>\n<td class=\"tr-caption\" style=\"text-align: center\">Julia Meza cuenta su experiencia y &nbsp;a su lado Gabriel Amador<br \/>\nque con &nbsp;nueve a\u00f1os fue el m\u00e1s joven en intervenir en las ondas.&nbsp;<\/td>\n<\/tr>\n<\/tbody>\n<\/table>\n<div class=\"separator\" style=\"clear: both;text-align: center\">\n<\/div>\n","protected":false},"excerpt":{"rendered":"<p>Hoy &nbsp;la secci\u00f3n \u00abEn jaque\u00bb de radio Villaca\u00f1as ha estado dedicada a conversar con los chicos y chicas de nuestra escuela reci\u00e9n llegados del CRDEE de Toledo. La grabaci\u00f3n tuvo lugar &nbsp;el s\u00e1bado 21 de febrero en la escuela de ajedrez de Villafranca por v\u00eda telef\u00f3nica. Ellos nos cuentan a trav\u00e9s de las preguntas de [&hellip;]<\/p>\n","protected":false},"author":1,"featured_media":3354,"comment_status":"open","ping_status":"closed","sticky":false,"template":"","format":"standard","meta":{"footnotes":""},"categories":[1],"tags":[],"class_list":["post-3353","post","type-post","status-publish","format-standard","has-post-thumbnail","hentry","category-noticias"],"_links":{"self":[{"href":"https:\/\/www.bfv.cloud\/ajedrezeuropa\/wp-json\/wp\/v2\/posts\/3353","targetHints":{"allow":["GET"]}}],"collection":[{"href":"https:\/\/www.bfv.cloud\/ajedrezeuropa\/wp-json\/wp\/v2\/posts"}],"about":[{"href":"https:\/\/www.bfv.cloud\/ajedrezeuropa\/wp-json\/wp\/v2\/types\/post"}],"author":[{"embeddable":true,"href":"https:\/\/www.bfv.cloud\/ajedrezeuropa\/wp-json\/wp\/v2\/users\/1"}],"replies":[{"embeddable":true,"href":"https:\/\/www.bfv.cloud\/ajedrezeuropa\/wp-json\/wp\/v2\/comments?post=3353"}],"version-history":[{"count":1,"href":"https:\/\/www.bfv.cloud\/ajedrezeuropa\/wp-json\/wp\/v2\/posts\/3353\/revisions"}],"predecessor-version":[{"id":3358,"href":"https:\/\/www.bfv.cloud\/ajedrezeuropa\/wp-json\/wp\/v2\/posts\/3353\/revisions\/3358"}],"wp:featuredmedia":[{"embeddable":true,"href":"https:\/\/www.bfv.cloud\/ajedrezeuropa\/wp-json\/wp\/v2\/media\/3354"}],"wp:attachment":[{"href":"https:\/\/www.bfv.cloud\/ajedrezeuropa\/wp-json\/wp\/v2\/media?parent=3353"}],"wp:term":[{"taxonomy":"category","embeddable":true,"href":"https:\/\/www.bfv.cloud\/ajedrezeuropa\/wp-json\/wp\/v2\/categories?post=3353"},{"taxonomy":"post_tag","embeddable":true,"href":"https:\/\/www.bfv.cloud\/ajedrezeuropa\/wp-json\/wp\/v2\/tags?post=3353"}],"curies":[{"name":"wp","href":"https:\/\/api.w.org\/{rel}","templated":true}]}}