{"id":3359,"date":"2018-10-14T13:53:00","date_gmt":"2018-10-14T13:53:00","guid":{"rendered":"https:\/\/www.bfv.cloud\/ajedrezeuropa\/index.php\/2018\/10\/14\/alfredo-amador-andujar-subcampeon-escolar-en-cleveland-ee-uu\/"},"modified":"2025-11-20T11:00:06","modified_gmt":"2025-11-20T11:00:06","slug":"alfredo-amador-andujar-subcampeon-escolar-en-cleveland-ee-uu","status":"publish","type":"post","link":"https:\/\/www.bfv.cloud\/ajedrezeuropa\/alfredo-amador-andujar-subcampeon-escolar-en-cleveland-ee-uu\/","title":{"rendered":"ALFREDO AMADOR AND\u00daJAR, SUBCAMPE\u00d3N ESCOLAR EN CLEVELAND (EE.UU.)"},"content":{"rendered":"<table cellpadding=\"0\" cellspacing=\"0\" class=\"tr-caption-container\" style=\"float: left;text-align: left\">\n<tbody>\n<tr>\n<td style=\"text-align: center\"><a href=\"https:\/\/www.bfv.cloud\/ajedrezeuropa\/wp-content\/uploads\/2018\/10\/ALFREDOCONTROFEO.jpg\" style=\"clear: left;margin-bottom: 1em;margin-left: auto;margin-right: auto\"><img fetchpriority=\"high\" decoding=\"async\" border=\"0\" data-original-height=\"809\" data-original-width=\"690\" height=\"400\" src=\"https:\/\/blogger.googleusercontent.com\/img\/b\/R29vZ2xl\/AVvXsEjqgyhtlnNbhHN1wBCOcRPZyI2lgXxHZ5p1KXSmZmlBDHz_Zmr_xzk-047B3hGzoBg5n622b9va8Bxn4OtTZ7TM3zv-8IQOc2vng2wEQNnETqirF4aVlCzayeju_R9TPVzpc00AmrsgJSw\/s400\/ALFREDO+CON+TROFEO.jpg\" width=\"341\" \/><\/a><\/td>\n<\/tr>\n<tr>\n<td class=\"tr-caption\" style=\"text-align: center\">Alfredo recoge el trofeo que le acredita como 2\u00ba clasificado&nbsp;<\/td>\n<\/tr>\n<\/tbody>\n<\/table>\n<div>\n<b style=\", serif\"><span style=\"font-size: large\">Tenemos varias buenas noticias de nuestros jugadores y amigos. <\/span><\/b><b style=\", serif\"><span style=\"font-size: large\">Comenzamos con la que nos llega del lugar m\u00e1s lejano:<\/span><\/b><\/div>\n<div>\n<b style=\", serif\"><span style=\"font-size: large\">La ciudad norteamericana de Cleveland en el estado de Ohio (EE.UU.), celebr\u00f3 ayer su Campeonato Escolar de 2018. En Cleveland se encuentra cursando estudios este a\u00f1o Alfredo Amador And\u00fajar, alumno de la escuela de ajedrez de Villafranca de los Caballeros y jugador del equipo sub-18 de Nuestro Ajedrez en Europa. <\/span><\/p>\n<table cellpadding=\"0\" cellspacing=\"0\" class=\"tr-caption-container\" style=\"float: right;font-size: x-large;margin-left: 1em;text-align: right\">\n<tbody>\n<tr>\n<td style=\"text-align: center\"><a href=\"https:\/\/www.bfv.cloud\/ajedrezeuropa\/wp-content\/uploads\/2018\/10\/CARTELTORNEOCLEVELAND.png\" style=\"clear: right;margin-bottom: 1em;margin-left: auto;margin-right: auto\"><img decoding=\"async\" border=\"0\" data-original-height=\"990\" data-original-width=\"545\" height=\"400\" src=\"https:\/\/blogger.googleusercontent.com\/img\/b\/R29vZ2xl\/AVvXsEg8vSBmzO7Ty3ZUi2_4EP9oDpQyeZh_Tn5yuabmnMMvqyfdDXIzl6NZEwPyq-Vn35icvSVeVBbva9fZ0lDN8q2Aeq-IQbnc6vqupHu_6cN2ZUuub7wMv3acGMRQETII2-IrFKYFF68EJQg\/s400\/CARTEL+TORNEO+CLEVELAND.jpg\" width=\"216\" \/><\/a><\/td>\n<\/tr>\n<tr>\n<td class=\"tr-caption\" style=\"text-align: center\">Cartel del campeonato<\/td>\n<\/tr>\n<\/tbody>\n<\/table>\n<p><span style=\"font-size: large\"><br \/><\/span><\/b><\/div>\n<div>\n<b style=\", serif\"><span style=\"font-size: large\"><br \/><\/span><\/b><\/div>\n<div>\n<b style=\", serif\"><span style=\"font-size: large\"><br \/><\/span><\/b><\/div>\n<div>\n<b style=\", serif\"><span style=\"font-size: large\">En esta nueva etapa de su formaci\u00f3n, Alfredo, contin\u00faa trabajando su afici\u00f3n por el ajedrez y aprovecha las ocasiones que se le presentan para seguir practicando. El primer campeonato donde ha tenido oportunidad de participar ha sido el Escolar de esta ciudad de 400.000 habitantes, obteniendo una magn\u00edfica 2\u00aa posici\u00f3n.<\/span><\/b><\/div>\n<div>\n<span style=\"font-family: Georgia, Times New Roman, serif;font-size: large\"><b>\u00a1\u00a1Vaya desde aqu\u00ed nuestra felicitaci\u00f3n y mejores deseos para Alfredo!!<\/b><\/span><\/div>\n<table cellpadding=\"0\" cellspacing=\"0\" class=\"tr-caption-container\" style=\"float: left;margin-right: 1em;text-align: left\">\n<tbody>\n<tr>\n<td style=\"text-align: center\"><a href=\"https:\/\/www.bfv.cloud\/ajedrezeuropa\/wp-content\/uploads\/2018\/10\/ALFREDOCONGANADORES.jpg\" style=\"clear: left;margin-bottom: 1em;margin-left: auto;margin-right: auto\"><img decoding=\"async\" border=\"0\" data-original-height=\"1169\" data-original-width=\"837\" height=\"640\" src=\"https:\/\/blogger.googleusercontent.com\/img\/b\/R29vZ2xl\/AVvXsEi0js4ECtb6FWV0cWmVrnl4DRNlyatq6GF_OwIIe97UE2SKyOwlFe7v5jw_C21bh73Qg4Sexzw8vmsan6aIudiCMDkpL7CgLOf_7-nzHmZ9Ujg0sLAiq4kn_2RG_G3pL54f7zjujp69_iA\/s640\/ALFREDO+CON+GANADORES.jpg\" width=\"452\" \/><\/a><\/td>\n<\/tr>\n<tr>\n<td class=\"tr-caption\" style=\"text-align: center\">Los ganadores del torneo escolar<\/td>\n<\/tr>\n<\/tbody>\n<\/table>\n<div>\n<span style=\"font-family: Georgia, Times New Roman, serif;font-size: large\"><b><br \/><\/b><\/span><\/div>\n","protected":false},"excerpt":{"rendered":"<p>Alfredo recoge el trofeo que le acredita como 2\u00ba clasificado&nbsp; Tenemos varias buenas noticias de nuestros jugadores y amigos. Comenzamos con la que nos llega del lugar m\u00e1s lejano: La ciudad norteamericana de Cleveland en el estado de Ohio (EE.UU.), celebr\u00f3 ayer su Campeonato Escolar de 2018. En Cleveland se encuentra cursando estudios este a\u00f1o [&hellip;]<\/p>\n","protected":false},"author":1,"featured_media":3360,"comment_status":"open","ping_status":"closed","sticky":false,"template":"","format":"standard","meta":{"footnotes":""},"categories":[1],"tags":[],"class_list":["post-3359","post","type-post","status-publish","format-standard","has-post-thumbnail","hentry","category-noticias"],"_links":{"self":[{"href":"https:\/\/www.bfv.cloud\/ajedrezeuropa\/wp-json\/wp\/v2\/posts\/3359","targetHints":{"allow":["GET"]}}],"collection":[{"href":"https:\/\/www.bfv.cloud\/ajedrezeuropa\/wp-json\/wp\/v2\/posts"}],"about":[{"href":"https:\/\/www.bfv.cloud\/ajedrezeuropa\/wp-json\/wp\/v2\/types\/post"}],"author":[{"embeddable":true,"href":"https:\/\/www.bfv.cloud\/ajedrezeuropa\/wp-json\/wp\/v2\/users\/1"}],"replies":[{"embeddable":true,"href":"https:\/\/www.bfv.cloud\/ajedrezeuropa\/wp-json\/wp\/v2\/comments?post=3359"}],"version-history":[{"count":1,"href":"https:\/\/www.bfv.cloud\/ajedrezeuropa\/wp-json\/wp\/v2\/posts\/3359\/revisions"}],"predecessor-version":[{"id":3363,"href":"https:\/\/www.bfv.cloud\/ajedrezeuropa\/wp-json\/wp\/v2\/posts\/3359\/revisions\/3363"}],"wp:featuredmedia":[{"embeddable":true,"href":"https:\/\/www.bfv.cloud\/ajedrezeuropa\/wp-json\/wp\/v2\/media\/3360"}],"wp:attachment":[{"href":"https:\/\/www.bfv.cloud\/ajedrezeuropa\/wp-json\/wp\/v2\/media?parent=3359"}],"wp:term":[{"taxonomy":"category","embeddable":true,"href":"https:\/\/www.bfv.cloud\/ajedrezeuropa\/wp-json\/wp\/v2\/categories?post=3359"},{"taxonomy":"post_tag","embeddable":true,"href":"https:\/\/www.bfv.cloud\/ajedrezeuropa\/wp-json\/wp\/v2\/tags?post=3359"}],"curies":[{"name":"wp","href":"https:\/\/api.w.org\/{rel}","templated":true}]}}