{"id":3364,"date":"2010-12-29T18:45:00","date_gmt":"2010-12-29T18:45:00","guid":{"rendered":"https:\/\/www.bfv.cloud\/ajedrezeuropa\/index.php\/2010\/12\/29\/firma-del-convenio-entre-el-linex-magic-extremadura-y-nuestro-ajedrez-en-europa\/"},"modified":"2025-11-20T11:00:09","modified_gmt":"2025-11-20T11:00:09","slug":"firma-del-convenio-entre-el-linex-magic-extremadura-y-nuestro-ajedrez-en-europa","status":"publish","type":"post","link":"https:\/\/www.bfv.cloud\/ajedrezeuropa\/firma-del-convenio-entre-el-linex-magic-extremadura-y-nuestro-ajedrez-en-europa\/","title":{"rendered":"FIRMA DEL CONVENIO ENTRE EL LINEX-MAGIC EXTREMADURA Y NUESTRO AJEDREZ EN EUROPA"},"content":{"rendered":"<div class=\"separator\" style=\"clear: both;text-align: center\"><a href=\"https:\/\/www.bfv.cloud\/ajedrezeuropa\/wp-content\/uploads\/2010\/12\/100_0526.jpg\" style=\"clear: right;float: right;margin-bottom: 1em;margin-left: 1em\"><img fetchpriority=\"high\" decoding=\"async\" border=\"0\" height=\"300\" src=\"https:\/\/blogger.googleusercontent.com\/img\/b\/R29vZ2xl\/AVvXsEi4l5P3I72Pkr1FvwjBk2dHj-b47j7UC1M57QvK6h17KNEs8p_bS1fR_EznJd6rGRQhlyb8ravYCAihaw6sCg6KcLan15B_LE2-SOmTPhwkidh82ZNTQeOFoDfC_nwdFXZk_WYUSBwHcis\/s400\/100_0526.jpg\" width=\"400\" \/><\/a><\/div>\n<p><strong><em><span style=\"font-family: Arial\">De la forma prevista, el pasado lunes 27, se&nbsp;produjo el acto protocolario de la firma del convenio de colaboraci\u00f3n suscrito entre el club emeritense Linex-Magic Extremadura y&nbsp;Nuestro Ajedrez en Europa. En presencia de los representantes municipales de Alc\u00e1zar de San Juan y Villafranca de los Caballeros, Juan Antonio Montero, por&nbsp;los extreme\u00f1os, y F\u00e9lix Toribio, por los castellano-manchegos, plasmaron su acuerdo formalmente en una rueda de prensa con los medios de comunicaci\u00f3n locales y regionales. Durante el acto,&nbsp;los concejales de ambos ayuntamientos, Mat\u00edas L\u00f3pez de Alc\u00e1zar y Emiliano \u00c1vila de Villafranca, manifestaron su apoyo a la firma&nbsp;de este convenio y destacaron los nuevos proyectos que podr\u00e1n desarrollarse a partir de \u00e9l. Tanto Juan Antonio Montero como F\u00e9lix Toribio, coincidieron en indicar la importancia de este acuerdo de colaboraci\u00f3n que trasciende lo deportivo para adentrarse en el terreno de lo social, cuyo campo de actuaci\u00f3n est\u00e1 a\u00fan por desarrollarse adecuadamente por parte de las instituciones y el mundo del ajedrez en muchas regiones de Espa\u00f1a.<\/span><\/em><\/strong><\/p>\n<div class=\"separator\" style=\"clear: both;text-align: center\"><a href=\"https:\/\/www.bfv.cloud\/ajedrezeuropa\/wp-content\/uploads\/2010\/12\/100_0528.jpg\" style=\"height: 361px;margin-left: 1em;margin-right: 1em;width: 401px\"><img decoding=\"async\" border=\"0\" height=\"300\" src=\"https:\/\/blogger.googleusercontent.com\/img\/b\/R29vZ2xl\/AVvXsEjjKUGvh-pQwaOE2iYncDHXEjSAeO1vt6BgvRFjXkrN5404A9vnErSfqnzP0rByfQeEd-J-95kKlQugq-hM4Dl10Oj2JZ-vtRcdCSJPlskUSFBw5IC_gEuc8Uqpgz0M3apltjvD6cyR314\/s400\/100_0528.jpg\" width=\"400\" \/><\/a><\/div>\n","protected":false},"excerpt":{"rendered":"<p>De la forma prevista, el pasado lunes 27, se&nbsp;produjo el acto protocolario de la firma del convenio de colaboraci\u00f3n suscrito entre el club emeritense Linex-Magic Extremadura y&nbsp;Nuestro Ajedrez en Europa. En presencia de los representantes municipales de Alc\u00e1zar de San Juan y Villafranca de los Caballeros, Juan Antonio Montero, por&nbsp;los extreme\u00f1os, y F\u00e9lix Toribio, por [&hellip;]<\/p>\n","protected":false},"author":1,"featured_media":3365,"comment_status":"open","ping_status":"closed","sticky":false,"template":"","format":"standard","meta":{"footnotes":""},"categories":[1],"tags":[],"class_list":["post-3364","post","type-post","status-publish","format-standard","has-post-thumbnail","hentry","category-noticias"],"_links":{"self":[{"href":"https:\/\/www.bfv.cloud\/ajedrezeuropa\/wp-json\/wp\/v2\/posts\/3364","targetHints":{"allow":["GET"]}}],"collection":[{"href":"https:\/\/www.bfv.cloud\/ajedrezeuropa\/wp-json\/wp\/v2\/posts"}],"about":[{"href":"https:\/\/www.bfv.cloud\/ajedrezeuropa\/wp-json\/wp\/v2\/types\/post"}],"author":[{"embeddable":true,"href":"https:\/\/www.bfv.cloud\/ajedrezeuropa\/wp-json\/wp\/v2\/users\/1"}],"replies":[{"embeddable":true,"href":"https:\/\/www.bfv.cloud\/ajedrezeuropa\/wp-json\/wp\/v2\/comments?post=3364"}],"version-history":[{"count":1,"href":"https:\/\/www.bfv.cloud\/ajedrezeuropa\/wp-json\/wp\/v2\/posts\/3364\/revisions"}],"predecessor-version":[{"id":3367,"href":"https:\/\/www.bfv.cloud\/ajedrezeuropa\/wp-json\/wp\/v2\/posts\/3364\/revisions\/3367"}],"wp:featuredmedia":[{"embeddable":true,"href":"https:\/\/www.bfv.cloud\/ajedrezeuropa\/wp-json\/wp\/v2\/media\/3365"}],"wp:attachment":[{"href":"https:\/\/www.bfv.cloud\/ajedrezeuropa\/wp-json\/wp\/v2\/media?parent=3364"}],"wp:term":[{"taxonomy":"category","embeddable":true,"href":"https:\/\/www.bfv.cloud\/ajedrezeuropa\/wp-json\/wp\/v2\/categories?post=3364"},{"taxonomy":"post_tag","embeddable":true,"href":"https:\/\/www.bfv.cloud\/ajedrezeuropa\/wp-json\/wp\/v2\/tags?post=3364"}],"curies":[{"name":"wp","href":"https:\/\/api.w.org\/{rel}","templated":true}]}}