{"id":3368,"date":"2015-02-09T23:58:00","date_gmt":"2015-02-09T23:58:00","guid":{"rendered":"https:\/\/www.bfv.cloud\/ajedrezeuropa\/index.php\/2015\/02\/09\/la-escuela-de-villafranca-en-las-primeras-posiciones-de-los-campeonatos-de-ajedrez-de-toledo\/"},"modified":"2025-11-20T11:00:13","modified_gmt":"2025-11-20T11:00:13","slug":"la-escuela-de-villafranca-en-las-primeras-posiciones-de-los-campeonatos-de-ajedrez-de-toledo","status":"publish","type":"post","link":"https:\/\/www.bfv.cloud\/ajedrezeuropa\/la-escuela-de-villafranca-en-las-primeras-posiciones-de-los-campeonatos-de-ajedrez-de-toledo\/","title":{"rendered":"LA ESCUELA DE VILLAFRANCA EN LAS PRIMERAS POSICIONES DE LOS CAMPEONATOS DE AJEDREZ DE TOLEDO"},"content":{"rendered":"<table cellpadding=\"0\" cellspacing=\"0\" class=\"tr-caption-container\" style=\"float: right;margin-left: 1em;text-align: right\">\n<tbody>\n<tr>\n<td style=\"text-align: center\"><a href=\"https:\/\/www.bfv.cloud\/ajedrezeuropa\/wp-content\/uploads\/2015\/02\/SAM_1431.jpg\" style=\"clear: right;margin-bottom: 1em;margin-left: auto;margin-right: auto\"><img fetchpriority=\"high\" decoding=\"async\" border=\"0\" src=\"https:\/\/www.bfv.cloud\/ajedrezeuropa\/wp-content\/uploads\/2015\/02\/SAM_1431.jpg\" height=\"300\" width=\"400\" \/><\/a><\/td>\n<\/tr>\n<tr>\n<td class=\"tr-caption\" style=\"text-align: center\">Jugando en las 10 primeras mesas del torneo tenemos a Alfredo, Iv\u00e1n, Alonso ,<br \/>\nMar\u00eda y Roberto.<\/td>\n<\/tr>\n<\/tbody>\n<\/table>\n<div style=\"margin: 0cm 0cm 0.0001pt;text-align: left\">\n<span style=\"font-family: Arial, sans-serif\">La<br \/>\n3\u00aa jornada de la fase provincial del Deporte en Edad Escolar de Toledo ha<br \/>\ncolocado a varios de los jugadores de la escuela de ajedrez de Villafranca de<br \/>\nlos Caballeros en posiciones destacadas en las distintas categor\u00edas. Comenzando<br \/>\npor la categor\u00eda Infantil, y faltando 2 rondas para concluir, hasta 4 chicos y<br \/>\nuna chica se encuentran en disposici\u00f3n de luchar por su pase a la fase<br \/>\nauton\u00f3mica. Recordemos que la celebraci\u00f3n del CRDEE en Toledo permite la<br \/>\nclasificaci\u00f3n de 4 chicos y 4 chicas en cada categor\u00eda.<\/span><\/div>\n<div class=\"separator\" style=\"clear: both;text-align: center\">\n<a href=\"https:\/\/www.bfv.cloud\/ajedrezeuropa\/wp-content\/uploads\/2015\/02\/SAM_1432.jpg\" style=\"clear: left;float: left;margin-bottom: 1em;margin-right: 1em\"><img decoding=\"async\" border=\"0\" src=\"https:\/\/www.bfv.cloud\/ajedrezeuropa\/wp-content\/uploads\/2015\/02\/SAM_1432.jpg\" height=\"300\" width=\"400\" \/><\/a><\/div>\n<div style=\"margin-bottom: .0001pt;margin: 0cm;text-align: justify\">\n<u><span style=\"color: #002060;font-size: 14.0pt\">Deporte en Edad Escolar \u2013 categor\u00eda Infantil<\/span><\/u><span style=\"color: #002060;font-size: 14.0pt\"><\/span><\/div>\n<div style=\"margin-bottom: .0001pt;margin: 0cm;text-align: justify\">\n<span style=\"font-family: Arial, sans-serif\">Las<br \/>\n6 rondas celebradas han situado a Roberto L\u00f3pez en la 2\u00aa plaza con 5,5 puntos,<br \/>\na su hermano Alonso en 6\u00aa posici\u00f3n con 5 puntos, y ya con 4 puntos a Alfredo<br \/>\nAmador (10\u00ba), Iv\u00e1n Valencia (13\u00ba) y Daniel Salas (16\u00ba). Todos ellos se jugar\u00e1n<br \/>\nsus posibilidades de situarse entre los mejores de la competici\u00f3n en la \u00faltima<br \/>\njornada. Tambi\u00e9n con 4 puntos, Mar\u00eda Oliver, alcanza la 3\u00aa plaza femenina y se<br \/>\nacerca a su objetivo de lograr la clasificaci\u00f3n para la final<br \/>\ncastellano-manchega.<\/span><\/div>\n<div style=\"margin-bottom: .0001pt;margin: 0cm;text-align: justify\">\n<span style=\"font-family: Arial, sans-serif\">El<br \/>\nresto de alumnos y alumnas de la escuela villafranquera quedan situados as\u00ed:<\/span><\/div>\n<div style=\"margin-bottom: .0001pt;margin: 0cm;text-align: justify\">\n<span style=\"font-family: Arial, sans-serif\">Con<br \/>\n3,5 puntos: Juan Francisco Mar\u00edn (26\u00ba), Gabriel Amador (27\u00ba) y Ra\u00fal Valverde<br \/>\n(32\u00ba)<\/span><\/div>\n<div style=\"margin-bottom: .0001pt;margin: 0cm;text-align: justify\">\n<span style=\"font-family: Arial, sans-serif\">Con<br \/>\n3 puntos: \u00c1lvaro Alberca (49\u00ba)<\/span><\/div>\n<div style=\"margin-bottom: .0001pt;margin: 0cm;text-align: justify\">\n<span style=\"font-family: Arial, sans-serif\">Con<br \/>\n2,5 puntos: Julia Meza (7\u00aa femenina)<\/span><\/div>\n<div style=\"margin-bottom: .0001pt;margin: 0cm;text-align: justify\">\n<span style=\"font-family: Arial, sans-serif\">Con<br \/>\n2 puntos: &nbsp;\u00d3scar Roncero (59\u00ba)<\/span><\/div>\n<div style=\"margin-bottom: .0001pt;margin: 0cm;text-align: justify\">\n<span style=\"font-family: Arial, sans-serif\">Con<br \/>\n1,5 puntos: Luis Rodr\u00edguez (76\u00ba)<\/span><\/div>\n<div class=\"MsoNormal\" style=\"text-align: justify\">\n<span style=\"font-family: Arial, sans-serif\">Al finalizar la jornada se<br \/>\ndar\u00e1n a conocer los resultados por categor\u00edas de edad de todos aquellos<br \/>\njugadores que se hayan federado. En esta segunda clasificaci\u00f3n, derivada del<br \/>\nresultado del Escolar, varios de todos estos jugadores tienen opciones para proclamarse campeones provinciales. <\/span><\/div>\n<div class=\"MsoNormal\" style=\"text-align: justify\">\n<\/div>\n<div class=\"MsoNormal\" style=\"text-align: justify\">\n<u><span style=\"color: #002060;font-size: 14pt\"><span style=\"font-family: Arial, Helvetica, sans-serif\">Deporte<br \/>\nen Edad Escolar \u2013 categor\u00eda Cadete<\/span><\/span><\/u><\/div>\n<div class=\"MsoBodyText2\">\n<span style=\"font-family: Arial, Helvetica, sans-serif\">A falta \u00fanicamente de la 5\u00aa ronda, Irene Sim\u00f3n, ya es<br \/>\ncampeona provincial Cadete y sub-16 con 3,5 puntos. La otra jugadora de la<br \/>\nescuela de Villafranca, Alba P\u00edriz, tambi\u00e9n se sit\u00faa entre las 3 mejores de la<br \/>\ncategor\u00eda.<\/span><\/div>\n<div class=\"MsoBodyText\" style=\"text-align: justify\">\n<\/div>\n<div class=\"MsoBodyText\" style=\"text-align: justify\">\n<u><span style=\"color: #002060;font-size: 14.0pt\"><span style=\"font-family: Arial, Helvetica, sans-serif\">Campeonato Provincial Juvenil Sub-18<\/span><\/span><\/u><\/div>\n<div class=\"MsoBodyText\" style=\"text-align: justify\">\n<span style=\"font-size: 12.0pt\"><span style=\"font-family: Arial, Helvetica, sans-serif\">La categor\u00eda juvenil tambi\u00e9n est\u00e1 a falta de una<br \/>\nsola ronda, con Isaac Lozano en la 5\u00aa posici\u00f3n con 2 puntos; la misma<br \/>\npuntuaci\u00f3n que Silvia Toribio en la 2\u00aa plaza femenina. La 5\u00aa ronda decidir\u00e1 la<br \/>\ncampeona sub-18 en el enfrentamiento que medir\u00e1 a Laura Alonso con Silvia<br \/>\nToribio.<\/span><\/span><span style=\"font-family: Arial, Helvetica, sans-serif;font-size: 12pt\">&nbsp;<\/span><\/div>\n<p><\/p>\n<div class=\"MsoBodyText\" style=\"text-align: justify\">\n<span style=\"font-size: 12.0pt\"><span style=\"font-family: Arial, Helvetica, sans-serif\">Este fin de semana vuelve a ser de descanso en la<br \/>\ncompetici\u00f3n toledana, retomando el juego en la jornada de clausura del s\u00e1bado<br \/>\n21 de febrero. Todos los emparejamientos y clasificaciones provisionales al<br \/>\ncompleto se pueden consultar en los siguientes enlaces de Chess-Results:<\/span><\/span><\/p>\n<div style=\"text-align: center\">\n<span style=\"font-size: 12.0pt\"><span style=\"font-family: Arial, Helvetica, sans-serif\"><a href=\"http:\/\/chess-results.com\/tnr158461.aspx?lan=2&amp;art=2&amp;rd=7&amp;wi=821\">EMPAREJAMIENTO RONDA 7 INFANTIL<\/a><\/span><\/span><\/div>\n<div style=\"text-align: center\">\n<span style=\"font-size: 12.0pt\"><br \/><\/span><\/div>\n<div style=\"text-align: center\">\n<span style=\"font-size: 12.0pt\"><b><span style=\"color: #990000\"><a href=\"http:\/\/chess-results.com\/tnr158462.aspx?lan=2&amp;art=2&amp;rd=5&amp;wi=82\">EMPAREJAMIENTO RONDA 5 CADETE<\/a><\/span><\/b><\/span><\/div>\n<div style=\"text-align: center\">\n<span style=\"font-size: 12.0pt\"><b><br \/><\/b><\/span><\/div>\n<div style=\"text-align: center\">\n<span style=\"font-size: 12.0pt\"><span style=\"color: #783f04\"><b><a href=\"http:\/\/chess-results.com\/tnr158542.aspx?lan=2&amp;art=2&amp;rd=5&amp;wi=821\">EMPAREJAMIENTO RONDA 5 SUB-18<\/a><\/b><\/span><\/span><\/div>\n<\/div>\n","protected":false},"excerpt":{"rendered":"<p>Jugando en las 10 primeras mesas del torneo tenemos a Alfredo, Iv\u00e1n, Alonso , Mar\u00eda y Roberto. La 3\u00aa jornada de la fase provincial del Deporte en Edad Escolar de Toledo ha colocado a varios de los jugadores de la escuela de ajedrez de Villafranca de los Caballeros en posiciones destacadas en las distintas categor\u00edas. [&hellip;]<\/p>\n","protected":false},"author":1,"featured_media":3369,"comment_status":"open","ping_status":"closed","sticky":false,"template":"","format":"standard","meta":{"footnotes":""},"categories":[1],"tags":[],"class_list":["post-3368","post","type-post","status-publish","format-standard","has-post-thumbnail","hentry","category-noticias"],"_links":{"self":[{"href":"https:\/\/www.bfv.cloud\/ajedrezeuropa\/wp-json\/wp\/v2\/posts\/3368","targetHints":{"allow":["GET"]}}],"collection":[{"href":"https:\/\/www.bfv.cloud\/ajedrezeuropa\/wp-json\/wp\/v2\/posts"}],"about":[{"href":"https:\/\/www.bfv.cloud\/ajedrezeuropa\/wp-json\/wp\/v2\/types\/post"}],"author":[{"embeddable":true,"href":"https:\/\/www.bfv.cloud\/ajedrezeuropa\/wp-json\/wp\/v2\/users\/1"}],"replies":[{"embeddable":true,"href":"https:\/\/www.bfv.cloud\/ajedrezeuropa\/wp-json\/wp\/v2\/comments?post=3368"}],"version-history":[{"count":1,"href":"https:\/\/www.bfv.cloud\/ajedrezeuropa\/wp-json\/wp\/v2\/posts\/3368\/revisions"}],"predecessor-version":[{"id":3371,"href":"https:\/\/www.bfv.cloud\/ajedrezeuropa\/wp-json\/wp\/v2\/posts\/3368\/revisions\/3371"}],"wp:featuredmedia":[{"embeddable":true,"href":"https:\/\/www.bfv.cloud\/ajedrezeuropa\/wp-json\/wp\/v2\/media\/3369"}],"wp:attachment":[{"href":"https:\/\/www.bfv.cloud\/ajedrezeuropa\/wp-json\/wp\/v2\/media?parent=3368"}],"wp:term":[{"taxonomy":"category","embeddable":true,"href":"https:\/\/www.bfv.cloud\/ajedrezeuropa\/wp-json\/wp\/v2\/categories?post=3368"},{"taxonomy":"post_tag","embeddable":true,"href":"https:\/\/www.bfv.cloud\/ajedrezeuropa\/wp-json\/wp\/v2\/tags?post=3368"}],"curies":[{"name":"wp","href":"https:\/\/api.w.org\/{rel}","templated":true}]}}