{"id":3372,"date":"2017-03-13T12:09:00","date_gmt":"2017-03-13T12:09:00","guid":{"rendered":"https:\/\/www.bfv.cloud\/ajedrezeuropa\/index.php\/2017\/03\/13\/calendario-de-competiciones-y-actividades-marzo-agosto-2017\/"},"modified":"2025-11-20T11:00:14","modified_gmt":"2025-11-20T11:00:14","slug":"calendario-de-competiciones-y-actividades-marzo-agosto-2017","status":"publish","type":"post","link":"https:\/\/www.bfv.cloud\/ajedrezeuropa\/calendario-de-competiciones-y-actividades-marzo-agosto-2017\/","title":{"rendered":"CALENDARIO DE COMPETICIONES Y ACTIVIDADES MARZO\/AGOSTO 2017"},"content":{"rendered":"<div class=\"separator\" style=\"clear: both;text-align: center\">\n<a href=\"https:\/\/www.bfv.cloud\/ajedrezeuropa\/wp-content\/uploads\/2017\/03\/CALENDARIO2017MARZO252CABRIL252CMAYO252CJUNIO252CJULIOYAGOSTO2528Najeuropa2529.jpg\" style=\"clear: left;float: left;margin-bottom: 1em;margin-right: 1em\"><img fetchpriority=\"high\" decoding=\"async\" border=\"0\" height=\"640\" src=\"https:\/\/blogger.googleusercontent.com\/img\/b\/R29vZ2xl\/AVvXsEjSojoG6WD2ZAdlW1RChwRoTa5rqs3Q7-xw1gZlSQkJv2uq-nn-qfhcp83Wce_5xH0_aNmGUJkQXWKI4ZyjdSz2tgP8lbbZFY-n2A4ZeniyAvXHwCs-1IFfJl3Vw70wtOgue-URcZPYZ5Y\/s640\/CALENDARIO+2017+MARZO%252CABRIL%252C+MAYO%252C+JUNIO%252C+JULIO+Y+AGOSTO+%2528N+aj+europa%2529.jpg\" width=\"450\" \/><\/a><\/div>\n<p><span style=\"font-family: Arial, Helvetica, sans-serif;font-size: large\">Al objeto de hacer posible una previsi\u00f3n adecuada para todas las familias que particip\u00e1is en las actividades y competiciones a trav\u00e9s de nuestras escuelas y clubes, publicamos el calendario para los meses de marzo, abril, mayo, junio, julio y agosto de 2017.<\/span><br \/>\n<span style=\"font-family: Arial, Helvetica, sans-serif;font-size: large\">Uno de los cambios principales a tener en cuenta est\u00e1 en las fechas de celebraci\u00f3n del campus de verano. La 10\u00aa edici\u00f3n de nuestro campus tendr\u00e1 lugar del 31 de julio al 5 de agosto, retrasando en una semana las fechas que ven\u00edan siendo habituales debido al encaje con el calendario oficial de la FEDA. En concreto con los campeonatos de Espa\u00f1a por edades que, en 2017, pasan a celebrarse una semana m\u00e1s tarde en cada categor\u00eda.&nbsp;<\/span><br \/>\n<span style=\"color: blue;font-family: Arial, Helvetica, sans-serif;font-size: large\"><b>En este d\u00e9cimo aniversario de la creaci\u00f3n del proyecto NUESTRO AJEDREZ EN EUROPA, queremos contar con el mayor n\u00famero de alumn@s de las escuelas de Alc\u00e1zar y Villafranca en todas aquellas actividades que tengan una vinculaci\u00f3n directa con el proyecto.&nbsp;<\/b><\/span><\/p>\n","protected":false},"excerpt":{"rendered":"<p>Al objeto de hacer posible una previsi\u00f3n adecuada para todas las familias que particip\u00e1is en las actividades y competiciones a trav\u00e9s de nuestras escuelas y clubes, publicamos el calendario para los meses de marzo, abril, mayo, junio, julio y agosto de 2017. Uno de los cambios principales a tener en cuenta est\u00e1 en las fechas [&hellip;]<\/p>\n","protected":false},"author":1,"featured_media":3373,"comment_status":"open","ping_status":"closed","sticky":false,"template":"","format":"standard","meta":{"footnotes":""},"categories":[1],"tags":[],"class_list":["post-3372","post","type-post","status-publish","format-standard","has-post-thumbnail","hentry","category-noticias"],"_links":{"self":[{"href":"https:\/\/www.bfv.cloud\/ajedrezeuropa\/wp-json\/wp\/v2\/posts\/3372","targetHints":{"allow":["GET"]}}],"collection":[{"href":"https:\/\/www.bfv.cloud\/ajedrezeuropa\/wp-json\/wp\/v2\/posts"}],"about":[{"href":"https:\/\/www.bfv.cloud\/ajedrezeuropa\/wp-json\/wp\/v2\/types\/post"}],"author":[{"embeddable":true,"href":"https:\/\/www.bfv.cloud\/ajedrezeuropa\/wp-json\/wp\/v2\/users\/1"}],"replies":[{"embeddable":true,"href":"https:\/\/www.bfv.cloud\/ajedrezeuropa\/wp-json\/wp\/v2\/comments?post=3372"}],"version-history":[{"count":1,"href":"https:\/\/www.bfv.cloud\/ajedrezeuropa\/wp-json\/wp\/v2\/posts\/3372\/revisions"}],"predecessor-version":[{"id":3374,"href":"https:\/\/www.bfv.cloud\/ajedrezeuropa\/wp-json\/wp\/v2\/posts\/3372\/revisions\/3374"}],"wp:featuredmedia":[{"embeddable":true,"href":"https:\/\/www.bfv.cloud\/ajedrezeuropa\/wp-json\/wp\/v2\/media\/3373"}],"wp:attachment":[{"href":"https:\/\/www.bfv.cloud\/ajedrezeuropa\/wp-json\/wp\/v2\/media?parent=3372"}],"wp:term":[{"taxonomy":"category","embeddable":true,"href":"https:\/\/www.bfv.cloud\/ajedrezeuropa\/wp-json\/wp\/v2\/categories?post=3372"},{"taxonomy":"post_tag","embeddable":true,"href":"https:\/\/www.bfv.cloud\/ajedrezeuropa\/wp-json\/wp\/v2\/tags?post=3372"}],"curies":[{"name":"wp","href":"https:\/\/api.w.org\/{rel}","templated":true}]}}