{"id":3375,"date":"2015-08-03T21:57:00","date_gmt":"2015-08-03T21:57:00","guid":{"rendered":"https:\/\/www.bfv.cloud\/ajedrezeuropa\/index.php\/2015\/08\/03\/clausura-del-campus-en-villafranca\/"},"modified":"2025-11-20T11:00:20","modified_gmt":"2025-11-20T11:00:20","slug":"clausura-del-campus-en-villafranca","status":"publish","type":"post","link":"https:\/\/www.bfv.cloud\/ajedrezeuropa\/clausura-del-campus-en-villafranca\/","title":{"rendered":"\u00a1\u00a1CLAUSURA DEL CAMPUS EN VILLAFRANCA!!"},"content":{"rendered":"<table cellpadding=\"0\" cellspacing=\"0\" class=\"tr-caption-container\" style=\"float: right;margin-left: 1em;text-align: right\">\n<tbody>\n<tr>\n<td style=\"text-align: center\"><a href=\"https:\/\/www.bfv.cloud\/ajedrezeuropa\/wp-content\/uploads\/2015\/08\/SAM_1967.jpg\" style=\"clear: right;margin-bottom: 1em;margin-left: auto;margin-right: auto\"><img fetchpriority=\"high\" decoding=\"async\" border=\"0\" height=\"190\" src=\"https:\/\/blogger.googleusercontent.com\/img\/b\/R29vZ2xl\/AVvXsEjsSm4Z_eVG_YiS7Zkm_7DzTWXW9bhhBU2ORLlRij01ur8rBjpS4RkXxP5HRLJnkVkSckDEA4n-R7fuHLdDxGC923q3WqZ-eW1EqZ8VPd_FO-9INCEqd6VJ3u3A7oAm6RjjytLr54wGsn4\/s400\/SAM_1967.JPG\" width=\"400\" \/><\/a><\/td>\n<\/tr>\n<tr>\n<td class=\"tr-caption\" style=\"text-align: center\">Mesa de la clausura con algunos responsables institucionales y otros<br \/>\nt\u00e9cnicos del campus de 2015<\/td>\n<\/tr>\n<\/tbody>\n<\/table>\n<p><\/p>\n<table cellpadding=\"0\" cellspacing=\"0\" class=\"tr-caption-container\" style=\"float: right;margin-left: 1em;text-align: right\">\n<tbody>\n<tr>\n<td style=\"text-align: center\"><a href=\"https:\/\/www.bfv.cloud\/ajedrezeuropa\/wp-content\/uploads\/2015\/08\/SAM_1964.jpg\" style=\"clear: right;margin-bottom: 1em;margin-left: auto;margin-right: auto\"><img decoding=\"async\" border=\"0\" height=\"300\" src=\"https:\/\/blogger.googleusercontent.com\/img\/b\/R29vZ2xl\/AVvXsEhynFZNlzSmN2coYWpL1b4MXGel6zWvEEkgFohLhnDBpwmHgotz880oKYDKz8pT69gaf4_d5eQasLalPj5hwR5Def01LFLvGPLmEeN9HAm4iuIM9IMm0MTyeMjBMPREJVlT6MCcSH7gOfs\/s400\/SAM_1964.JPG\" width=\"400\" \/><\/a><\/td>\n<\/tr>\n<tr>\n<td class=\"tr-caption\" style=\"text-align: center\">Herminio Herr\u00e1iz, F\u00e9lix Toribio, Juli\u00e1n Bola\u00f1os (alcalde de Villafranca),<br \/>\nJavier Ortega (concejal Deportes Alc\u00e1zar) y <br \/>\nEmilio Alberca&nbsp;(concejal Deportes Villafranca)<\/td>\n<\/tr>\n<\/tbody>\n<\/table>\n<p><span style=\"color: #660000;font-family: Verdana, sans-serif\"><b>Despu\u00e9s de 6 d\u00edas de formaci\u00f3n y entrenamiento ha llegado a su fin el campus de perfeccionamiento de verano. El gran nivel en la calidad del trabajo realizado por el equipo de maestros y entrenadores es una de las constantes de estos 8 a\u00f1os de vida del proyecto NUESTRO AJEDREZ EN EUROPA. Tambi\u00e9n merece la pena destacar la intensidad en el esfuerzo de los alumnos, al igual que la gran labor de los colaboradores en el resto de actividades, as\u00ed como las personas que se suman a la organizaci\u00f3n del campus. Todos ellos son necesarios en este magn\u00edfico equipo que a\u00f1o tras a\u00f1o nos acompa\u00f1an. \u00a1\u00a1GRACIAS POR REALIZAR ESTA LABOR!!<\/b><\/span><br \/>\n<span style=\"color: #660000;font-family: Verdana, sans-serif\"><b>El acto de clausura ha tenido lugar en el sal\u00f3n de actos de la Casa de la Cultura de Villafranca de los Caballeros, teniendo como principales protagonistas a los cerca de 30 ni\u00f1os y ni\u00f1as que han estado mejorando su t\u00e9cnica y visi\u00f3n ajedrec\u00edstica a lo largo de la semana. La presencia de los m\u00e1ximos responsables de las instituciones que respaldan el proyecto, los ayuntamientos de Alc\u00e1zar de San Juan y Villafranca de los Caballeros, con Juli\u00e1n Bola\u00f1os, alcalde de la localidad toledana, y Emilio Alberca, concejal de deportes, acompa\u00f1ados de Javier Ortega, presidente del IMD de Alc\u00e1zar, ha sido muy importante para el inicio de esta nueva etapa del proyecto. En sus intervenciones destacaron el apoyo a las actividades actuales y futuras que NUESTRO AJEDREZ EN EUROPA est\u00e9 dispuesto a desarrollar, mucho m\u00e1s cuando el proyecto va a adquirir una vertiente social muy s\u00f3lida y participativa.&nbsp;<\/b><\/span><br \/>\n<span style=\"color: #660000;font-family: Verdana, sans-serif\"><b>En las pr\u00f3ximas semanas se ir\u00e1n adelantando todas las actividades y torneos que tendr\u00e1n lugar en los meses siguientes, con importantes competiciones y nuevos programas en los que ya se est\u00e1 trabajando.<\/b><\/span><\/p>\n<table align=\"center\" cellpadding=\"0\" cellspacing=\"0\" class=\"tr-caption-container\" style=\"margin-left: auto;margin-right: auto;text-align: center\">\n<tbody>\n<tr>\n<td style=\"text-align: center\"><a href=\"https:\/\/www.bfv.cloud\/ajedrezeuropa\/wp-content\/uploads\/2015\/08\/SAM_1953.jpg\" style=\"margin-left: auto;margin-right: auto\"><img decoding=\"async\" border=\"0\" height=\"292\" src=\"https:\/\/blogger.googleusercontent.com\/img\/b\/R29vZ2xl\/AVvXsEjdUg-L5qCa4jU-6B8LIDZxYnCDvhRwOKuLlwEAST-SHqAJIYvr2MY8OHuZAfRAd6aXLLhYtx8eUIqUqssEw8TDzw9RLeO3z8KxBpuOzthIz7mZcuXHozdENRI6GO_CA9L6KPshqwup_O0\/s640\/SAM_1953.JPG\" width=\"640\" \/><\/a><\/td>\n<\/tr>\n<tr>\n<td class=\"tr-caption\" style=\"text-align: center\">El sal\u00f3n de actos estuvo lleno de alumnos y familiares<\/td>\n<\/tr>\n<\/tbody>\n<\/table>\n<p><\/p>\n<table align=\"center\" cellpadding=\"0\" cellspacing=\"0\" class=\"tr-caption-container\" style=\"margin-left: auto;margin-right: auto;text-align: center\">\n<tbody>\n<tr>\n<td style=\"text-align: center\"><a href=\"https:\/\/www.bfv.cloud\/ajedrezeuropa\/wp-content\/uploads\/2015\/08\/SAM_1943.jpg\" style=\"margin-left: auto;margin-right: auto\"><img loading=\"lazy\" decoding=\"async\" border=\"0\" height=\"296\" src=\"https:\/\/blogger.googleusercontent.com\/img\/b\/R29vZ2xl\/AVvXsEgnHjH2Qa2dTX5pQn9TW1H1V3R4rnGFWGgn6cgYC2X2WEe97cOnXHC92pwmJSbpNGjt6S0aepkcT3hETHmrb6M8LxtVSBIz0FbQjEf5ud-qC7H4HzCGCmvlEYS5E6dXe9STnnI4DK2UK9g\/s640\/SAM_1943.JPG\" width=\"640\" \/><\/a><\/td>\n<\/tr>\n<tr>\n<td class=\"tr-caption\" style=\"text-align: center\">Para todo buen trabajo es necesario un gran grupo humano y esp\u00edritu de colaboraci\u00f3n:<br \/>\nSantiago Talavera, Blanca Y\u00e9benes, Luismi Monreal, Antonio Albo, Ana Isabel Gonz\u00e1lez,<br \/>\nHerminio Herr\u00e1iz, F\u00e9lix Toribio y Elizbar Ubilava<\/td>\n<\/tr>\n<\/tbody>\n<\/table>\n<p><\/p>\n","protected":false},"excerpt":{"rendered":"<p>Mesa de la clausura con algunos responsables institucionales y otros t\u00e9cnicos del campus de 2015 Herminio Herr\u00e1iz, F\u00e9lix Toribio, Juli\u00e1n Bola\u00f1os (alcalde de Villafranca), Javier Ortega (concejal Deportes Alc\u00e1zar) y Emilio Alberca&nbsp;(concejal Deportes Villafranca) Despu\u00e9s de 6 d\u00edas de formaci\u00f3n y entrenamiento ha llegado a su fin el campus de perfeccionamiento de verano. El gran [&hellip;]<\/p>\n","protected":false},"author":1,"featured_media":3376,"comment_status":"open","ping_status":"closed","sticky":false,"template":"","format":"standard","meta":{"footnotes":""},"categories":[1],"tags":[],"class_list":["post-3375","post","type-post","status-publish","format-standard","has-post-thumbnail","hentry","category-noticias"],"_links":{"self":[{"href":"https:\/\/www.bfv.cloud\/ajedrezeuropa\/wp-json\/wp\/v2\/posts\/3375","targetHints":{"allow":["GET"]}}],"collection":[{"href":"https:\/\/www.bfv.cloud\/ajedrezeuropa\/wp-json\/wp\/v2\/posts"}],"about":[{"href":"https:\/\/www.bfv.cloud\/ajedrezeuropa\/wp-json\/wp\/v2\/types\/post"}],"author":[{"embeddable":true,"href":"https:\/\/www.bfv.cloud\/ajedrezeuropa\/wp-json\/wp\/v2\/users\/1"}],"replies":[{"embeddable":true,"href":"https:\/\/www.bfv.cloud\/ajedrezeuropa\/wp-json\/wp\/v2\/comments?post=3375"}],"version-history":[{"count":1,"href":"https:\/\/www.bfv.cloud\/ajedrezeuropa\/wp-json\/wp\/v2\/posts\/3375\/revisions"}],"predecessor-version":[{"id":3380,"href":"https:\/\/www.bfv.cloud\/ajedrezeuropa\/wp-json\/wp\/v2\/posts\/3375\/revisions\/3380"}],"wp:featuredmedia":[{"embeddable":true,"href":"https:\/\/www.bfv.cloud\/ajedrezeuropa\/wp-json\/wp\/v2\/media\/3376"}],"wp:attachment":[{"href":"https:\/\/www.bfv.cloud\/ajedrezeuropa\/wp-json\/wp\/v2\/media?parent=3375"}],"wp:term":[{"taxonomy":"category","embeddable":true,"href":"https:\/\/www.bfv.cloud\/ajedrezeuropa\/wp-json\/wp\/v2\/categories?post=3375"},{"taxonomy":"post_tag","embeddable":true,"href":"https:\/\/www.bfv.cloud\/ajedrezeuropa\/wp-json\/wp\/v2\/tags?post=3375"}],"curies":[{"name":"wp","href":"https:\/\/api.w.org\/{rel}","templated":true}]}}