{"id":3381,"date":"2017-09-01T17:54:00","date_gmt":"2017-09-01T17:54:00","guid":{"rendered":"https:\/\/www.bfv.cloud\/ajedrezeuropa\/index.php\/2017\/09\/01\/los-torneos-de-illescas-y-mora-para-el-fin-de-semana-del-9-y-10-de-septiembre\/"},"modified":"2025-11-20T11:00:26","modified_gmt":"2025-11-20T11:00:26","slug":"los-torneos-de-illescas-y-mora-para-el-fin-de-semana-del-9-y-10-de-septiembre","status":"publish","type":"post","link":"https:\/\/www.bfv.cloud\/ajedrezeuropa\/los-torneos-de-illescas-y-mora-para-el-fin-de-semana-del-9-y-10-de-septiembre\/","title":{"rendered":"LOS TORNEOS DE ILLESCAS Y MORA PARA EL FIN DE SEMANA DEL 9 Y 10 DE SEPTIEMBRE"},"content":{"rendered":"<div class=\"separator\" style=\"clear: both;text-align: center\">\n<a href=\"https:\/\/www.bfv.cloud\/ajedrezeuropa\/wp-content\/uploads\/2017\/09\/CARTELTORNEOILLESCAS2017.jpg\" style=\"clear: right;float: right;margin-bottom: 1em;margin-left: 1em\"><img fetchpriority=\"high\" decoding=\"async\" border=\"0\" data-original-height=\"1600\" data-original-width=\"1132\" height=\"640\" src=\"https:\/\/blogger.googleusercontent.com\/img\/b\/R29vZ2xl\/AVvXsEhY-W1KC2I7pKq-6SYaRqzT33pf92P9zodGpSOpYUmOiP4Bt5ePdkz6Q4ooQtuIUtvER6-VSFssWlO4hzb7faQopEcvn7lyTOH55-QipErOU7a6jCUQ5sJ8bMsEZHabAiI0hW1badqd_B8\/s640\/CARTEL+TORNEO+ILLESCAS+2017.jpg\" width=\"452\" \/><\/a><\/div>\n<p><span style=\"font-family: Georgia, Times New Roman, serif;font-size: large\"><b>El fin de semana del 9 y 10 de septiembre tenemos una cita con los torneos de ajedrez de las ciudades toledanas de Illescas y Mora.&nbsp;<\/b><\/span><br \/>\n<span style=\"font-family: Georgia, Times New Roman, serif;font-size: large\"><b>El 9 de septiembre por la tarde, el Espacio de Creaci\u00f3n Joven de Illescas recibir\u00e1 a los aficionad@s que quieran pasar unas horas jugando unas partidas. Los trofeos se repartir\u00e1n entre las categor\u00edas absoluta, sub-16, sub-12 y sub-10. En el cartel figura la informaci\u00f3n para realizar las inscripciones y en las bases se pueden consultar m\u00e1s detalles.<\/b><\/span><\/p>\n<div class=\"separator\" style=\"clear: both;text-align: center\">\n<a href=\"https:\/\/www.bfv.cloud\/ajedrezeuropa\/wp-content\/uploads\/2017\/09\/BASESIITORNEOFERIAILLESCAS2017.jpg\" style=\"margin-left: 1em;margin-right: 1em\"><img decoding=\"async\" border=\"0\" data-original-height=\"1600\" data-original-width=\"1132\" height=\"640\" src=\"https:\/\/blogger.googleusercontent.com\/img\/b\/R29vZ2xl\/AVvXsEhcCPKR9xaefYc8ZKr2abmDvrMRq8Q902L3k7LwewuOhe-vkUtxPsoN1Z3ko5risBDJlK5sjhOjFKRCEG-IJaOJHk1e4al3kmiAtLkSuHIvi7hEBVACNnCBD7Ixz-aHirf1HTcY5cldHtE\/s640\/BASES+II+TORNEO+FERIA+ILLESCAS+2017.jpg\" width=\"452\" \/><\/a><\/div>\n<div style=\"text-align: center\">\n<\/div>\n<div style=\"text-align: center\">\n<span style=\"color: #20124d;font-family: Georgia, Times New Roman, serif;font-size: large\"><b><u>TORNEO DE AJEDREZ DE MORA<\/u><\/b><\/span><\/div>\n<p><span style=\"font-family: Georgia, Times New Roman, serif;font-size: large\"><b><br \/><\/b><\/span><\/p>\n<div class=\"separator\" style=\"clear: both;text-align: center\">\n<a href=\"https:\/\/www.bfv.cloud\/ajedrezeuropa\/wp-content\/uploads\/2017\/09\/Cartelmora2017.jpg\" style=\"clear: left;float: left;margin-bottom: 1em;margin-right: 1em\"><img decoding=\"async\" border=\"0\" data-original-height=\"1600\" data-original-width=\"1140\" height=\"640\" src=\"https:\/\/blogger.googleusercontent.com\/img\/b\/R29vZ2xl\/AVvXsEiBRN-wCFZ3M6h9UokrgGeriJ7IDXdoKIl9jt8xSlW-dUlgHzQfK4XIVayx-ZHGOedBHjdmXqe_KjtnIN9WxNNvyWLCWZf1GHN-vpgj6JVTXYtMnJ4JXre0IZP75uzGrCrrIHhX88PVf30\/s640\/Cartel+mora+2017.jpg\" width=\"454\" \/><\/a><\/div>\n<p><span style=\"color: #20124d;font-family: Georgia, Times New Roman, serif;font-size: large\"><b>El domingo 10 de septiembre la casa de la cultura acoger\u00e1 el torneo de Mora. El ritmo de juego var\u00eda con respecto a ediciones anteriores, en esta ocasi\u00f3n se jugar\u00e1 a 10 minutos&nbsp;+ 5 segundos de incremento. Se comenzar\u00e1 a las 9,30 de la ma\u00f1ana y se disputar\u00e1n 7 rondas.&nbsp;<\/b><\/span><br \/>\n<span style=\"color: #20124d;font-family: Georgia, Times New Roman, serif;font-size: large\"><b>Las inscripciones pueden realizarse en los correos electr\u00f3nicos y en el tel\u00e9fono que se especifican en las siguientes bases del torneo.<\/b><\/span><\/p>\n<div class=\"separator\" style=\"clear: both;text-align: center\">\n<span style=\"color: #20124d;font-family: Georgia, Times New Roman, serif;font-size: large\"><b><a href=\"https:\/\/www.bfv.cloud\/ajedrezeuropa\/wp-content\/uploads\/2017\/09\/BASESDELIITORNEODEFERIADEMORA2017.jpg\" style=\"margin-left: 1em;margin-right: 1em\"><img loading=\"lazy\" decoding=\"async\" border=\"0\" data-original-height=\"1600\" data-original-width=\"1132\" height=\"640\" src=\"https:\/\/blogger.googleusercontent.com\/img\/b\/R29vZ2xl\/AVvXsEgeZOqNRzmAzsgajUP_rIaiGpJqzU6pblNkJapH7JcDY5H4uXGgKqDjZCw9WlHvjdOEVN7CkSMeIIoprdCQuPWqz3PKrQicRLA-0yEzvn2dXLlJXVobn-m5fe3XKBSEzP8tNNjP5xiLFIU\/s640\/BASES+DEL+II+TORNEO+DE+FERIA+DE+MORA+2017.jpg\" width=\"452\" \/><\/a><\/b><\/span><\/div>\n","protected":false},"excerpt":{"rendered":"<p>El fin de semana del 9 y 10 de septiembre tenemos una cita con los torneos de ajedrez de las ciudades toledanas de Illescas y Mora.&nbsp; El 9 de septiembre por la tarde, el Espacio de Creaci\u00f3n Joven de Illescas recibir\u00e1 a los aficionad@s que quieran pasar unas horas jugando unas partidas. Los trofeos se [&hellip;]<\/p>\n","protected":false},"author":1,"featured_media":3382,"comment_status":"open","ping_status":"closed","sticky":false,"template":"","format":"standard","meta":{"footnotes":""},"categories":[1],"tags":[],"class_list":["post-3381","post","type-post","status-publish","format-standard","has-post-thumbnail","hentry","category-noticias"],"_links":{"self":[{"href":"https:\/\/www.bfv.cloud\/ajedrezeuropa\/wp-json\/wp\/v2\/posts\/3381","targetHints":{"allow":["GET"]}}],"collection":[{"href":"https:\/\/www.bfv.cloud\/ajedrezeuropa\/wp-json\/wp\/v2\/posts"}],"about":[{"href":"https:\/\/www.bfv.cloud\/ajedrezeuropa\/wp-json\/wp\/v2\/types\/post"}],"author":[{"embeddable":true,"href":"https:\/\/www.bfv.cloud\/ajedrezeuropa\/wp-json\/wp\/v2\/users\/1"}],"replies":[{"embeddable":true,"href":"https:\/\/www.bfv.cloud\/ajedrezeuropa\/wp-json\/wp\/v2\/comments?post=3381"}],"version-history":[{"count":1,"href":"https:\/\/www.bfv.cloud\/ajedrezeuropa\/wp-json\/wp\/v2\/posts\/3381\/revisions"}],"predecessor-version":[{"id":3386,"href":"https:\/\/www.bfv.cloud\/ajedrezeuropa\/wp-json\/wp\/v2\/posts\/3381\/revisions\/3386"}],"wp:featuredmedia":[{"embeddable":true,"href":"https:\/\/www.bfv.cloud\/ajedrezeuropa\/wp-json\/wp\/v2\/media\/3382"}],"wp:attachment":[{"href":"https:\/\/www.bfv.cloud\/ajedrezeuropa\/wp-json\/wp\/v2\/media?parent=3381"}],"wp:term":[{"taxonomy":"category","embeddable":true,"href":"https:\/\/www.bfv.cloud\/ajedrezeuropa\/wp-json\/wp\/v2\/categories?post=3381"},{"taxonomy":"post_tag","embeddable":true,"href":"https:\/\/www.bfv.cloud\/ajedrezeuropa\/wp-json\/wp\/v2\/tags?post=3381"}],"curies":[{"name":"wp","href":"https:\/\/api.w.org\/{rel}","templated":true}]}}