{"id":3387,"date":"2020-10-20T08:05:00","date_gmt":"2020-10-20T08:05:00","guid":{"rendered":"https:\/\/www.bfv.cloud\/ajedrezeuropa\/index.php\/2020\/10\/20\/la-escuela-de-ajedrez-de-alcazar-comienza-la-temporada-2020-21-el-sabado-7-de-noviembre\/"},"modified":"2025-11-20T11:00:32","modified_gmt":"2025-11-20T11:00:32","slug":"la-escuela-de-ajedrez-de-alcazar-comienza-la-temporada-2020-21-el-sabado-7-de-noviembre","status":"publish","type":"post","link":"https:\/\/www.bfv.cloud\/ajedrezeuropa\/la-escuela-de-ajedrez-de-alcazar-comienza-la-temporada-2020-21-el-sabado-7-de-noviembre\/","title":{"rendered":"LA ESCUELA DE AJEDREZ DE ALC\u00c1ZAR COMIENZA LA TEMPORADA 2020\/21 EL S\u00c1BADO, 7 DE NOVIEMBRE"},"content":{"rendered":"<\/p>\n<div class=\"separator\" style=\"clear: both;text-align: left\"><span style=\"font-family: verdana;font-size: large\"><b><\/p>\n<div class=\"separator\" style=\"clear: both;text-align: center\"><a href=\"https:\/\/www.bfv.cloud\/ajedrezeuropa\/wp-content\/uploads\/2020\/10\/CARTELCLASESALCAZAR202021.jpg\" style=\"clear: left;float: left;margin-bottom: 1em;margin-right: 1em\"><img fetchpriority=\"high\" decoding=\"async\" border=\"0\" data-original-height=\"2048\" data-original-width=\"1447\" height=\"400\" src=\"https:\/\/blogger.googleusercontent.com\/img\/b\/R29vZ2xl\/AVvXsEhwZvZzOBs28D_gBPT9jU2sOWG5x7BgUGkPSPTJJgFjV8aoTqnSP5TSe_nxuVd7x_H1QK8D9tZc-hGgi4KJIWRQl73rBXZfrQqZV7bl2dDShxfDo65audKTAOjz_HRZ_ic5YUthcMdmAt8\/w281-h400\/CARTEL+CLASES+ALCAZAR+2020+21.jpg\" width=\"281\" \/><\/a><b>&nbsp; El d\u00eda 7 de noviembre, primer s\u00e1bado del pr\u00f3ximo mes, reiniciar\u00e1n su actividad las escuelas de ajedrez de Alc\u00e1zar de San Juan y Villafranca de los Caballeros. Los condicionantes de la pandemia no han hecho posible el comienzo de la temporada 2020\/21 hasta ahora. A continuaci\u00f3n, publicamos toda la informaci\u00f3n para las inscripciones a la escuela de ajedrez de Alc\u00e1zar y las normas sanitarias a seguir en el C.I.J. Covadonga.&nbsp;<\/b><\/div>\n<div class=\"separator\" style=\"clear: both;text-align: center\">\n<div class=\"separator\" style=\"clear: both;text-align: center\">\n<div class=\"separator\" style=\"clear: both;text-align: center\">\n<div class=\"separator\" style=\"clear: both;text-align: center\"><a href=\"https:\/\/www.bfv.cloud\/ajedrezeuropa\/wp-content\/uploads\/2020\/10\/FICHADEINSCRIPCIONESCUELAAJEDREZTEMP2020-21_001.jpg\" style=\"margin-left: 1em;margin-right: 1em\"><img decoding=\"async\" border=\"0\" data-original-height=\"2048\" data-original-width=\"1447\" height=\"640\" src=\"https:\/\/blogger.googleusercontent.com\/img\/b\/R29vZ2xl\/AVvXsEgEOiXegsy2KGXAqxYzmrRj1OXPQyj3FDrygLfhiiqW34VwBsSDjLY2YQX8lWjAocrHYRRCo2I1BbyYwn2va6f7N8tToZXQk5XbWdTf4FiPBKTt1Nsuh8jIQx-Ub09dFRVwkhiUm-OkRu8\/w450-h640\/FICHA+DE+INSCRIPCION+ESCUELA+AJEDREZ+TEMP+2020-21_001.jpg\" width=\"450\" \/><\/a><\/div>\n<p><a href=\"https:\/\/www.bfv.cloud\/ajedrezeuropa\/wp-content\/uploads\/2020\/10\/INFORMACIONESCUELADEAJEDREZALCAZARTEMP2020-2021_001.jpg\" style=\"margin-left: 1em;margin-right: 1em\"><img decoding=\"async\" border=\"0\" data-original-height=\"2048\" data-original-width=\"1447\" height=\"640\" src=\"https:\/\/blogger.googleusercontent.com\/img\/b\/R29vZ2xl\/AVvXsEhZVCSVxcdlC90qcoQgyw-FtcU971sCefoW0q5JqGReAzLVQY2XF0IDB7xVH4WdYRZqVKa0o6UH9ckjN1desio6-Q7YeMxpurZQIbNcM-zDjDGPKgyVmFPqK41g9pSpp3nEEReWudHXPz4\/w450-h640\/INFORMACION+ESCUELA+DE+AJEDREZ+ALCAZAR+TEMP+2020-2021_001.jpg\" width=\"450\" \/><\/a><\/div>\n<p><a href=\"https:\/\/www.bfv.cloud\/ajedrezeuropa\/wp-content\/uploads\/2020\/10\/INFORMACIONESCUELADEAJEDREZALCAZARTEMP2020-2021_002.jpg\" style=\"margin-left: 1em;margin-right: 1em\"><img loading=\"lazy\" decoding=\"async\" border=\"0\" data-original-height=\"2048\" data-original-width=\"1447\" height=\"640\" src=\"https:\/\/blogger.googleusercontent.com\/img\/b\/R29vZ2xl\/AVvXsEgjLqZnMu4fOVVQ14Do6LondnaW0KMSaDIZKxTs5KTABEMgx4iNOO6Ui-buQyk-7bpkodemmkf8E-cyS5e8Jux2ko-tYXpfGAGFENi1tT-JYaJ7YGkwjJPkz6T2Rm23VRWFUZSfXM5jh4g\/w450-h640\/INFORMACION+ESCUELA+DE+AJEDREZ+ALCAZAR+TEMP+2020-2021_002.jpg\" width=\"450\" \/><\/a><\/div>\n<p><b><br \/><\/b><\/div>\n<p><\/b><\/span><\/div><\/p>\n","protected":false},"excerpt":{"rendered":"<p>&nbsp; El d\u00eda 7 de noviembre, primer s\u00e1bado del pr\u00f3ximo mes, reiniciar\u00e1n su actividad las escuelas de ajedrez de Alc\u00e1zar de San Juan y Villafranca de los Caballeros. Los condicionantes de la pandemia no han hecho posible el comienzo de la temporada 2020\/21 hasta ahora. A continuaci\u00f3n, publicamos toda la informaci\u00f3n para las inscripciones a [&hellip;]<\/p>\n","protected":false},"author":1,"featured_media":3388,"comment_status":"open","ping_status":"closed","sticky":false,"template":"","format":"standard","meta":{"footnotes":""},"categories":[1],"tags":[],"class_list":["post-3387","post","type-post","status-publish","format-standard","has-post-thumbnail","hentry","category-noticias"],"_links":{"self":[{"href":"https:\/\/www.bfv.cloud\/ajedrezeuropa\/wp-json\/wp\/v2\/posts\/3387","targetHints":{"allow":["GET"]}}],"collection":[{"href":"https:\/\/www.bfv.cloud\/ajedrezeuropa\/wp-json\/wp\/v2\/posts"}],"about":[{"href":"https:\/\/www.bfv.cloud\/ajedrezeuropa\/wp-json\/wp\/v2\/types\/post"}],"author":[{"embeddable":true,"href":"https:\/\/www.bfv.cloud\/ajedrezeuropa\/wp-json\/wp\/v2\/users\/1"}],"replies":[{"embeddable":true,"href":"https:\/\/www.bfv.cloud\/ajedrezeuropa\/wp-json\/wp\/v2\/comments?post=3387"}],"version-history":[{"count":1,"href":"https:\/\/www.bfv.cloud\/ajedrezeuropa\/wp-json\/wp\/v2\/posts\/3387\/revisions"}],"predecessor-version":[{"id":3392,"href":"https:\/\/www.bfv.cloud\/ajedrezeuropa\/wp-json\/wp\/v2\/posts\/3387\/revisions\/3392"}],"wp:featuredmedia":[{"embeddable":true,"href":"https:\/\/www.bfv.cloud\/ajedrezeuropa\/wp-json\/wp\/v2\/media\/3388"}],"wp:attachment":[{"href":"https:\/\/www.bfv.cloud\/ajedrezeuropa\/wp-json\/wp\/v2\/media?parent=3387"}],"wp:term":[{"taxonomy":"category","embeddable":true,"href":"https:\/\/www.bfv.cloud\/ajedrezeuropa\/wp-json\/wp\/v2\/categories?post=3387"},{"taxonomy":"post_tag","embeddable":true,"href":"https:\/\/www.bfv.cloud\/ajedrezeuropa\/wp-json\/wp\/v2\/tags?post=3387"}],"curies":[{"name":"wp","href":"https:\/\/api.w.org\/{rel}","templated":true}]}}