{"id":3393,"date":"2016-01-06T22:48:00","date_gmt":"2016-01-06T22:48:00","guid":{"rendered":"https:\/\/www.bfv.cloud\/ajedrezeuropa\/index.php\/2016\/01\/06\/calendario-de-competiciones-para-el-primer-trimestre-de-2016\/"},"modified":"2025-11-20T11:00:34","modified_gmt":"2025-11-20T11:00:34","slug":"calendario-de-competiciones-para-el-primer-trimestre-de-2016","status":"publish","type":"post","link":"https:\/\/www.bfv.cloud\/ajedrezeuropa\/calendario-de-competiciones-para-el-primer-trimestre-de-2016\/","title":{"rendered":"CALENDARIO DE COMPETICIONES PARA EL PRIMER TRIMESTRE DE 2016"},"content":{"rendered":"<div class=\"separator\" style=\"clear: both;text-align: center\">\n<a href=\"https:\/\/www.bfv.cloud\/ajedrezeuropa\/wp-content\/uploads\/2016\/01\/Enero252CFebreroyMarzo.jpg\" style=\"margin-left: 1em;margin-right: 1em\"><img fetchpriority=\"high\" decoding=\"async\" border=\"0\" height=\"356\" src=\"https:\/\/blogger.googleusercontent.com\/img\/b\/R29vZ2xl\/AVvXsEj_AjE-wM7bc_oI4doGLkcXGEuZq_jaGb4gjzZV9QLnUfx-fPM80B5vp0bQ-Fg_e_eoVvJnKJFbzXOvFQXD0IKQioXUU2FQTGo23RzL6nZFLaK_q44YN68hHDua7L5A38qXQymnXEDz-Xs\/s640\/Enero%252C+Febrero+y+Marzo.jpg\" width=\"640\" \/><\/a><\/div>\n<p><span style=\"color: #660000;font-family: Georgia, Times New Roman, serif\"><b>Este s\u00e1bado 9 de enero se reanudan las clases en las escuelas de ajedrez de Alc\u00e1zar de San Juan y Villafranca de los Caballeros. Muy pronto, el domingo 17 de enero, se inicia la competici\u00f3n del Deporte en Edad Escolar en la provincia de Ciudad Real, con un calendario muy diferente al de a\u00f1os anteriores. En Toledo el CRDEE comenzar\u00e1 el s\u00e1bado 23 de enero y coincidir\u00e1 con la 2\u00aa jornada de Ciudad Real, al igual que ocurrir\u00e1 el s\u00e1bado 30 de enero.<\/b><\/span><br \/>\n<span style=\"color: #660000;font-family: Georgia, Times New Roman, serif\"><b>Ponemos a vuestra disposici\u00f3n el calendario de competiciones previsto para el primer trimestre de 2016. Informaremos de cualquier variaci\u00f3n que pueda producirse o de la asignaci\u00f3n de la sede del regional por edades.<\/b><\/span><\/p>\n","protected":false},"excerpt":{"rendered":"<p>Este s\u00e1bado 9 de enero se reanudan las clases en las escuelas de ajedrez de Alc\u00e1zar de San Juan y Villafranca de los Caballeros. Muy pronto, el domingo 17 de enero, se inicia la competici\u00f3n del Deporte en Edad Escolar en la provincia de Ciudad Real, con un calendario muy diferente al de a\u00f1os anteriores. [&hellip;]<\/p>\n","protected":false},"author":1,"featured_media":3394,"comment_status":"open","ping_status":"closed","sticky":false,"template":"","format":"standard","meta":{"footnotes":""},"categories":[1],"tags":[],"class_list":["post-3393","post","type-post","status-publish","format-standard","has-post-thumbnail","hentry","category-noticias"],"_links":{"self":[{"href":"https:\/\/www.bfv.cloud\/ajedrezeuropa\/wp-json\/wp\/v2\/posts\/3393","targetHints":{"allow":["GET"]}}],"collection":[{"href":"https:\/\/www.bfv.cloud\/ajedrezeuropa\/wp-json\/wp\/v2\/posts"}],"about":[{"href":"https:\/\/www.bfv.cloud\/ajedrezeuropa\/wp-json\/wp\/v2\/types\/post"}],"author":[{"embeddable":true,"href":"https:\/\/www.bfv.cloud\/ajedrezeuropa\/wp-json\/wp\/v2\/users\/1"}],"replies":[{"embeddable":true,"href":"https:\/\/www.bfv.cloud\/ajedrezeuropa\/wp-json\/wp\/v2\/comments?post=3393"}],"version-history":[{"count":1,"href":"https:\/\/www.bfv.cloud\/ajedrezeuropa\/wp-json\/wp\/v2\/posts\/3393\/revisions"}],"predecessor-version":[{"id":3395,"href":"https:\/\/www.bfv.cloud\/ajedrezeuropa\/wp-json\/wp\/v2\/posts\/3393\/revisions\/3395"}],"wp:featuredmedia":[{"embeddable":true,"href":"https:\/\/www.bfv.cloud\/ajedrezeuropa\/wp-json\/wp\/v2\/media\/3394"}],"wp:attachment":[{"href":"https:\/\/www.bfv.cloud\/ajedrezeuropa\/wp-json\/wp\/v2\/media?parent=3393"}],"wp:term":[{"taxonomy":"category","embeddable":true,"href":"https:\/\/www.bfv.cloud\/ajedrezeuropa\/wp-json\/wp\/v2\/categories?post=3393"},{"taxonomy":"post_tag","embeddable":true,"href":"https:\/\/www.bfv.cloud\/ajedrezeuropa\/wp-json\/wp\/v2\/tags?post=3393"}],"curies":[{"name":"wp","href":"https:\/\/api.w.org\/{rel}","templated":true}]}}