{"id":3396,"date":"2024-04-04T07:37:00","date_gmt":"2024-04-04T07:37:00","guid":{"rendered":"https:\/\/www.bfv.cloud\/ajedrezeuropa\/index.php\/2024\/04\/04\/iii-torneo-del-ajedrez-en-la-escuela-de-illescas\/"},"modified":"2025-11-20T11:00:37","modified_gmt":"2025-11-20T11:00:37","slug":"iii-torneo-del-ajedrez-en-la-escuela-de-illescas","status":"publish","type":"post","link":"https:\/\/www.bfv.cloud\/ajedrezeuropa\/iii-torneo-del-ajedrez-en-la-escuela-de-illescas\/","title":{"rendered":"III TORNEO DEL AJEDREZ EN LA ESCUELA DE ILLESCAS"},"content":{"rendered":"<p style=\"text-align: left\">\n<div class=\"separator\" style=\"clear: both;text-align: right\">\n<div class=\"separator\" style=\"clear: both;text-align: center\"><a href=\"https:\/\/www.bfv.cloud\/ajedrezeuropa\/wp-content\/uploads\/2024\/04\/CARTEL20III20TORNEO20AJEDREZ20EN20LA20ESCUELA.jpeg\" style=\"margin-left: 1em;margin-right: 1em\"><img fetchpriority=\"high\" decoding=\"async\" border=\"0\" data-original-height=\"1588\" data-original-width=\"1096\" height=\"640\" src=\"https:\/\/blogger.googleusercontent.com\/img\/b\/R29vZ2xl\/AVvXsEi6x3_ZzxAsG_m3twLHCUsR2l7TveKgdAGxCmXlHnTsg9_VhQp4mP8klHIoZKFyHyOOkflTFE9GVvLTm8UGeBNKE1eWmG-C_hF3BET6CRbhhz-foxGm3waoE80sLBaEoFeErHO4M9JKJmzwJCo4K0C7VDcLFXGTCIdiLOHWQWFVseNR2CegR7JT8n9ugjo\/w442-h640\/CARTEL%20III%20TORNEO%20AJEDREZ%20EN%20LA%20ESCUELA.jpeg\" width=\"442\" \/><\/a><span style=\"font-family: arial;font-size: xx-large\">&nbsp;<\/span><\/div>\n<div class=\"separator\" style=\"clear: both;text-align: center\"><span style=\"font-family: arial;font-size: xx-large\">El s\u00e1bado 20 de abril tendr\u00e1 lugar un nuevo \u00abTorneo del ajedrez en la escuela\u00bb de Illescas. El pabell\u00f3n del colegio Ilarcuris, acoger\u00e1 los dos torneos en los que se divide en las categor\u00edas absoluta y sub-16, por una lado, y en categor\u00edas sub-12 y sub8, por otro. El cartel contiene los c\u00f3digos QR de las bases y del formulario de inscripci\u00f3n en Google Forms.&nbsp;<\/span><span style=\"font-family: arial;font-size: xx-large;text-align: left\">Aqu\u00ed ten\u00e9is el&nbsp;<\/span><span style=\"font-size: xx-large;text-align: left\"><span style=\"font-family: arial\"><a href=\"https:\/\/forms.gle\/4LoCr6i1etGSvT24A\">ENLACE AL FORMULARIO<\/a><\/span><\/span><span style=\"font-family: arial;font-size: xx-large;text-align: left\">&nbsp;&nbsp;<\/span><\/div>\n<div class=\"separator\" style=\"clear: both;text-align: center\"><span style=\"font-family: arial;font-size: xx-large;text-align: left\">\u00a1\u00a1Os esperamos en Illescas!!<\/span><\/div>\n<\/div>\n<div style=\"text-align: right\"><span style=\"font-family: arial;font-size: x-large;text-align: left\"><\/p>\n<div class=\"separator\" style=\"clear: both;text-align: center\"><a href=\"https:\/\/www.bfv.cloud\/ajedrezeuropa\/wp-content\/uploads\/2024\/04\/BASES20III20TORNEO20AJEDREZ20EN20LA20ESCUELA202024-S12_001.jpg\" style=\"margin-left: 1em;margin-right: 1em\"><img decoding=\"async\" border=\"0\" data-original-height=\"842\" data-original-width=\"595\" height=\"640\" src=\"https:\/\/blogger.googleusercontent.com\/img\/b\/R29vZ2xl\/AVvXsEhZIY5gcqYaGCP12XmTo52s0SUiVPVe9HjhJBaV4BC_V2JwZUDgajZGmERdXfETccify4hmcsIj_xWrz_GLRdcC4Gv7HB1TpK9rcT2GojyoZnWiXGHPPaa5CuS3KY3jAPO8TO7xnungfHukU9i9Zx4rWEnYxY59xJHmrxmbFJN15M0mb_ILIiPXj15-uVQ\/w452-h640\/BASES%20III%20TORNEO%20AJEDREZ%20EN%20LA%20ESCUELA%202024-S12_001.jpg\" width=\"452\" \/><\/a><\/div>\n<p><\/p>\n<div class=\"separator\" style=\"clear: both;text-align: center\"><a href=\"https:\/\/www.bfv.cloud\/ajedrezeuropa\/wp-content\/uploads\/2024\/04\/BASES20III20TORNEO20AJEDREZ20EN20LA20ESCUELA202024-ABS_001.jpg\" style=\"margin-left: 1em;margin-right: 1em\"><img decoding=\"async\" border=\"0\" data-original-height=\"842\" data-original-width=\"595\" height=\"640\" src=\"https:\/\/blogger.googleusercontent.com\/img\/b\/R29vZ2xl\/AVvXsEirikEMT1M_wZS_SEVkmxVw0EouJqaJHut_YsLYiCOKJTQTfSbFslM2Dit8Y_oXOhVt4nMPBOG9aUfSGhjIfxKt0MHUUozdXDHFUmYCLYG0N3DmIOACfgPrn6buN5FEatxYcxauEKSstTDzJ2cJv5zz7nyw5tZLI-0XMrfJbldX_iKstSkdepk5NZya_3o\/w452-h640\/BASES%20III%20TORNEO%20AJEDREZ%20EN%20LA%20ESCUELA%202024-ABS_001.jpg\" width=\"452\" \/><\/a><\/div>\n<p><\/span><\/div><\/p>\n","protected":false},"excerpt":{"rendered":"<p>&nbsp; El s\u00e1bado 20 de abril tendr\u00e1 lugar un nuevo \u00abTorneo del ajedrez en la escuela\u00bb de Illescas. El pabell\u00f3n del colegio Ilarcuris, acoger\u00e1 los dos torneos en los que se divide en las categor\u00edas absoluta y sub-16, por una lado, y en categor\u00edas sub-12 y sub8, por otro. El cartel contiene los c\u00f3digos QR [&hellip;]<\/p>\n","protected":false},"author":1,"featured_media":3397,"comment_status":"open","ping_status":"closed","sticky":false,"template":"","format":"standard","meta":{"footnotes":""},"categories":[1],"tags":[],"class_list":["post-3396","post","type-post","status-publish","format-standard","has-post-thumbnail","hentry","category-noticias"],"_links":{"self":[{"href":"https:\/\/www.bfv.cloud\/ajedrezeuropa\/wp-json\/wp\/v2\/posts\/3396","targetHints":{"allow":["GET"]}}],"collection":[{"href":"https:\/\/www.bfv.cloud\/ajedrezeuropa\/wp-json\/wp\/v2\/posts"}],"about":[{"href":"https:\/\/www.bfv.cloud\/ajedrezeuropa\/wp-json\/wp\/v2\/types\/post"}],"author":[{"embeddable":true,"href":"https:\/\/www.bfv.cloud\/ajedrezeuropa\/wp-json\/wp\/v2\/users\/1"}],"replies":[{"embeddable":true,"href":"https:\/\/www.bfv.cloud\/ajedrezeuropa\/wp-json\/wp\/v2\/comments?post=3396"}],"version-history":[{"count":1,"href":"https:\/\/www.bfv.cloud\/ajedrezeuropa\/wp-json\/wp\/v2\/posts\/3396\/revisions"}],"predecessor-version":[{"id":3400,"href":"https:\/\/www.bfv.cloud\/ajedrezeuropa\/wp-json\/wp\/v2\/posts\/3396\/revisions\/3400"}],"wp:featuredmedia":[{"embeddable":true,"href":"https:\/\/www.bfv.cloud\/ajedrezeuropa\/wp-json\/wp\/v2\/media\/3397"}],"wp:attachment":[{"href":"https:\/\/www.bfv.cloud\/ajedrezeuropa\/wp-json\/wp\/v2\/media?parent=3396"}],"wp:term":[{"taxonomy":"category","embeddable":true,"href":"https:\/\/www.bfv.cloud\/ajedrezeuropa\/wp-json\/wp\/v2\/categories?post=3396"},{"taxonomy":"post_tag","embeddable":true,"href":"https:\/\/www.bfv.cloud\/ajedrezeuropa\/wp-json\/wp\/v2\/tags?post=3396"}],"curies":[{"name":"wp","href":"https:\/\/api.w.org\/{rel}","templated":true}]}}