{"id":3401,"date":"2010-03-30T10:03:00","date_gmt":"2010-03-30T10:03:00","guid":{"rendered":"https:\/\/www.bfv.cloud\/ajedrezeuropa\/index.php\/2010\/03\/30\/los-chicos-y-chicas-de-nuestro-ajedrez-en-europa-vuelven-a-mejorar-sus-resultados-en-el-regional-de-edades\/"},"modified":"2025-11-20T11:00:39","modified_gmt":"2025-11-20T11:00:39","slug":"los-chicos-y-chicas-de-nuestro-ajedrez-en-europa-vuelven-a-mejorar-sus-resultados-en-el-regional-de-edades","status":"publish","type":"post","link":"https:\/\/www.bfv.cloud\/ajedrezeuropa\/los-chicos-y-chicas-de-nuestro-ajedrez-en-europa-vuelven-a-mejorar-sus-resultados-en-el-regional-de-edades\/","title":{"rendered":"LOS CHICOS Y CHICAS DE \u00bb NUESTRO AJEDREZ EN EUROPA\u00bb VUELVEN A MEJORAR SUS RESULTADOS EN EL REGIONAL DE EDADES"},"content":{"rendered":"<div class=\"separator\" style=\"clear: both;text-align: center\"><a href=\"https:\/\/www.bfv.cloud\/ajedrezeuropa\/wp-content\/uploads\/2010\/03\/FOTODEGRUPOENCOLORREG2010.jpg\" style=\"margin-left: 1em;margin-right: 1em\"><img fetchpriority=\"high\" decoding=\"async\" border=\"0\" height=\"300\" src=\"https:\/\/blogger.googleusercontent.com\/img\/b\/R29vZ2xl\/AVvXsEgocGrhfpFzyqVrMSOZLs9NHw0YL9-yFmo7D8K_TJoTDjv0bVS6oGVJxtPzt5IBWm5YEi6USJ92hA1Fo9YkZo0pRz7_Eriimw-3KkdnLBMZqU7fyPH_G0K_xNCS9zdjBZ9ncDsj1V6Ijow\/s400\/FOTO+DE+GRUPO+EN+COLOR+REG+2010.jpg\" width=\"400\" \/><\/a><\/div>\n<p>\nHa concluido en Almansa (Albacete) el Campeonato Regional de Ajedrez por Edades, con la participaci\u00f3n total de 150 jugadores repartidos entre las 5 categor\u00edas oficiales. Por parte de nuestras escuelas de Alc\u00e1zar y Villafranca han asistido 12 chicos y 4 chicas, con representaci\u00f3n en todas las categorias excepto en sub-18. Los resultados que a continuaci\u00f3n se detallan, dan buena idea del magn\u00edfico nivel de juego que nuestros jugadores y jugadoras est\u00e1n&nbsp; alcanzado dentro de nuestra regi\u00f3n , superando una vez m\u00e1s anteriores logros deportivos. Adem\u00e1s, este a\u00f1o y de acuerdo con la planificaci\u00f3n del proyecto&nbsp;\u00abNuestro Ajedrez en Europa\u00bb, hemos puesto en marcha&nbsp; los entrenamientos especializados que han servido para acrecentar la convivencia y la colaboraci\u00f3n&nbsp;entre nuestros 16 participantes, a lo largo de los 4 intensos d\u00edas de competici\u00f3n .<br \/>\nEmpezando por los m\u00e1s peque\u00f1itos de la categor\u00eda sub-10 hay que rese\u00f1ar la satisfacci\u00f3n de contar en nuestro proyecto con varias jovenc\u00edsimas promesas, como nuestra nueva campeona de Castilla-La Mancha, Irene Sim\u00f3n Escalona, que con 4,5 puntos ya era vencedora&nbsp;dos rondas antes de la finalizaci\u00f3n del torneo; como Samuel Ortiz S\u00e1nchez, que con 6 puntos ha conseguido la 4\u00aa posici\u00f3n desarrollando un gran juego sobre el tablero, o como nuestra subcampeona regional sub-8, Mar\u00eda Oliver Ropero, de tan solo 7 a\u00f1os&nbsp;de edad.<br \/>\nEl sub-12 ha sido una de las categor\u00edas m\u00e1s igualadas y combatidas. En ella, hemos conseguido la 3\u00aa plaza femenina de la mano de Silvia Toribio Camu\u00f1as, superando a jugadoras con un ranking inicial muy superior como la albacete\u00f1a Rosana Villase\u00f1or o la ciudarreale\u00f1a Esther Ruiz de Le\u00f3n.<br \/>\nEn el sub-14 hemos&nbsp;estado representados por 4 chicos que paso a paso van&nbsp;alcanzando sus objetivos de puntuaci\u00f3n. Con 3 puntos, el 50% del total, &nbsp;han quedado:Cosimo Leonardo de Giorgi Benavent y Mario Rubio Alberca. Por su parte, Jes\u00fas Mar\u00eda Bricio Garc\u00eda de la Torre y Fernando Marcos-Alberca Lizcano, han superado sus respectivas clasificaciones anteriores.<br \/>\nSin embargo, ha sido&nbsp;el campeonato sub-16 el que mejor ha vuelto a expresar los principios ajedrec\u00edsticos de&nbsp;la t\u00e1ctica y la estrategia, incluso con la incertidumbre en el desenlace final. Nuestros 8 j\u00f3venes jugadores, 7 chicos y 1 chica, han mantenido una interesant\u00edsima lucha por los puestos de honor desde la primera&nbsp; a la sexta y \u00faltima ronda. Finalmente,se nos ha escapado la primera posici\u00f3n por 1 punto del primer&nbsp;desempate, dejando a Santiago Talavera Garc\u00eda con 5 puntos, 4 victorias y 2 tablas, como subcampe\u00f3n de Castilla-la Mancha. En la 4\u00aa plaza ha quedado Daniel Piriz Fern\u00e1ndez y en la&nbsp;10\u00aa Manuel-Lorenzo Marcos-Alberca Lizcano. A&nbsp;medio punto de este \u00faltimo, en el grupo de 3,5 , se encuentran Sergio Valencia de Loma y Jorge Sim\u00f3n Escalona, mientras que&nbsp;Daniel Salas Lloret con 3 puntos y An\u00edbal Pedraza&nbsp;Dorado con 2,5, quedaban en la parte media baja de la tabla clasificatoria. Blanca Y\u00e9benes Toribio, \u00fanica representante femenina de nuestras escuelas en el sub-16, se situaba la 4\u00aa igualada a puntos con la ganadora del bronce.<br \/>\nEn resumen, esta fase final del Campeonato de Castilla-La Mancha por Edades finalizado este lunes 29 de marzo, arroja para nuestro proyecto: un oro, dos platas, un bronce y 3 cuartas plazas. Por lo tanto, un balance envidiable dentro y fuera del tablero de juego.&nbsp;&nbsp;<\/p>\n","protected":false},"excerpt":{"rendered":"<p>Ha concluido en Almansa (Albacete) el Campeonato Regional de Ajedrez por Edades, con la participaci\u00f3n total de 150 jugadores repartidos entre las 5 categor\u00edas oficiales. Por parte de nuestras escuelas de Alc\u00e1zar y Villafranca han asistido 12 chicos y 4 chicas, con representaci\u00f3n en todas las categorias excepto en sub-18. Los resultados que a continuaci\u00f3n [&hellip;]<\/p>\n","protected":false},"author":1,"featured_media":3402,"comment_status":"open","ping_status":"closed","sticky":false,"template":"","format":"standard","meta":{"footnotes":""},"categories":[1],"tags":[],"class_list":["post-3401","post","type-post","status-publish","format-standard","has-post-thumbnail","hentry","category-noticias"],"_links":{"self":[{"href":"https:\/\/www.bfv.cloud\/ajedrezeuropa\/wp-json\/wp\/v2\/posts\/3401","targetHints":{"allow":["GET"]}}],"collection":[{"href":"https:\/\/www.bfv.cloud\/ajedrezeuropa\/wp-json\/wp\/v2\/posts"}],"about":[{"href":"https:\/\/www.bfv.cloud\/ajedrezeuropa\/wp-json\/wp\/v2\/types\/post"}],"author":[{"embeddable":true,"href":"https:\/\/www.bfv.cloud\/ajedrezeuropa\/wp-json\/wp\/v2\/users\/1"}],"replies":[{"embeddable":true,"href":"https:\/\/www.bfv.cloud\/ajedrezeuropa\/wp-json\/wp\/v2\/comments?post=3401"}],"version-history":[{"count":1,"href":"https:\/\/www.bfv.cloud\/ajedrezeuropa\/wp-json\/wp\/v2\/posts\/3401\/revisions"}],"predecessor-version":[{"id":3403,"href":"https:\/\/www.bfv.cloud\/ajedrezeuropa\/wp-json\/wp\/v2\/posts\/3401\/revisions\/3403"}],"wp:featuredmedia":[{"embeddable":true,"href":"https:\/\/www.bfv.cloud\/ajedrezeuropa\/wp-json\/wp\/v2\/media\/3402"}],"wp:attachment":[{"href":"https:\/\/www.bfv.cloud\/ajedrezeuropa\/wp-json\/wp\/v2\/media?parent=3401"}],"wp:term":[{"taxonomy":"category","embeddable":true,"href":"https:\/\/www.bfv.cloud\/ajedrezeuropa\/wp-json\/wp\/v2\/categories?post=3401"},{"taxonomy":"post_tag","embeddable":true,"href":"https:\/\/www.bfv.cloud\/ajedrezeuropa\/wp-json\/wp\/v2\/tags?post=3401"}],"curies":[{"name":"wp","href":"https:\/\/api.w.org\/{rel}","templated":true}]}}