{"id":3404,"date":"2018-05-17T18:09:00","date_gmt":"2018-05-17T18:09:00","guid":{"rendered":"https:\/\/www.bfv.cloud\/ajedrezeuropa\/index.php\/2018\/05\/17\/el-ajedrez-en-la-escuela-una-estrategia-educativa-culmina-su-segundo-curso-en-los-colegios-de-illescas\/"},"modified":"2025-11-20T11:00:46","modified_gmt":"2025-11-20T11:00:46","slug":"el-ajedrez-en-la-escuela-una-estrategia-educativa-culmina-su-segundo-curso-en-los-colegios-de-illescas","status":"publish","type":"post","link":"https:\/\/www.bfv.cloud\/ajedrezeuropa\/el-ajedrez-en-la-escuela-una-estrategia-educativa-culmina-su-segundo-curso-en-los-colegios-de-illescas\/","title":{"rendered":"\u00abEL AJEDREZ EN LA ESCUELA, UNA ESTRATEGIA EDUCATIVA\u00bb CULMINA SU SEGUNDO CURSO EN LOS COLEGIOS DE ILLESCAS"},"content":{"rendered":"<table align=\"center\" cellpadding=\"0\" cellspacing=\"0\" class=\"tr-caption-container\" style=\"margin-left: auto;margin-right: auto;text-align: center\">\n<tbody>\n<tr>\n<td style=\"text-align: center\"><a href=\"https:\/\/www.bfv.cloud\/ajedrezeuropa\/wp-content\/uploads\/2018\/05\/Lasautoridadesobservanlaacatividad.jpg\" style=\"margin-left: auto;margin-right: auto\"><img fetchpriority=\"high\" decoding=\"async\" border=\"0\" data-original-height=\"902\" data-original-width=\"1569\" height=\"368\" src=\"https:\/\/blogger.googleusercontent.com\/img\/b\/R29vZ2xl\/AVvXsEhqENZ9d3RMzBCQ8SGIRpQmBtDcwHchLsAXvrJBb3MwPpm_vP-vWNJAlfqf12zW_hldobvq_IU5CztqUar75-kSH4ZmWVPoqyOnVGeR5mbXJ1FwJxGTxDATHDa1vBWKMMoz8pYiCZzS0Bo\/s640\/Las+autoridades+observan+la+acatividad.jpg\" width=\"640\" \/><\/a><\/td>\n<\/tr>\n<tr>\n<td class=\"tr-caption\" style=\"text-align: center\">En el centro de la imagen, el alcalde de Illescas, Jos\u00e9 Manuel Tofi\u00f1o, acompa\u00f1ado del director provincial de educaci\u00f3n<br \/>de Toledo, Jos\u00e9 Manuel Almeida, de la jefa del servicio de deportes de Toledo, Noelia P\u00e9rez, de la concejala de<br \/>educaci\u00f3n y deportes de Illescas, Bel\u00e9n Beamud, y de la directora del Colegio n\u00ba 6, Elizabeth Trinidad<\/td>\n<\/tr>\n<\/tbody>\n<\/table>\n<p><\/p>\n<table cellpadding=\"0\" cellspacing=\"0\" class=\"tr-caption-container\" style=\"float: right;text-align: right\">\n<tbody>\n<tr>\n<td style=\"text-align: center\"><a href=\"https:\/\/www.bfv.cloud\/ajedrezeuropa\/wp-content\/uploads\/2018\/05\/Moviendosecomopiezas.jpg\" style=\"margin-left: auto;margin-right: auto\"><img decoding=\"async\" border=\"0\" data-original-height=\"1019\" data-original-width=\"1600\" height=\"253\" src=\"https:\/\/blogger.googleusercontent.com\/img\/b\/R29vZ2xl\/AVvXsEgFEYr4V9j8df9qVJU_GgYHDqgIyuQcxen1xgeawn3lT9Ej1uIb3_po3l1MiG-PENtg8ND6-1PL-3ge8AqkGkZJMVr9tQnPY44Y0sjOgnBBJTY1GPKLvuCspr9AaSxxHlm-udeBcQyYl2o\/s400\/Moviendose+como+piezas.JPG\" width=\"400\" \/><\/a><\/td>\n<\/tr>\n<tr>\n<td class=\"tr-caption\" style=\"text-align: center\">Mar\u00eda Luisa y Gonzalo ense\u00f1ando sobre el tablero gigante<\/td>\n<\/tr>\n<\/tbody>\n<\/table>\n<div class=\"MsoNormal\" style=\"text-align: justify\">\n<span style=\"font-size: 14.0pt;line-height: 107%\">El proyecto \u201cEL AJEDREZ EN LA ESCUELA, UNA ESTRATEGIA<br \/>\nEDUCATIVA\u201d ha finalizado su segundo curso de implantaci\u00f3n en los centros de<br \/>\nense\u00f1anza de Illescas (Toledo), con una jornada muy especial en el colegio n\u00ba<br \/>\n6. La actividad con la que ha culminado el curso ha tenido como \u00fanicos<br \/>\nprotagonistas a l@s alumn@s de 3 y 4 a\u00f1os. El objetivo principal ha sido el de<br \/>\npoder visualizar la riqueza que proporciona el ajedrez como herramienta<br \/>\neducativa, tambi\u00e9n a edades tempranas. En presencia de Jos\u00e9 Manuel Tofi\u00f1o (alcalde<br \/>\nde Illescas), Jos\u00e9 Manuel Almeida (director provincial de educaci\u00f3n de Toledo),<br \/>\nNoelia P\u00e9rez (jefa de deportes de Toledo) y Bel\u00e9n Beamud (concejala de<br \/>\neducaci\u00f3n y deportes), los ni\u00f1os y ni\u00f1as han disfrutado convirti\u00e9ndose en las<br \/>\npiezas sobre el tablero, Ya sea movi\u00e9ndose sobre el tablero gigante o bailando,<br \/>\npintando piezas o cantando, el juego les ha permitido seguir aprendiendo. <\/span><\/div>\n<div class=\"MsoNormal\" style=\"text-align: justify\">\n<\/div>\n<div class=\"MsoNormal\" style=\"text-align: justify\">\n<b><u><span style=\"font-size: 14.0pt;line-height: 107%\">EL PROYECTO<br \/>\nTRANSVERSAL M\u00c1S AMPLIO DE CASTILLA-LA MANCHA<\/p>\n<table cellpadding=\"0\" cellspacing=\"0\" class=\"tr-caption-container\" style=\"float: right;margin-left: 1em;text-align: right\">\n<tbody>\n<tr>\n<td style=\"text-align: center\"><a href=\"https:\/\/www.bfv.cloud\/ajedrezeuropa\/wp-content\/uploads\/2018\/05\/M25C225AALuisayGonzalosonelsabioyelrey.jpg\" style=\"clear: right;margin-bottom: 1em;margin-left: auto;margin-right: auto\"><img decoding=\"async\" border=\"0\" data-original-height=\"944\" data-original-width=\"1244\" height=\"302\" src=\"https:\/\/blogger.googleusercontent.com\/img\/b\/R29vZ2xl\/AVvXsEgpaHqyioGjzT6Zl5r-dVVPJbfVnSY3l3AaOl_KrQY9XKe7559n0Nn_DFOAwTkVSIAqz22YGvX55jvFCTWk_gpSlVycxtiebkiyhblOWkkF5eTJRhFIKl8W_-sy6VJ7nWqIn0Htv704c1w\/s400\/M%25C2%25AA+Luisa+y+Gonzalo+son+el+sabio+y+el+rey.jpg\" width=\"400\" \/><\/a><\/td>\n<\/tr>\n<tr>\n<td class=\"tr-caption\" style=\"text-align: center\">Mar\u00eda Luisa y Gonzalo son el sabio y <br \/>el rey del cuento del ajedrez<\/td>\n<\/tr>\n<\/tbody>\n<\/table>\n<p><\/span><\/u><\/b><span style=\"font-size: 14.0pt;line-height: 107%\"> <\/span><\/div>\n<div class=\"MsoNormal\" style=\"text-align: justify\">\n<span style=\"font-size: 14.0pt;line-height: 107%\">Enmarcado en el proyecto \u201cIllescas ciudad educadora\u201d esta<br \/>\nsegunda edici\u00f3n de \u201cEL AJEDREZ EN LA ESCUELA, UNA ESTRATEGIA EDUCATIVA\u201d se ha<br \/>\nextendido a todos los centros educativos, abarcando a todo el alumnado desde 1\u00ba<br \/>\na 4\u00ba de primaria, en lo que supone una inversi\u00f3n muy importante en la formaci\u00f3n<br \/>\nintegral de las ni\u00f1as y los ni\u00f1os de Illescas. <\/span><\/div>\n<div class=\"MsoNormal\" style=\"text-align: justify\">\n<span style=\"font-size: 14.0pt;line-height: 107%\">A lo largo del curso escolar 2017\/2018 se han impartido<br \/>\nclases, dentro del horario lectivo, en los colegios: ILARCURIS, MART\u00cdN CHICO,<br \/>\nCLARA CAMPOAMOR, LA CONSTITUCI\u00d3N Y EL GRECO, a raz\u00f3n de una sesi\u00f3n semanal. El<br \/>\nm\u00e9todo transversal que utiliza el proyecto ha permitido integrar el ajedrez en<br \/>\nlas clases de matem\u00e1ticas, lengua, ingl\u00e9s, educaci\u00f3n f\u00edsica, sociales, religi\u00f3n<br \/>\ny valores. Tambi\u00e9n se ha comenzado a implantar dentro de la m\u00fasica, con una<br \/>\nmetodolog\u00eda innovadora en la que han trabajado los profesores de la materia de<br \/>\ncada centro junto a los monitores del proyecto.<\/span><\/div>\n<table cellpadding=\"0\" cellspacing=\"0\" class=\"tr-caption-container\" style=\"float: left;margin-right: 1em;text-align: left\">\n<tbody>\n<tr>\n<td style=\"text-align: center\"><a href=\"https:\/\/www.bfv.cloud\/ajedrezeuropa\/wp-content\/uploads\/2018\/05\/Todosatentosalmovimiento.jpg\" style=\"clear: left;margin-bottom: 1em;margin-left: auto;margin-right: auto\"><img loading=\"lazy\" decoding=\"async\" border=\"0\" data-original-height=\"1200\" data-original-width=\"1600\" height=\"300\" src=\"https:\/\/blogger.googleusercontent.com\/img\/b\/R29vZ2xl\/AVvXsEjELenNu4kh_-Spvb8_BTLumEi2Vl7qEruWFg65qVD3dIaMs2CFAPmyR_OWRFGf5326GN0NuLYP-nHUlKQ9DP5JCpXUIfyrFMZomflD8BIThgjeEE0am2v3Oa6ZfjH42UoXE5wLkgebnf8\/s400\/Todos+atentos+al+movimiento.JPG\" width=\"400\" \/><\/a><\/td>\n<\/tr>\n<tr>\n<td class=\"tr-caption\" style=\"text-align: center\">L@s ni\u00f1@s son piezas que se mueven sobre el tablero<\/td>\n<\/tr>\n<\/tbody>\n<\/table>\n<div class=\"MsoNormal\" style=\"text-align: justify\">\n<span style=\"font-size: 14.0pt;line-height: 107%\"><br \/><\/span><\/div>\n<div class=\"MsoNormal\" style=\"text-align: justify\">\n<b><u><span style=\"font-size: 14.0pt;line-height: 107%\">M\u00c1S DE 1.500 ALUMN@S<br \/>\nBENEFICIADOS<\/span><\/u><\/b><\/div>\n<div class=\"MsoNormal\" style=\"text-align: justify\">\n<span style=\"font-size: 14.0pt;line-height: 107%\">La capacidad de llegar a todos y cada uno de los chicos y chicas<br \/>\nde los colegios de la poblaci\u00f3n es lo que hace \u00fanico este proyecto. En la<br \/>\nactualidad m\u00e1s de 1.500 escolares han participado dentro de sus aulas del<br \/>\najedrez educativo, con una gran aceptaci\u00f3n por su parte y tambi\u00e9n por parte de<br \/>\nsus&nbsp;<\/span><span style=\"font-size: 14pt\">familiares y profesores. Adem\u00e1s, en este curso 2017\/2018, el<br \/>\nprograma ha contado con la posibilidad de adquirir conocimientos m\u00e1s<br \/>\nespec\u00edficos a trav\u00e9s de las clases extraescolares donde han asistido m\u00e1s de 200<br \/>\nchic@s de 4 a 14 a\u00f1os de edad.<\/span><\/div>\n<div class=\"MsoNormal\" style=\"text-align: justify\">\n<span style=\"font-size: 14pt\"><br \/><\/span><\/div>\n<div class=\"MsoNormal\" style=\"text-align: justify\">\n<b><u><span style=\"font-size: 14.0pt;line-height: 107%\">EXTENSI\u00d3N DEL<br \/>\nPROYECTO EN EL CURSO 2018\/2019<\/span><\/u><\/b><\/div>\n<div class=\"MsoNormal\" style=\"text-align: justify\">\n<span style=\"font-size: 14.0pt;line-height: 107%\">Con el nuevo curso escolar, a partir del pr\u00f3ximo mes de<br \/>\noctubre, \u201cEL AJEDREZ EN LA ESCUELA\u201d se extender\u00e1 a los cursos de 5\u00ba y 6\u00ba de<br \/>\nprimaria. De esta manera todos los escolares de 1\u00ba a 6\u00ba de los colegios de<br \/>\nIllescas contar\u00e1n con el aprendizaje y la formaci\u00f3n que les facilita el proyecto.<br \/>\n<\/span><\/div>\n<div class=\"MsoNormal\" style=\"text-align: justify\">\n<span style=\"font-size: 14.0pt;line-height: 107%\">Desde el ayuntamiento de Illescas y desde \u201cNuestro Ajedrez en<br \/>\nEuropa\u201d queremos agradecer a alumn@s,<span>&nbsp;<br \/>\n<\/span>maestr@s, monitores y familias, el esfuerzo, apoyo e impulso que han<br \/>\nproporcionado a lo largo de estos meses. Sin su trabajo y colaboraci\u00f3n nada<br \/>\nser\u00eda posible. \u00a1\u00a1Muchas gracias!!<\/span><\/div>\n<div class=\"MsoNormal\" style=\"text-align: justify\">\n<span style=\"font-size: 14.0pt;line-height: 107%\"><br \/><\/span><\/div>\n<div class=\"separator\" style=\"clear: both;text-align: center\">\n<a href=\"https:\/\/www.bfv.cloud\/ajedrezeuropa\/wp-content\/uploads\/2018\/05\/CARTELDEFINITIVOCOLEGIOS20172018.jpeg\" style=\"margin-left: 1em;margin-right: 1em\"><img loading=\"lazy\" decoding=\"async\" border=\"0\" data-original-height=\"1600\" data-original-width=\"1234\" height=\"640\" src=\"https:\/\/blogger.googleusercontent.com\/img\/b\/R29vZ2xl\/AVvXsEiUhniul4AMmx2OXs2FXQwX-cFcRywp82XRTFPSNkjrfg5rcUwBdCQGy7SFndmJiz5Eyy6CEEzhj-ZSoQVwNg12xxC9FpoSy0VO6LzpASkpfQD6fLcvwSBJ2LG75p0liX6xtkViiObWoLM\/s640\/CARTEL+DEFINITIVO+COLEGIOS+2017+2018.jpeg\" width=\"490\" \/><\/a><\/div>\n<div class=\"MsoNormal\" style=\"text-align: justify\">\n<span style=\"font-size: 14.0pt;line-height: 107%\"><br \/><\/span><\/div>\n<p><\/p>\n","protected":false},"excerpt":{"rendered":"<p>En el centro de la imagen, el alcalde de Illescas, Jos\u00e9 Manuel Tofi\u00f1o, acompa\u00f1ado del director provincial de educaci\u00f3nde Toledo, Jos\u00e9 Manuel Almeida, de la jefa del servicio de deportes de Toledo, Noelia P\u00e9rez, de la concejala deeducaci\u00f3n y deportes de Illescas, Bel\u00e9n Beamud, y de la directora del Colegio n\u00ba 6, Elizabeth Trinidad Mar\u00eda [&hellip;]<\/p>\n","protected":false},"author":1,"featured_media":3405,"comment_status":"open","ping_status":"closed","sticky":false,"template":"","format":"standard","meta":{"footnotes":""},"categories":[1],"tags":[],"class_list":["post-3404","post","type-post","status-publish","format-standard","has-post-thumbnail","hentry","category-noticias"],"_links":{"self":[{"href":"https:\/\/www.bfv.cloud\/ajedrezeuropa\/wp-json\/wp\/v2\/posts\/3404","targetHints":{"allow":["GET"]}}],"collection":[{"href":"https:\/\/www.bfv.cloud\/ajedrezeuropa\/wp-json\/wp\/v2\/posts"}],"about":[{"href":"https:\/\/www.bfv.cloud\/ajedrezeuropa\/wp-json\/wp\/v2\/types\/post"}],"author":[{"embeddable":true,"href":"https:\/\/www.bfv.cloud\/ajedrezeuropa\/wp-json\/wp\/v2\/users\/1"}],"replies":[{"embeddable":true,"href":"https:\/\/www.bfv.cloud\/ajedrezeuropa\/wp-json\/wp\/v2\/comments?post=3404"}],"version-history":[{"count":1,"href":"https:\/\/www.bfv.cloud\/ajedrezeuropa\/wp-json\/wp\/v2\/posts\/3404\/revisions"}],"predecessor-version":[{"id":3410,"href":"https:\/\/www.bfv.cloud\/ajedrezeuropa\/wp-json\/wp\/v2\/posts\/3404\/revisions\/3410"}],"wp:featuredmedia":[{"embeddable":true,"href":"https:\/\/www.bfv.cloud\/ajedrezeuropa\/wp-json\/wp\/v2\/media\/3405"}],"wp:attachment":[{"href":"https:\/\/www.bfv.cloud\/ajedrezeuropa\/wp-json\/wp\/v2\/media?parent=3404"}],"wp:term":[{"taxonomy":"category","embeddable":true,"href":"https:\/\/www.bfv.cloud\/ajedrezeuropa\/wp-json\/wp\/v2\/categories?post=3404"},{"taxonomy":"post_tag","embeddable":true,"href":"https:\/\/www.bfv.cloud\/ajedrezeuropa\/wp-json\/wp\/v2\/tags?post=3404"}],"curies":[{"name":"wp","href":"https:\/\/api.w.org\/{rel}","templated":true}]}}