{"id":341,"date":"2013-09-07T17:00:00","date_gmt":"2013-09-07T17:00:00","guid":{"rendered":"https:\/\/www.bfv.cloud\/ajedrezeuropa\/index.php\/2013\/09\/07\/xvii-torneo-de-feria-abierto-de-villafranca\/"},"modified":"2025-11-20T10:16:24","modified_gmt":"2025-11-20T10:16:24","slug":"xvii-torneo-de-feria-abierto-de-villafranca","status":"publish","type":"post","link":"https:\/\/www.bfv.cloud\/ajedrezeuropa\/xvii-torneo-de-feria-abierto-de-villafranca\/","title":{"rendered":"XVII TORNEO DE FERIA \u00abABIERTO DE VILLAFRANCA\u00bb"},"content":{"rendered":"<div class=\"separator\" style=\"clear: both;text-align: center\">\n<a href=\"https:\/\/www.bfv.cloud\/ajedrezeuropa\/wp-content\/uploads\/2013\/09\/carteltorneodevillafranca2013.jpg\" style=\"clear: right;float: right;margin-bottom: 1em;margin-left: 1em\"><img fetchpriority=\"high\" decoding=\"async\" border=\"0\" src=\"https:\/\/www.bfv.cloud\/ajedrezeuropa\/wp-content\/uploads\/2013\/09\/carteltorneodevillafranca2013.jpg\" height=\"640\" width=\"451\" \/><\/a><\/div>\n<p><span style=\"color: purple;font-family: Georgia, Times New Roman, serif\">La 17\u00aa edici\u00f3n del \u00abAbierto de Villafranca\u00bb se celebrar\u00e1 el pr\u00f3ximo s\u00e1bado 14 de septiembre en jornada de tarde. De nuevo ser\u00e1 el sal\u00f3n de actos de la casa de la cultura el lugar que albergar\u00e1 este torneo de feria a partir de las 4 y media. Las inscripciones podr\u00e1n realizarse hasta 10 minutos antes del comienzo en la propia sala de juego o, previamente, en el correo electr\u00f3nico que aparece en el propio cartel. Habr\u00e1 un total de 12 trofeos, 4 por categor\u00eda: absoluta, sub-16 y sub-12, con premios femeninos espec\u00edficos en cada una de ellas.<\/span><br \/>\n<span style=\"color: purple;font-family: Georgia, Times New Roman, serif\">\u00a1\u00a1Os esperamos!!&nbsp;<\/span><\/p>\n","protected":false},"excerpt":{"rendered":"<p>La 17\u00aa edici\u00f3n del \u00abAbierto de Villafranca\u00bb se celebrar\u00e1 el pr\u00f3ximo s\u00e1bado 14 de septiembre en jornada de tarde. De nuevo ser\u00e1 el sal\u00f3n de actos de la casa de la cultura el lugar que albergar\u00e1 este torneo de feria a partir de las 4 y media. Las inscripciones podr\u00e1n realizarse hasta 10 minutos antes [&hellip;]<\/p>\n","protected":false},"author":1,"featured_media":342,"comment_status":"open","ping_status":"closed","sticky":false,"template":"","format":"standard","meta":{"footnotes":""},"categories":[1],"tags":[],"class_list":["post-341","post","type-post","status-publish","format-standard","has-post-thumbnail","hentry","category-noticias"],"_links":{"self":[{"href":"https:\/\/www.bfv.cloud\/ajedrezeuropa\/wp-json\/wp\/v2\/posts\/341","targetHints":{"allow":["GET"]}}],"collection":[{"href":"https:\/\/www.bfv.cloud\/ajedrezeuropa\/wp-json\/wp\/v2\/posts"}],"about":[{"href":"https:\/\/www.bfv.cloud\/ajedrezeuropa\/wp-json\/wp\/v2\/types\/post"}],"author":[{"embeddable":true,"href":"https:\/\/www.bfv.cloud\/ajedrezeuropa\/wp-json\/wp\/v2\/users\/1"}],"replies":[{"embeddable":true,"href":"https:\/\/www.bfv.cloud\/ajedrezeuropa\/wp-json\/wp\/v2\/comments?post=341"}],"version-history":[{"count":1,"href":"https:\/\/www.bfv.cloud\/ajedrezeuropa\/wp-json\/wp\/v2\/posts\/341\/revisions"}],"predecessor-version":[{"id":343,"href":"https:\/\/www.bfv.cloud\/ajedrezeuropa\/wp-json\/wp\/v2\/posts\/341\/revisions\/343"}],"wp:featuredmedia":[{"embeddable":true,"href":"https:\/\/www.bfv.cloud\/ajedrezeuropa\/wp-json\/wp\/v2\/media\/342"}],"wp:attachment":[{"href":"https:\/\/www.bfv.cloud\/ajedrezeuropa\/wp-json\/wp\/v2\/media?parent=341"}],"wp:term":[{"taxonomy":"category","embeddable":true,"href":"https:\/\/www.bfv.cloud\/ajedrezeuropa\/wp-json\/wp\/v2\/categories?post=341"},{"taxonomy":"post_tag","embeddable":true,"href":"https:\/\/www.bfv.cloud\/ajedrezeuropa\/wp-json\/wp\/v2\/tags?post=341"}],"curies":[{"name":"wp","href":"https:\/\/api.w.org\/{rel}","templated":true}]}}